{"id":3256,"date":"2019-05-20T12:06:44","date_gmt":"2019-05-20T12:06:44","guid":{"rendered":""},"modified":"2026-03-11T09:11:54","modified_gmt":"2026-03-11T14:11:54","slug":"caminando-en-la-fe-y-en-la-fraternidad-solidaria","status":"publish","type":"post","link":"https:\/\/ceas.org.pe\/index.php\/2019\/05\/20\/caminando-en-la-fe-y-en-la-fraternidad-solidaria\/","title":{"rendered":"CAMINANDO EN LA FE Y EN LA FRATERNIDAD SOLIDARIA"},"content":{"rendered":"<h1 style=\"margin-top:0cm;vertical-align:baseline\"><b><span style=\"font-family:\n\"Calibri\",sans-serif;mso-ascii-theme-font:minor-latin;mso-hansi-theme-font:\nminor-latin;mso-bidi-theme-font:minor-latin;color:#333333\">Mensaje oficial del CELAM al Pueblo de Dios<\/span><\/b><span style=\"font-family:\"Calibri\",sans-serif;\nmso-ascii-theme-font:minor-latin;mso-hansi-theme-font:minor-latin;mso-bidi-theme-font:\nminor-latin;color:#333333\"><o:p><\/o:p><\/span><\/h1>\n<p style=\"margin: 0cm 0cm 0.0001pt; background-image: initial; background-position: initial; background-size: initial; background-repeat: initial; background-attachment: initial; background-origin: initial; background-clip: initial; vertical-align: baseline;\"><em><span style=\"font-size:11.5pt;font-family:\"Calibri\",sans-serif;\nmso-ascii-theme-font:minor-latin;mso-hansi-theme-font:minor-latin;mso-bidi-theme-font:\nminor-latin;color:#444444;border:none windowtext 1.0pt;mso-border-alt:none windowtext 0cm;\npadding:0cm\">\u00a0<\/span><\/em><\/p>\n<p><span style=\"box-sizing: border-box;font-variant:inherit;font-stretch: inherit;\nline-height:inherit;font-style:inherit;font-weight:inherit;outline: 0px\"><\/p>\n<p class=\"MsoNormal\" style=\"margin: 0cm 0cm 0.0001pt 21.3pt; text-align: justify; text-indent: -21.25pt; line-height: normal; background-image: initial; background-position: initial; background-size: initial; background-repeat: initial; background-attachment: initial; background-origin: initial; background-clip: initial;\">1. \u00a0\u00a0\u00a0\u00a0 Abiertos a la acci\u00f3n del Esp\u00edritu Santo, hemos realizado la XXXVII Asamblea General Ordinaria del Consejo Episcopal Latinoamericano (CELAM), en Tegucigalpa, Honduras, del 13 al 18 de mayo de 2019. Conscientes de los enormes desaf\u00edos de nuestro tiempo, hemos evaluado nuestro trabajo evangelizador e intentado discernir los signos de los tiempos presentes en la realidad de Am\u00e9rica Latina y El Caribe. Y a la luz de este discernimiento hemos proyectado nuestro caminar como CELAM hacia el cuatrienio 2019-2023, con la intenci\u00f3n de involucrarnos m\u00e1s vivamente en nuestra misi\u00f3n de proclamar la Palabra de Dios y ofrecer a todos la oportunidad de ser alegres disc\u00edpulos misioneros de Jesucristo.<o:p><\/o:p><\/p>\n<p class=\"MsoNormal\" style=\"margin: 0cm 0cm 0.0001pt 21.3pt; text-align: justify; text-indent: -21.25pt; line-height: normal; background-image: initial; background-position: initial; background-size: initial; background-repeat: initial; background-attachment: initial; background-origin: initial; background-clip: initial;\"><o:p>\u00a0<\/o:p><\/p>\n<p class=\"MsoNormal\" style=\"margin: 0cm 0cm 0.0001pt 21.3pt; text-align: justify; text-indent: -21.25pt; line-height: normal; background-image: initial; background-position: initial; background-size: initial; background-repeat: initial; background-attachment: initial; background-origin: initial; background-clip: initial;\">2. \u00a0\u00a0\u00a0\u00a0 Reafirmamos nuestra comuni\u00f3n y adhesi\u00f3n filial al Papa Francisco, de modo especial en estos tiempos en que algunos grupos e intereses particulares rechazan su misi\u00f3n como Pastor universal de la Iglesia cat\u00f3lica. Nuestra adhesi\u00f3n al Papa se concretiza en responder con el anuncio del Evangelio a los nuevos desaf\u00edos que surgen en este cambio de \u00e9poca, buscando promover una sociedad m\u00e1s justa y solidaria, desde la opci\u00f3n preferencial por los pobres, como Iglesia en salida, que camina hacia el Reino definitivo. Siempre actuaremos adheridos con fidelidad a la persona del sucesor de Pedro.<o:p><\/o:p><\/p>\n<p class=\"MsoNormal\" style=\"margin: 0cm 0cm 0.0001pt 21.3pt; text-align: justify; text-indent: -21.25pt; line-height: normal; background-image: initial; background-position: initial; background-size: initial; background-repeat: initial; background-attachment: initial; background-origin: initial; background-clip: initial;\"><o:p>\u00a0<\/o:p><\/p>\n<p class=\"MsoNormal\" style=\"margin: 0cm 0cm 0.0001pt 21.3pt; text-align: justify; text-indent: -21.25pt; line-height: normal; background-image: initial; background-position: initial; background-size: initial; background-repeat: initial; background-attachment: initial; background-origin: initial; background-clip: initial;\">3. \u00a0\u00a0\u00a0\u00a0 As\u00ed mismo, constatamos en toda Am\u00e9rica Latina y el Caribe, el crecimiento de una crisis \u00e9tica, pol\u00edtica, econ\u00f3mica y cultural, en cuya ra\u00edz descubrimos una fractura antropol\u00f3gica que se manifiesta de m\u00faltiples maneras. Entre ellas destacamos, el machismo que lesiona la dignidad de la mujer; y las migraciones obligadas por la pobreza y la violencia. Ante esta realidad asumimos los cuatro verbos con los que el Papa Francisco orienta la atenci\u00f3n a los migrantes: acoger, proteger, promover e integrar. Necesitamos fortalecernos en la fe por la escucha de la Palabra de Dios para resistir a las ideolog\u00edas deshumanizantes que debilitan la b\u00fasqueda del bien com\u00fan, el ejercicio de las libertades y el reconocimiento de los derechos humanos. Estas ideolog\u00edas frecuentemente llevan a sacrificar a los m\u00e1s pobres, favoreciendo el aumento de desigualdades que son inaceptables. Abrazamos el dolor de los pueblos y de las iglesias que en la actualidad m\u00e1s est\u00e1n sufriendo: Venezuela, Nicaragua y Hait\u00ed.<o:p><\/o:p><\/p>\n<p class=\"MsoNormal\" style=\"margin: 0cm 0cm 0.0001pt 21.3pt; text-align: justify; text-indent: -21.25pt; line-height: normal; background-image: initial; background-position: initial; background-size: initial; background-repeat: initial; background-attachment: initial; background-origin: initial; background-clip: initial;\"><o:p>\u00a0<\/o:p><\/p>\n<p class=\"MsoNormal\" style=\"margin: 0cm 0cm 0.0001pt 21.3pt; text-align: justify; text-indent: -21.25pt; line-height: normal; background-image: initial; background-position: initial; background-size: initial; background-repeat: initial; background-attachment: initial; background-origin: initial; background-clip: initial;\">4. \u00a0\u00a0\u00a0\u00a0 Nuestra condici\u00f3n de disc\u00edpulos misioneros nos convoca a la tarea de trabajar contra la corrupci\u00f3n, calificada por el Papa Francisco como un \u00abc\u00e1ncer\u00bb profundamente radicado en las estructuras sociales, econ\u00f3micas y pol\u00edticas de nuestras naciones. La eficacia de la lucha contra la corrupci\u00f3n pasa tambi\u00e9n por un cambio de mentalidad que lleve a las personas a comprender que su valor no est\u00e1 en el tener, sino en el ser; y que su vida se mide no por su capacidad de consumir, sino de compartir.<o:p><\/o:p><\/p>\n<p class=\"MsoNormal\" style=\"margin: 0cm 0cm 0.0001pt 21.3pt; text-align: justify; text-indent: -21.25pt; line-height: normal; background-image: initial; background-position: initial; background-size: initial; background-repeat: initial; background-attachment: initial; background-origin: initial; background-clip: initial;\"><o:p>\u00a0<\/o:p><\/p>\n<p class=\"MsoNormal\" style=\"margin: 0cm 0cm 0.0001pt 21.3pt; text-align: justify; text-indent: -21.25pt; line-height: normal; background-image: initial; background-position: initial; background-size: initial; background-repeat: initial; background-attachment: initial; background-origin: initial; background-clip: initial;\">5. \u00a0\u00a0\u00a0\u00a0 Hemos asumido que el cuidado de la Casa Com\u00fan es una preocupaci\u00f3n y un compromiso a favor de la ecolog\u00eda integral. Manifestamos nuestra comuni\u00f3n con la realizaci\u00f3n del S\u00ednodo de la Pan Amazon\u00eda, convocado por el Papa Francisco para octubre de 2019. Esperamos que este S\u00ednodo nos traiga luces y un nuevo impulso al compromiso en favor de este mismo desaf\u00edo en todas las regiones de Am\u00e9rica Latina y el Caribe. <o:p><\/o:p><\/p>\n<p class=\"MsoNormal\" style=\"margin: 0cm 0cm 0.0001pt 21.3pt; text-align: justify; text-indent: -21.25pt; line-height: normal; background-image: initial; background-position: initial; background-size: initial; background-repeat: initial; background-attachment: initial; background-origin: initial; background-clip: initial;\"><o:p>\u00a0<\/o:p><\/p>\n<p class=\"MsoNormal\" style=\"margin: 0cm 0cm 0.0001pt 21.3pt; text-align: justify; text-indent: -21.25pt; line-height: normal; background-image: initial; background-position: initial; background-size: initial; background-repeat: initial; background-attachment: initial; background-origin: initial; background-clip: initial;\">6. \u00a0\u00a0\u00a0\u00a0 Recordamos que el Se\u00f1or nos dijo: \u00abEn el mundo tendr\u00e1n que sufrir, pero tengan confianza, yo he vencido al mundo\u00bb (Jn 16,33), y por esto nos animamos a seguir caminando en la fe y en la fraternidad solidaria que construyen aut\u00e9ntica sinodalidad.<o:p><\/o:p><\/p>\n<p class=\"MsoNormal\" style=\"margin: 0cm 0cm 0.0001pt 21.3pt; text-align: justify; text-indent: -21.25pt; line-height: normal; background-image: initial; background-position: initial; background-size: initial; background-repeat: initial; background-attachment: initial; background-origin: initial; background-clip: initial;\"><o:p>\u00a0<\/o:p><\/p>\n<p class=\"MsoNormal\" style=\"margin: 0cm 0cm 0.0001pt 21.3pt; text-align: justify; text-indent: -21.25pt; line-height: normal; background-image: initial; background-position: initial; background-size: initial; background-repeat: initial; background-attachment: initial; background-origin: initial; background-clip: initial;\">7. \u00a0\u00a0\u00a0\u00a0 Renovamos la disponibilidad radical a nuestro amado Pueblo, particularmente a los m\u00e1s pobres, a las mujeres y a los j\u00f3venes. Estamos convencidos y alegres de ser servidores del Evangelio de la vida, deseosos de congregar a todos en nuestras comunidades de fe para fortalecernos en el amor de Dios y colaborar en la construcci\u00f3n de una sociedad m\u00e1s justa y solidaria que testimonia el Reino. Todas estas intenciones y prop\u00f3sitos los colocamos bajo la protecci\u00f3n materna de Nuestra Se\u00f1ora de Guadalupe, patrona de Am\u00e9rica Latina y el Caribe.<o:p><\/o:p><\/p>\n<p class=\"MsoNormal\" style=\"margin-bottom: 0.0001pt; text-align: justify; line-height: normal; background-image: initial; background-position: initial; background-size: initial; background-repeat: initial; background-attachment: initial; background-origin: initial; background-clip: initial;\"><o:p>\u00a0<\/o:p><\/p>\n<p class=\"MsoNormal\" style=\"margin-bottom: 0.0001pt; text-align: justify; line-height: normal; background-image: initial; background-position: initial; background-size: initial; background-repeat: initial; background-attachment: initial; background-origin: initial; background-clip: initial;\">Tegucigalpa \u2013 Honduras, 16 de mayo de 2019.<o:p><\/o:p><\/p>\n<p style=\"margin:0cm;margin-bottom:.0001pt;text-align:justify;background:#F6F6F6\"><span style=\"font-size: 11pt; font-family: Calibri, sans-serif;\"><o:p>\u00a0<\/o:p><\/span><\/p>\n<p class=\"MsoNormal\" style=\"background-image: initial; background-position: initial; background-size: initial; background-repeat: initial; background-attachment: initial; background-origin: initial; background-clip: initial; vertical-align: baseline;\"><i><o:p>\u00a0<\/o:p><\/i><\/p>\n<p><\/span><i style=\"font-variant-ligatures: inherit; font-variant-caps: inherit; font-weight: inherit;\">Tomado de: Prensa CELAM. 16 de mayo de 2019. Foto: Vida Nueva Digital.<\/i>\u00a0<\/p>\n<p><a href=\"http:\/\/web.hilo.org.pe\/wp-content\/uploads\/37-Asamblea-General-CELAM-850x310 web.jpg\" target=\"_blank\" rel=\"noopener\">Ver archivo adjunto<\/a><\/p>\n","protected":false},"excerpt":{"rendered":"<p>Al finalizar la XXXVII Asamblea General Ordinaria del CELAM y como fruto de reflexiones profundas sobre sus desaf\u00edos y tareas pastorales en Am\u00e9rica Latina y El Caribe presentan su mensaje oficial al Pueblo de Dios.<\/p>\n","protected":false},"author":1,"featured_media":0,"comment_status":"closed","ping_status":"closed","sticky":false,"template":"","format":"standard","meta":{"footnotes":""},"categories":[9],"tags":[],"class_list":["post-3256","post","type-post","status-publish","format-standard","hentry","category-noticias"],"_links":{"self":[{"href":"https:\/\/ceas.org.pe\/index.php\/wp-json\/wp\/v2\/posts\/3256","targetHints":{"allow":["GET"]}}],"collection":[{"href":"https:\/\/ceas.org.pe\/index.php\/wp-json\/wp\/v2\/posts"}],"about":[{"href":"https:\/\/ceas.org.pe\/index.php\/wp-json\/wp\/v2\/types\/post"}],"author":[{"embeddable":true,"href":"https:\/\/ceas.org.pe\/index.php\/wp-json\/wp\/v2\/users\/1"}],"replies":[{"embeddable":true,"href":"https:\/\/ceas.org.pe\/index.php\/wp-json\/wp\/v2\/comments?post=3256"}],"version-history":[{"count":1,"href":"https:\/\/ceas.org.pe\/index.php\/wp-json\/wp\/v2\/posts\/3256\/revisions"}],"predecessor-version":[{"id":5962,"href":"https:\/\/ceas.org.pe\/index.php\/wp-json\/wp\/v2\/posts\/3256\/revisions\/5962"}],"wp:attachment":[{"href":"https:\/\/ceas.org.pe\/index.php\/wp-json\/wp\/v2\/media?parent=3256"}],"wp:term":[{"taxonomy":"category","embeddable":true,"href":"https:\/\/ceas.org.pe\/index.php\/wp-json\/wp\/v2\/categories?post=3256"},{"taxonomy":"post_tag","embeddable":true,"href":"https:\/\/ceas.org.pe\/index.php\/wp-json\/wp\/v2\/tags?post=3256"}],"curies":[{"name":"wp","href":"https:\/\/api.w.org\/{rel}","templated":true}]}}