{"id":3255,"date":"2019-05-15T16:39:20","date_gmt":"2019-05-15T16:39:20","guid":{"rendered":""},"modified":"2026-03-11T09:11:54","modified_gmt":"2026-03-11T14:11:54","slug":"monsenor-miguel-cabrejos-fue-elegido-presidente-del-consejo-episcopal-latinoamericano-celam","status":"publish","type":"post","link":"https:\/\/ceas.org.pe\/index.php\/2019\/05\/15\/monsenor-miguel-cabrejos-fue-elegido-presidente-del-consejo-episcopal-latinoamericano-celam\/","title":{"rendered":"MONSE\u00d1OR MIGUEL CABREJOS FUE ELEGIDO PRESIDENTE DEL CONSEJO EPISCOPAL LATINOAMERICANO (CELAM)"},"content":{"rendered":"<p class=\"MsoNormal\" align=\"center\" style=\"text-align:center\"><b><span lang=\"ES-TRAD\">MONSE\u00d1OR MIGUEL CABREJOS FUE ELEGIDO PRESIDENTE DEL CONSEJO EPISCOPAL LATINOAMERICANO (CELAM)<\/span><\/b><span style=\"font-size:\n10.0pt;line-height:107%;mso-bidi-font-family:Calibri;mso-bidi-theme-font:minor-latin\"><o:p><\/o:p><\/span><\/p>\n<p class=\"MsoNormal\" style=\"text-align:justify\"><span lang=\"ES-TRAD\">Los Obispos de Am\u00e9rica Latina y el Caribe, reunidos en la XXXVII Asamblea General Ordinaria del Consejo Episcopal Latinoamericano (CELAM) eligieron a Monse\u00f1or Miguel Cabrejos Vidarte, Arzobispo de Trujillo y Presidente de la Conferencia Episcopal Peruana, como nuevo Presidente del CELAM, para el cuatrienio comprendido entre 2019 y 2023.<\/span><span style=\"font-size:10.0pt;line-height:107%;mso-bidi-font-family:Calibri;\nmso-bidi-theme-font:minor-latin\"><o:p><\/o:p><\/span><\/p>\n<p class=\"MsoNormal\" style=\"text-align:justify\"><span lang=\"ES-TRAD\">El CELAM, creado en 1955, es un organismo de comuni\u00f3n, reflexi\u00f3n, colaboraci\u00f3n y servicio a la Iglesia Latinoamericana, como signo e instrumento del afecto colegial en perfecta comuni\u00f3n con la Iglesia universal. El CELAM presta servicios de formaci\u00f3n, investigaci\u00f3n y reflexi\u00f3n a las 22 Conferencias Episcopales que se sit\u00faan desde M\u00e9xico hasta el Cabo de Hornos, incluyendo el Caribe y las Antillas. <\/span><span style=\"font-size:10.0pt;line-height:107%;\nmso-bidi-font-family:Calibri;mso-bidi-theme-font:minor-latin\"><o:p><\/o:p><\/span><\/p>\n<p class=\"MsoNormal\" style=\"text-align:justify\"><span lang=\"ES-TRAD\">\u00a0<\/span><span style=\"font-size:10.0pt;line-height:107%;\nmso-bidi-font-family:Calibri;mso-bidi-theme-font:minor-latin\"><o:p><\/o:p><\/span><\/p>\n<p class=\"MsoNormal\" style=\"text-align:justify\"><b><span lang=\"ES-TRAD\">Biograf\u00eda de Monse\u00f1or Miguel Cabrejos <\/span><\/b><span style=\"font-size:10.0pt;line-height:107%;mso-bidi-font-family:Calibri;\nmso-bidi-theme-font:minor-latin\"><o:p><\/o:p><\/span><\/p>\n<p class=\"MsoNormal\" style=\"text-align:justify\"><span lang=\"ES-TRAD\">Monse\u00f1or Cabrejos naci\u00f3 el 5 de julio de 1948 en la Provincia de Chota, Cajamarca, Per\u00fa. Fue ordenado sacerdote el 7 de diciembre de 1974. Fue preconizado Obispo Titular de Belesasa el 20 de julio de 1988. Recibi\u00f3 la consagraci\u00f3n episcopal el 7 de agosto de 1988. El 6 de febrero de 1996 fue designado Obispo Castrense del Per\u00fa. El 29 de julio de 1999 fue nombrado Arzobispo Metropolitano de Trujillo. Ha pertenecido a la Pontificia Comisi\u00f3n para Am\u00e9rica Latina y ha presidido la Comisi\u00f3n de la Misi\u00f3n Continental del Consejo Episcopal Latinoamericano (CELAM). En el a\u00f1o 2006, los Obispos del Per\u00fa lo eligieron Presidente de la Conferencia Episcopal Peruana, cargo para el que fue reelegido en el a\u00f1o 2009 hasta el 2012. En el a\u00f1o 2018 fue elegido nuevamente como Presidente del Episcopado Peruano. Actualmente es Gran Canciller de la Universidad Cat\u00f3lica de Trujillo \u201cBenedicto XVI\u201d, de la cual es fundador y principal promotor, y Vice Gran Canciller de la Pontificia Universidad Cat\u00f3lica del Per\u00fa.<\/span><span style=\"font-size:10.0pt;line-height:\n107%;mso-bidi-font-family:Calibri;mso-bidi-theme-font:minor-latin\"><o:p><\/o:p><\/span><\/p>\n<p class=\"m1361479634723756221gmail-m692606012034176627gmail-msonospacing\" style=\"margin:0cm;margin-bottom:.0001pt;text-align:justify\"><i><span style=\"font-size:11.0pt;font-family:\n\"Calibri\",sans-serif;mso-ascii-theme-font:minor-latin;mso-hansi-theme-font:\nminor-latin;mso-bidi-theme-font:minor-latin\">Conferencia Episcopal Peruana. Oficina de Prensa. Lima, 15 de mayo de 2019. <\/span><\/i><i><span style=\"font-family:\"Calibri\",sans-serif;mso-ascii-theme-font:\nminor-latin;mso-hansi-theme-font:minor-latin;mso-bidi-theme-font:minor-latin\"><o:p><\/o:p><\/span><\/i><\/p>\n<p><span style=\"text-align: justify;\">\u00a0<\/span>\u00a0<\/p>\n<p><a href=\"http:\/\/web.hilo.org.pe\/wp-content\/uploads\/celam (2) web.jpg\" target=\"_blank\" rel=\"noopener\">Ver archivo adjunto<\/a><\/p>\n","protected":false},"excerpt":{"rendered":"<p>Esta ma\u00f1ana, los Obispos de Am\u00e9rica Latina y el Caribe, reunidos en la XXXVII Asamblea General Ordinaria del Consejo Episcopal Latinoamericano (CELAM) eligieron a Monse\u00f1or Miguel Cabrejos Vidarte, Arzobispo de Trujillo y Presidente de la Conferencia Episcopal Peruana, como nuevo Presidente del CELAM, para el cuatrienio comprendido entre 2019 y 2023.<\/p>\n","protected":false},"author":1,"featured_media":0,"comment_status":"closed","ping_status":"closed","sticky":false,"template":"","format":"standard","meta":{"footnotes":""},"categories":[9],"tags":[],"class_list":["post-3255","post","type-post","status-publish","format-standard","hentry","category-noticias"],"_links":{"self":[{"href":"https:\/\/ceas.org.pe\/index.php\/wp-json\/wp\/v2\/posts\/3255","targetHints":{"allow":["GET"]}}],"collection":[{"href":"https:\/\/ceas.org.pe\/index.php\/wp-json\/wp\/v2\/posts"}],"about":[{"href":"https:\/\/ceas.org.pe\/index.php\/wp-json\/wp\/v2\/types\/post"}],"author":[{"embeddable":true,"href":"https:\/\/ceas.org.pe\/index.php\/wp-json\/wp\/v2\/users\/1"}],"replies":[{"embeddable":true,"href":"https:\/\/ceas.org.pe\/index.php\/wp-json\/wp\/v2\/comments?post=3255"}],"version-history":[{"count":1,"href":"https:\/\/ceas.org.pe\/index.php\/wp-json\/wp\/v2\/posts\/3255\/revisions"}],"predecessor-version":[{"id":5963,"href":"https:\/\/ceas.org.pe\/index.php\/wp-json\/wp\/v2\/posts\/3255\/revisions\/5963"}],"wp:attachment":[{"href":"https:\/\/ceas.org.pe\/index.php\/wp-json\/wp\/v2\/media?parent=3255"}],"wp:term":[{"taxonomy":"category","embeddable":true,"href":"https:\/\/ceas.org.pe\/index.php\/wp-json\/wp\/v2\/categories?post=3255"},{"taxonomy":"post_tag","embeddable":true,"href":"https:\/\/ceas.org.pe\/index.php\/wp-json\/wp\/v2\/tags?post=3255"}],"curies":[{"name":"wp","href":"https:\/\/api.w.org\/{rel}","templated":true}]}}