{"id":3253,"date":"2019-05-06T21:14:31","date_gmt":"2019-05-06T21:14:31","guid":{"rendered":""},"modified":"2026-03-11T09:11:54","modified_gmt":"2026-03-11T14:11:54","slug":"el-papa-francisco-nombra-al-relator-y-secretarios-especiales-del-sinodo-para-la-amazonia","status":"publish","type":"post","link":"https:\/\/ceas.org.pe\/index.php\/2019\/05\/06\/el-papa-francisco-nombra-al-relator-y-secretarios-especiales-del-sinodo-para-la-amazonia\/","title":{"rendered":"El Papa Francisco nombra al relator y secretarios especiales del S\u00ednodo para la Amazon\u00eda"},"content":{"rendered":"<p class=\"MsoNormal\" style=\"margin-bottom: 0.0001pt; text-align: justify; line-height: normal; background-image: initial; background-position: initial; background-size: initial; background-repeat: initial; background-attachment: initial; background-origin: initial; background-clip: initial;\">El Papa Francisco acaba de hacer oficial este s\u00e1bado, 4 de mayo el nombramiento del\u00a0<strong><span style=\"font-family:\"Calibri\",\"sans-serif\";mso-ascii-theme-font:minor-latin;\nmso-hansi-theme-font:minor-latin;mso-bidi-theme-font:minor-latin;color:#474747\">Cardenal Claudio Hummes<\/span><\/strong>, Presidente de la Red Eclesial Pan Amaz\u00f3nica \u2013 REPAM, como\u00a0<strong><span style=\"font-family:\"Calibri\",\"sans-serif\";\nmso-ascii-theme-font:minor-latin;mso-hansi-theme-font:minor-latin;mso-bidi-theme-font:\nminor-latin;color:#474747\">relator general del S\u00ednodo para la Amazon\u00eda<\/span><\/strong>. Junto con el purpurado han sido nombrados dos\u00a0<strong><span style=\"font-family:\"Calibri\",\"sans-serif\";mso-ascii-theme-font:minor-latin;\nmso-hansi-theme-font:minor-latin;mso-bidi-theme-font:minor-latin;color:#474747\">secretarios especiales, Monse\u00f1or David Mart\u00ednez de Aguirre Guinea,<\/span><\/strong>\u00a0Obispo de Puerto Maldonado, Per\u00fa, y el\u00a0<strong><span style=\"font-family:\n\"Calibri\",\"sans-serif\";mso-ascii-theme-font:minor-latin;mso-hansi-theme-font:\nminor-latin;mso-bidi-theme-font:minor-latin;color:#474747\">Padre Michael Czerny, SJ<\/span><\/strong>, subsecretario de la Secci\u00f3n Migrantes y Refugiados para el Servicio de Desarrollo Humano Integral.<o:p><\/o:p><\/p>\n<p class=\"mce\" style=\"margin: 0cm 0cm 0.0001pt; text-align: justify; background-image: initial; background-position: initial; background-size: initial; background-repeat: initial; background-attachment: initial; background-origin: initial; background-clip: initial;\"><span style=\"font-size:11.0pt;font-family:\"Calibri\",\"sans-serif\";\nmso-ascii-theme-font:minor-latin;mso-hansi-theme-font:minor-latin;mso-bidi-theme-font:\nminor-latin;color:#333333\">\u00a0<\/span><\/p>\n<p class=\"mce\" style=\"margin: 0cm 0cm 0.0001pt; text-align: justify; background-image: initial; background-position: initial; background-size: initial; background-repeat: initial; background-attachment: initial; background-origin: initial; background-clip: initial;\"><span style=\"font-size:11.0pt;font-family:\"Calibri\",\"sans-serif\";\nmso-ascii-theme-font:minor-latin;mso-hansi-theme-font:minor-latin;mso-bidi-theme-font:\nminor-latin;color:#333333\">Monse\u00f1or David Mart\u00ednez de Aguirre Guinea, desde la selva amaz\u00f3nica, se\u00f1alaba que ante este nombramiento del Papa Francisco, asumiendo la Secretar\u00eda Especial del S\u00ednodo, se siente \u201c<\/span><strong><span style=\"font-size:11.0pt;font-family:\"Calibri\",\"sans-serif\";mso-ascii-theme-font:\nminor-latin;mso-hansi-theme-font:minor-latin;mso-bidi-theme-font:minor-latin;\ncolor:#474747\">una vez m\u00e1s sorprendido y asustado, pero tambi\u00e9n podemos decir que confiado en que Dios va a estar con nosotros<\/span><\/strong><span style=\"font-size:11.0pt;font-family:\"Calibri\",\"sans-serif\";mso-ascii-theme-font:\nminor-latin;mso-hansi-theme-font:minor-latin;mso-bidi-theme-font:minor-latin;\ncolor:#333333\">\u00a0y formamos parte de una Iglesia, de un equipo de muchas personas, hermanos y hermanas que vamos a estar sirviendo a nuestra Iglesia Pan Amaz\u00f3nica\u201d. Por eso, el obispo de Puerto Maldonado reconoce que es momento de \u201cintentar que los miedos, el susto, no nos impidan poder\u00a0<\/span><strong><span style=\"font-size:11.0pt;font-family:\"Calibri\",\"sans-serif\";mso-ascii-theme-font:\nminor-latin;mso-hansi-theme-font:minor-latin;mso-bidi-theme-font:minor-latin;\ncolor:#474747\">mantener el entusiasmo por dinamizar esta Iglesia amaz\u00f3nica<\/span><\/strong><span style=\"font-size:11.0pt;font-family:\"Calibri\",\"sans-serif\";mso-ascii-theme-font:\nminor-latin;mso-hansi-theme-font:minor-latin;mso-bidi-theme-font:minor-latin;\ncolor:#333333\">, so\u00f1ar con los nuevos caminos para nuestra Iglesia y por una ecolog\u00eda integral\u201d.<o:p><\/o:p><\/span><\/p>\n<p class=\"mce\" style=\"margin: 0cm 0cm 0.0001pt; text-align: justify; background-image: initial; background-position: initial; background-size: initial; background-repeat: initial; background-attachment: initial; background-origin: initial; background-clip: initial;\"><span style=\"font-size:11.0pt;font-family:\"Calibri\",\"sans-serif\";\nmso-ascii-theme-font:minor-latin;mso-hansi-theme-font:minor-latin;mso-bidi-theme-font:\nminor-latin;color:#333333\">\u00a0<\/span><\/p>\n<p class=\"mce\" style=\"margin: 0cm 0cm 0.0001pt; text-align: justify; background-image: initial; background-position: initial; background-size: initial; background-repeat: initial; background-attachment: initial; background-origin: initial; background-clip: initial;\"><span style=\"font-size:11.0pt;font-family:\"Calibri\",\"sans-serif\";\nmso-ascii-theme-font:minor-latin;mso-hansi-theme-font:minor-latin;mso-bidi-theme-font:\nminor-latin;color:#333333\">Monse\u00f1or David ve la necesidad de \u201cintentar\u00a0<\/span><strong><span style=\"font-size:11.0pt;font-family:\"Calibri\",\"sans-serif\";mso-ascii-theme-font:\nminor-latin;mso-hansi-theme-font:minor-latin;mso-bidi-theme-font:minor-latin;\ncolor:#474747\">ser fieles a los pueblos amaz\u00f3nicos<\/span><\/strong><span style=\"font-size:11.0pt;font-family:\"Calibri\",\"sans-serif\";mso-ascii-theme-font:\nminor-latin;mso-hansi-theme-font:minor-latin;mso-bidi-theme-font:minor-latin;\ncolor:#333333\">, ribere\u00f1os, ind\u00edgenas, a tantas personas afincadas en nuestras urbes amaz\u00f3nicas, con la ilusi\u00f3n de poder serviles a ellos y responder a los retos que nuestra Iglesia amaz\u00f3nica tiene, no s\u00f3lo para ella, sino para todo el planeta\u201d. El obispo dominico, dice sentirse \u201c<\/span><strong><span style=\"font-size:11.0pt;font-family:\"Calibri\",\"sans-serif\";mso-ascii-theme-font:\nminor-latin;mso-hansi-theme-font:minor-latin;mso-bidi-theme-font:minor-latin;\ncolor:#474747\">agradecido tambi\u00e9n al Papa Francisco por la confianza<\/span><\/strong><span style=\"font-size:11.0pt;font-family:\"Calibri\",\"sans-serif\";mso-ascii-theme-font:\nminor-latin;mso-hansi-theme-font:minor-latin;mso-bidi-theme-font:minor-latin;\ncolor:#333333\">\u00a0que una vez m\u00e1s pone en m\u00ed, a mi juicio confianza inmerecida\u201d, queriendo \u201cpoder servir y hacerlo a la medida de nuestras posibilidades, confiando en tantos hermanos y hermanas que vamos a estar ah\u00ed, de la mano,\u00a0<\/span><strong><span style=\"font-size:11.0pt;font-family:\"Calibri\",\"sans-serif\";\nmso-ascii-theme-font:minor-latin;mso-hansi-theme-font:minor-latin;mso-bidi-theme-font:\nminor-latin;color:#474747\">so\u00f1ando juntos por una Iglesia amaz\u00f3nica<\/span><\/strong><span style=\"font-size:11.0pt;font-family:\"Calibri\",\"sans-serif\";mso-ascii-theme-font:\nminor-latin;mso-hansi-theme-font:minor-latin;mso-bidi-theme-font:minor-latin;\ncolor:#333333\">, por unos nuevos caminos para toda la Iglesia universal y tambi\u00e9n por una ecolog\u00eda integral\u201d.<o:p><\/o:p><\/span><\/p>\n<p class=\"MsoNormal\" style=\"margin-bottom: 0.0001pt; text-align: justify; line-height: normal; background-image: initial; background-position: initial; background-size: initial; background-repeat: initial; background-attachment: initial; background-origin: initial; background-clip: initial;\"><o:p>\u00a0<\/o:p><\/p>\n<p class=\"mce\" style=\"margin: 0cm 0cm 0.0001pt; text-align: justify; background-image: initial; background-position: initial; background-size: initial; background-repeat: initial; background-attachment: initial; background-origin: initial; background-clip: initial;\"><span style=\"font-size:11.0pt;font-family:\"Calibri\",\"sans-serif\";\nmso-ascii-theme-font:minor-latin;mso-hansi-theme-font:minor-latin;mso-bidi-theme-font:\nminor-latin;color:#333333\">Ante el nombramiento, el Secretario Ejecutivo de la REPAM,\u00a0<\/span><strong><span style=\"font-size:11.0pt;font-family:\"Calibri\",\"sans-serif\";\nmso-ascii-theme-font:minor-latin;mso-hansi-theme-font:minor-latin;mso-bidi-theme-font:\nminor-latin;color:#474747\">Mauricio L\u00f3pez<\/span><\/strong><span style=\"font-size:11.0pt;font-family:\"Calibri\",\"sans-serif\";mso-ascii-theme-font:\nminor-latin;mso-hansi-theme-font:minor-latin;mso-bidi-theme-font:minor-latin;\ncolor:#333333\">, se\u00f1ala que \u201clo primero que hay que expresar es un\u00a0<\/span><strong><span style=\"font-size:11.0pt;font-family:\"Calibri\",\"sans-serif\";mso-ascii-theme-font:\nminor-latin;mso-hansi-theme-font:minor-latin;mso-bidi-theme-font:minor-latin;\ncolor:#474747\">gracias sincero y genuino al Papa Francisco por su profundo amor a la Pan Amazon\u00eda<\/span><\/strong><span style=\"font-size:11.0pt;font-family:\n\"Calibri\",\"sans-serif\";mso-ascii-theme-font:minor-latin;mso-hansi-theme-font:\nminor-latin;mso-bidi-theme-font:minor-latin;color:#333333\">\u00a0en el nombramiento\u201d. Seg\u00fan \u00e9l, \u201ceste nombramiento expresa su\u00a0<\/span><strong><span style=\"font-size:11.0pt;font-family:\"Calibri\",\"sans-serif\";mso-ascii-theme-font:\nminor-latin;mso-hansi-theme-font:minor-latin;mso-bidi-theme-font:minor-latin;\ncolor:#474747\">profundo compromiso con la realidad concreta, el amor por la Iglesia, que va itinerando, peregrinando, incultur\u00e1ndose e intercultur\u00e1ndose<\/span><\/strong><span style=\"font-size:11.0pt;font-family:\"Calibri\",\"sans-serif\";mso-ascii-theme-font:\nminor-latin;mso-hansi-theme-font:minor-latin;mso-bidi-theme-font:minor-latin;\ncolor:#333333\">\u00a0en esta realidad\u201d. En ese sentido, prosigue Mauricio L\u00f3pez, \u201cen los nombramientos se revela la opci\u00f3n del Papa Francisco desde un profundo cari\u00f1o por una\u00a0<\/span><strong><span style=\"font-size:11.0pt;\nfont-family:\"Calibri\",\"sans-serif\";mso-ascii-theme-font:minor-latin;mso-hansi-theme-font:\nminor-latin;mso-bidi-theme-font:minor-latin;color:#474747\">reforma sinodal profunda, cuidadosa<\/span><\/strong><span style=\"font-size:11.0pt;font-family:\n\"Calibri\",\"sans-serif\";mso-ascii-theme-font:minor-latin;mso-hansi-theme-font:\nminor-latin;mso-bidi-theme-font:minor-latin;color:#333333\">\u00a0y un amor profundo por la Iglesia de Cristo encarnado que quiere iluminar a toda la Iglesia universal y ayudar en el camino de generar nuevas perspectivas\u201d.<o:p><\/o:p><\/span><\/p>\n<p class=\"mce\" style=\"margin: 0cm 0cm 0.0001pt; text-align: justify; background-image: initial; background-position: initial; background-size: initial; background-repeat: initial; background-attachment: initial; background-origin: initial; background-clip: initial;\"><span style=\"font-size:11.0pt;font-family:\"Calibri\",\"sans-serif\";\nmso-ascii-theme-font:minor-latin;mso-hansi-theme-font:minor-latin;mso-bidi-theme-font:\nminor-latin;color:#333333\">\u00a0<\/span><\/p>\n<p class=\"mce\" style=\"margin: 0cm 0cm 0.0001pt; text-align: justify; background-image: initial; background-position: initial; background-size: initial; background-repeat: initial; background-attachment: initial; background-origin: initial; background-clip: initial;\"><span style=\"font-size:11.0pt;font-family:\"Calibri\",\"sans-serif\";\nmso-ascii-theme-font:minor-latin;mso-hansi-theme-font:minor-latin;mso-bidi-theme-font:\nminor-latin;color:#333333\">En el caso del Cardenal Hummes, su nombramiento, en opini\u00f3n del Secretario Ejecutivo de la REPAM, \u201crefleja la confianza del Papa por su\u00a0<\/span><strong><span style=\"font-size:11.0pt;font-family:\"Calibri\",\"sans-serif\";\nmso-ascii-theme-font:minor-latin;mso-hansi-theme-font:minor-latin;mso-bidi-theme-font:\nminor-latin;color:#474747\">servicio misionero, su conocimiento de la realidad,<\/span><\/strong><span style=\"font-size:11.0pt;font-family:\"Calibri\",\"sans-serif\";mso-ascii-theme-font:\nminor-latin;mso-hansi-theme-font:minor-latin;mso-bidi-theme-font:minor-latin;\ncolor:#333333\">\u00a0donde ha recorrido pr\u00e1cticamente toda la Pan Amazon\u00eda en estos \u00faltimos a\u00f1os, y donde revela su valoraci\u00f3n de la sabidur\u00eda\u201d. No olvidemos que en el caso del Cardenal Hummes, despu\u00e9s de regresar de su servicio vaticano en la Congregaci\u00f3n del Clero, aparentemente para retirarse a descansar, ha ido comandando el proceso de la REPAM.<o:p><\/o:p><\/span><\/p>\n<p class=\"MsoNormal\" style=\"margin-bottom: 0.0001pt; text-align: justify; line-height: normal; background-image: initial; background-position: initial; background-size: initial; background-repeat: initial; background-attachment: initial; background-origin: initial; background-clip: initial;\"><o:p>\u00a0<\/o:p><\/p>\n<p class=\"mce\" style=\"margin: 0cm 0cm 0.0001pt; text-align: justify; background-image: initial; background-position: initial; background-size: initial; background-repeat: initial; background-attachment: initial; background-origin: initial; background-clip: initial;\"><span style=\"font-size:11.0pt;font-family:\"Calibri\",\"sans-serif\";\nmso-ascii-theme-font:minor-latin;mso-hansi-theme-font:minor-latin;mso-bidi-theme-font:\nminor-latin;color:#333333\">En ese sentido, Mauricio L\u00f3pez, ve el nombramiento del Cardenal Hummes como una \u201cexpresi\u00f3n\u00a0<\/span><strong><span style=\"font-size:11.0pt;font-family:\"Calibri\",\"sans-serif\";mso-ascii-theme-font:\nminor-latin;mso-hansi-theme-font:minor-latin;mso-bidi-theme-font:minor-latin;\ncolor:#474747\">afecto, gratitud y confianza para la REPAM<\/span><\/strong><span style=\"font-size:11.0pt;font-family:\"Calibri\",\"sans-serif\";mso-ascii-theme-font:\nminor-latin;mso-hansi-theme-font:minor-latin;mso-bidi-theme-font:minor-latin;\ncolor:#333333\">. A toda la REPAM nos est\u00e1 pidiendo que sumemos en comuni\u00f3n sinodal al haber nombrado al Cardenal Hummes como la figura de m\u00e1s peso dentro del S\u00ednodo, junto con el propio Papa Francisco como su Presidente\u201d.<o:p><\/o:p><\/span><\/p>\n<p class=\"mce\" style=\"margin: 0cm 0cm 0.0001pt; text-align: justify; background-image: initial; background-position: initial; background-size: initial; background-repeat: initial; background-attachment: initial; background-origin: initial; background-clip: initial;\"><span style=\"font-size:11.0pt;font-family:\"Calibri\",\"sans-serif\";\nmso-ascii-theme-font:minor-latin;mso-hansi-theme-font:minor-latin;mso-bidi-theme-font:\nminor-latin;color:#333333\">\u00a0<\/span><\/p>\n<p class=\"mce\" style=\"margin: 0cm 0cm 0.0001pt; text-align: justify; background-image: initial; background-position: initial; background-size: initial; background-repeat: initial; background-attachment: initial; background-origin: initial; background-clip: initial;\"><span style=\"font-size:11.0pt;font-family:\"Calibri\",\"sans-serif\";\nmso-ascii-theme-font:minor-latin;mso-hansi-theme-font:minor-latin;mso-bidi-theme-font:\nminor-latin;color:#333333\">Al referirse a Monse\u00f1or David Mart\u00ednez, el Secretario Ejecutivo de la REPAM ve en \u00e9l a \u201cla\u00a0<\/span><strong><span style=\"font-size:11.0pt;font-family:\"Calibri\",\"sans-serif\";mso-ascii-theme-font:\nminor-latin;mso-hansi-theme-font:minor-latin;mso-bidi-theme-font:minor-latin;\ncolor:#474747\">Iglesia encarnada, inculturada, intercultural<\/span><\/strong><span style=\"font-size:11.0pt;font-family:\"Calibri\",\"sans-serif\";mso-ascii-theme-font:\nminor-latin;mso-hansi-theme-font:minor-latin;mso-bidi-theme-font:minor-latin;\ncolor:#333333\">, con quince a\u00f1os de servicio entregado en medio de los pueblos, con conocimiento de su identidad, de su lengua, de su cultura, un\u00a0<\/span><strong><span style=\"font-size:11.0pt;font-family:\"Calibri\",\"sans-serif\";mso-ascii-theme-font:\nminor-latin;mso-hansi-theme-font:minor-latin;mso-bidi-theme-font:minor-latin;\ncolor:#474747\">amor genuino por lo que son los pueblos originarios<\/span><\/strong><span style=\"font-size:11.0pt;font-family:\"Calibri\",\"sans-serif\";mso-ascii-theme-font:\nminor-latin;mso-hansi-theme-font:minor-latin;mso-bidi-theme-font:minor-latin;\ncolor:#333333\">, por este encuentro de distintas expresiones de la vida y donde Dios se hace presente, y un hombre que acogi\u00f3 al Papa en esta visita por primera vez al territorio amaz\u00f3nico en Puerto Maldonado\u201d.<o:p><\/o:p><\/span><\/p>\n<p class=\"mce\" style=\"margin: 0cm 0cm 0.0001pt; text-align: justify; background-image: initial; background-position: initial; background-size: initial; background-repeat: initial; background-attachment: initial; background-origin: initial; background-clip: initial;\"><span style=\"font-size:11.0pt;font-family:\"Calibri\",\"sans-serif\";\nmso-ascii-theme-font:minor-latin;mso-hansi-theme-font:minor-latin;mso-bidi-theme-font:\nminor-latin;color:#333333\">\u00a0<\/span><\/p>\n<p class=\"mce\" style=\"margin: 0cm 0cm 0.0001pt; text-align: justify; background-image: initial; background-position: initial; background-size: initial; background-repeat: initial; background-attachment: initial; background-origin: initial; background-clip: initial;\"><span style=\"font-size:11.0pt;font-family:\"Calibri\",\"sans-serif\";\nmso-ascii-theme-font:minor-latin;mso-hansi-theme-font:minor-latin;mso-bidi-theme-font:\nminor-latin;color:#333333\">Para entender d\u00f3nde est\u00e1 el coraz\u00f3n y el servicio que puede dar en este s\u00ednodo Monse\u00f1or David Mart\u00ednez, podemos recordar\u00a0<\/span><strong><span style=\"font-size:11.0pt;font-family:\"Calibri\",\"sans-serif\";mso-ascii-theme-font:\nminor-latin;mso-hansi-theme-font:minor-latin;mso-bidi-theme-font:minor-latin;\ncolor:#474747\">c\u00f3mo estaba organizado el auditorio donde se el Papa Francisco se encontr\u00f3 con los pueblos originarios<\/span><\/strong><span style=\"font-size:\n11.0pt;font-family:\"Calibri\",\"sans-serif\";mso-ascii-theme-font:minor-latin;\nmso-hansi-theme-font:minor-latin;mso-bidi-theme-font:minor-latin;color:#333333\">, se\u00f1ala Mauricio L\u00f3pez, quien recuerda que \u201cestaba el Papa Francisco rodeado por los ancianos de los pueblos originarios, por mujeres y hombres afectados por situaciones de violencia asociadas al extractivismo, a la violencia del territorio, luego los pueblos diversos son sus culturas y riquezas, y s\u00f3lo entonces, m\u00e1s atr\u00e1s, las autoridades civiles, eclesi\u00e1sticas y otros invitados\u201d.<o:p><\/o:p><\/span><\/p>\n<p class=\"mce\" style=\"margin: 0cm 0cm 0.0001pt; text-align: justify; background-image: initial; background-position: initial; background-size: initial; background-repeat: initial; background-attachment: initial; background-origin: initial; background-clip: initial;\"><span style=\"font-size:11.0pt;font-family:\"Calibri\",\"sans-serif\";\nmso-ascii-theme-font:minor-latin;mso-hansi-theme-font:minor-latin;mso-bidi-theme-font:\nminor-latin;color:#333333\">\u00a0<\/span><\/p>\n<p class=\"mce\" style=\"margin: 0cm 0cm 0.0001pt; text-align: justify; background-image: initial; background-position: initial; background-size: initial; background-repeat: initial; background-attachment: initial; background-origin: initial; background-clip: initial;\"><span style=\"font-size:11.0pt;font-family:\"Calibri\",\"sans-serif\";\nmso-ascii-theme-font:minor-latin;mso-hansi-theme-font:minor-latin;mso-bidi-theme-font:\nminor-latin;color:#333333\">En Puerto Maldonado, \u201cel Papa que fue y primero escuch\u00f3, celebr\u00f3 y vivi\u00f3, como parte de esta riqueza cultural, y luego habl\u00f3 con firmeza\u201d, afirma Mauricio L\u00f3pez, para quien Monse\u00f1or David Mart\u00ednez de Aguirre, \u201crefleja eso y por otro lado es una\u00a0<\/span><strong><span style=\"font-size:11.0pt;font-family:\"Calibri\",\"sans-serif\";mso-ascii-theme-font:\nminor-latin;mso-hansi-theme-font:minor-latin;mso-bidi-theme-font:minor-latin;\ncolor:#474747\">expresi\u00f3n de la vida religiosa, que es la que sostiene la misi\u00f3n de la Iglesia en muchos lugares<\/span><\/strong><span style=\"font-size:11.0pt;\nfont-family:\"Calibri\",\"sans-serif\";mso-ascii-theme-font:minor-latin;mso-hansi-theme-font:\nminor-latin;mso-bidi-theme-font:minor-latin;color:#333333\">\u201d.<o:p><\/o:p><\/span><\/p>\n<p class=\"mce\" style=\"margin: 0cm 0cm 0.0001pt; text-align: justify; background-image: initial; background-position: initial; background-size: initial; background-repeat: initial; background-attachment: initial; background-origin: initial; background-clip: initial;\"><span style=\"font-size:11.0pt;font-family:\"Calibri\",\"sans-serif\";\nmso-ascii-theme-font:minor-latin;mso-hansi-theme-font:minor-latin;mso-bidi-theme-font:\nminor-latin;color:#333333\">\u00a0<\/span><\/p>\n<p class=\"mce\" style=\"margin: 0cm 0cm 0.0001pt; text-align: justify; background-image: initial; background-position: initial; background-size: initial; background-repeat: initial; background-attachment: initial; background-origin: initial; background-clip: initial;\"><span style=\"font-size:11.0pt;font-family:\"Calibri\",\"sans-serif\";\nmso-ascii-theme-font:minor-latin;mso-hansi-theme-font:minor-latin;mso-bidi-theme-font:\nminor-latin;color:#333333\">El nombramiento del jesuita Michael Czerny, muy comprometido con una de las grandes causas del Papa Francisco, como es el tema de los migrantes y refugiados, que mostr\u00f3 en la primera salida de su pontificado a Lampedusa, donde quer\u00eda hacer ver que\u00a0<\/span><strong><span style=\"font-size:11.0pt;font-family:\"Calibri\",\"sans-serif\";mso-ascii-theme-font:\nminor-latin;mso-hansi-theme-font:minor-latin;mso-bidi-theme-font:minor-latin;\ncolor:#474747\">la periferia debe ser el centro<\/span><\/strong><span style=\"font-size:11.0pt;font-family:\"Calibri\",\"sans-serif\";mso-ascii-theme-font:\nminor-latin;mso-hansi-theme-font:minor-latin;mso-bidi-theme-font:minor-latin;\ncolor:#333333\">. Mauricio L\u00f3pez ve en el jesuita la figura de un hombre que ha dedicado muchos a\u00f1os en el Vaticano, asistiendo al Cardenal Turkson, alguien que \u201cha mostrado una gran tradici\u00f3n de\u00a0<\/span><strong><span style=\"font-size:11.0pt;font-family:\"Calibri\",\"sans-serif\";mso-ascii-theme-font:\nminor-latin;mso-hansi-theme-font:minor-latin;mso-bidi-theme-font:minor-latin;\ncolor:#474747\">opci\u00f3n por la justicia social<\/span><\/strong><span style=\"font-size:11.0pt;font-family:\"Calibri\",\"sans-serif\";mso-ascii-theme-font:\nminor-latin;mso-hansi-theme-font:minor-latin;mso-bidi-theme-font:minor-latin;\ncolor:#333333\">\u00a0en su propia congregaci\u00f3n jesu\u00edtica\u201d. El Secretario Ejecutivo de la REPAM reconoce la ayuda del Padre Czerny, \u201cpara poder entender su servicio universal, su servicio a la Iglesia global a partir de los acompa\u00f1amientos que nos ha dado y c\u00f3mo nos ha impulsado a servir otras realidades territoriales como la cuenca del Congo o la regi\u00f3n de Asia Pac\u00edfico\u201d.<o:p><\/o:p><\/span><\/p>\n<p class=\"mce\" style=\"margin: 0cm 0cm 0.0001pt; text-align: justify; background-image: initial; background-position: initial; background-size: initial; background-repeat: initial; background-attachment: initial; background-origin: initial; background-clip: initial;\"><span style=\"font-size:11.0pt;font-family:\"Calibri\",\"sans-serif\";\nmso-ascii-theme-font:minor-latin;mso-hansi-theme-font:minor-latin;mso-bidi-theme-font:\nminor-latin;color:#333333\">\u00a0<\/span><\/p>\n<p class=\"mce\" style=\"margin: 0cm 0cm 0.0001pt; text-align: justify; background-image: initial; background-position: initial; background-size: initial; background-repeat: initial; background-attachment: initial; background-origin: initial; background-clip: initial;\"><span style=\"font-size:11.0pt;font-family:\"Calibri\",\"sans-serif\";\nmso-ascii-theme-font:minor-latin;mso-hansi-theme-font:minor-latin;mso-bidi-theme-font:\nminor-latin;color:#333333\">\u201cEste nombramiento de\u00a0<\/span><strong><span style=\"font-size:11.0pt;font-family:\"Calibri\",\"sans-serif\";mso-ascii-theme-font:\nminor-latin;mso-hansi-theme-font:minor-latin;mso-bidi-theme-font:minor-latin;\ncolor:#474747\">tres hombres absolutamente de Dios<\/span><\/strong><span style=\"font-size:11.0pt;font-family:\"Calibri\",\"sans-serif\";mso-ascii-theme-font:\nminor-latin;mso-hansi-theme-font:minor-latin;mso-bidi-theme-font:minor-latin;\ncolor:#333333\">, completamente inmiscuidos en el camino sinodal de la Iglesia, independientemente del acontecimiento de este s\u00ednodo, y de comuni\u00f3n profunda con el itinerario de Francisco, nos llama a sentir que aqu\u00ed se va dando la<\/span><strong><span style=\"font-size:11.0pt;font-family:\"Calibri\",\"sans-serif\";mso-ascii-theme-font:\nminor-latin;mso-hansi-theme-font:minor-latin;mso-bidi-theme-font:minor-latin;\ncolor:#474747\">\u00a0conversi\u00f3n socio-pastoral, la conversi\u00f3n socio-ambiental y la conversi\u00f3n sinodal de una Iglesia que quiere estar cada vez m\u00e1s al servicio del Reino, al servicio de las periferias<\/span><\/strong><span style=\"font-size:\n11.0pt;font-family:\"Calibri\",\"sans-serif\";mso-ascii-theme-font:minor-latin;\nmso-hansi-theme-font:minor-latin;mso-bidi-theme-font:minor-latin;color:#333333\">, para que ellas tambi\u00e9n iluminen, y al servicio de estos nuevos caminos para la Iglesia y para una ecolog\u00eda integral\u201d, concluye Mauricio L\u00f3pez.<o:p><\/o:p><\/span><\/p>\n<p class=\"MsoNormal\" style=\"margin-bottom:0cm;margin-bottom:.0001pt;text-align:\njustify;line-height:normal\"><o:p>\u00a0<\/o:p><\/p>\n<p><i style=\"text-align: justify;\">Tomado de:\u00a0 RELIGION DIGITAL. Por <span style=\"color: rgb(51, 51, 51); background-image: initial; background-position: initial; background-size: initial; background-repeat: initial; background-attachment: initial; background-origin: initial; background-clip: initial;\">Luis Miguel Modino. 4 de mayo de 2019.<\/span><\/i>\u00a0<\/p>\n<p><a href=\"http:\/\/web.hilo.org.pe\/wp-content\/uploads\/relator1 web.jpg\" target=\"_blank\" rel=\"noopener\">Ver archivo adjunto<\/a><\/p>\n","protected":false},"excerpt":{"rendered":"<p>El Papa Francisco acaba de hacer oficial este s\u00e1bado, 4 de mayo el nombramiento del Cardenal Claudio Hummes, Presidente de la Red Eclesial Pan Amaz\u00f3nica \u2013 REPAM, como relator general del S\u00ednodo para la Amazon\u00eda. Junto con el purpurado han sido nombrados dos secretarios especiales, Monse\u00f1or David Mart\u00ednez de Aguirre Guinea, Obispo de Puerto Maldonado, Per\u00fa, y el Padre Michael Czerny, SJ, subsecretario de la Secci\u00f3n Migrantes y Refugiados para el Servicio de Desarrollo Humano Integral.<\/p>\n","protected":false},"author":1,"featured_media":0,"comment_status":"closed","ping_status":"closed","sticky":false,"template":"","format":"standard","meta":{"footnotes":""},"categories":[9],"tags":[],"class_list":["post-3253","post","type-post","status-publish","format-standard","hentry","category-noticias"],"_links":{"self":[{"href":"https:\/\/ceas.org.pe\/index.php\/wp-json\/wp\/v2\/posts\/3253","targetHints":{"allow":["GET"]}}],"collection":[{"href":"https:\/\/ceas.org.pe\/index.php\/wp-json\/wp\/v2\/posts"}],"about":[{"href":"https:\/\/ceas.org.pe\/index.php\/wp-json\/wp\/v2\/types\/post"}],"author":[{"embeddable":true,"href":"https:\/\/ceas.org.pe\/index.php\/wp-json\/wp\/v2\/users\/1"}],"replies":[{"embeddable":true,"href":"https:\/\/ceas.org.pe\/index.php\/wp-json\/wp\/v2\/comments?post=3253"}],"version-history":[{"count":1,"href":"https:\/\/ceas.org.pe\/index.php\/wp-json\/wp\/v2\/posts\/3253\/revisions"}],"predecessor-version":[{"id":5965,"href":"https:\/\/ceas.org.pe\/index.php\/wp-json\/wp\/v2\/posts\/3253\/revisions\/5965"}],"wp:attachment":[{"href":"https:\/\/ceas.org.pe\/index.php\/wp-json\/wp\/v2\/media?parent=3253"}],"wp:term":[{"taxonomy":"category","embeddable":true,"href":"https:\/\/ceas.org.pe\/index.php\/wp-json\/wp\/v2\/categories?post=3253"},{"taxonomy":"post_tag","embeddable":true,"href":"https:\/\/ceas.org.pe\/index.php\/wp-json\/wp\/v2\/tags?post=3253"}],"curies":[{"name":"wp","href":"https:\/\/api.w.org\/{rel}","templated":true}]}}