{"id":3252,"date":"2019-05-02T12:46:54","date_gmt":"2019-05-02T12:46:54","guid":{"rendered":""},"modified":"2026-03-11T09:11:54","modified_gmt":"2026-03-11T14:11:54","slug":"papa-francisco-los-migrantes-no-son-una-amenaza-para-la-cultura","status":"publish","type":"post","link":"https:\/\/ceas.org.pe\/index.php\/2019\/05\/02\/papa-francisco-los-migrantes-no-son-una-amenaza-para-la-cultura\/","title":{"rendered":"Papa Francisco: los migrantes no son una amenaza para la cultura"},"content":{"rendered":"<p class=\"MsoNormal\" style=\"margin-bottom:0cm;margin-bottom:.0001pt;text-align:\njustify;line-height:normal\"><span style=\"mso-fareast-font-family:\"Times New Roman\";\nmso-bidi-font-family:Calibri;mso-bidi-theme-font:minor-latin;color:#373737;\nmso-fareast-language:ES-PE\">Al dar su bienvenida este mediod\u00eda, en la Sala Clementina del Palacio Apost\u00f3lico,\u00a0<a href=\"https:\/\/press.vatican.va\/content\/salastampa\/es\/bollettino\/pubblico\/2019\/05\/02\/pap.html\" target=\"_blank\"><span style=\"color: rgb(55, 55, 55); text-decoration-line: none;\">a los participantes en la Asamblea Plenaria de la Pontificia Academia de Ciencias Sociales<\/span><\/a>, el Papa Bergoglio agradeci\u00f3 a su Presidente, el Profesor Stefano Zamagni, sus amables palabras y por haber aceptado presidir esta Academia. Y record\u00f3 inmediatamente que tambi\u00e9n este a\u00f1o han elegido tratar un tema de actualidad permanente:<o:p><\/o:p><\/span><\/p>\n<p class=\"MsoNormal\" style=\"margin-bottom:0cm;margin-bottom:.0001pt;text-align:\njustify;line-height:normal\"><span style=\"mso-fareast-font-family:\"Times New Roman\";\nmso-bidi-font-family:Calibri;mso-bidi-theme-font:minor-latin;color:#373737;\nmso-fareast-language:ES-PE\">\u00abDesafortunadamente \u2013 dijo el Santo Padre \u2013 tenemos ante nuestros ojos situaciones en las que algunos Estados nacionales implementan sus relaciones en un esp\u00edritu m\u00e1s de contraposici\u00f3n que de cooperaci\u00f3n\u201d Y a\u00f1adi\u00f3 que, adem\u00e1s, se constata que las fronteras de los Estados no siempre coinciden con demarcaciones de poblaciones homog\u00e9neas y que muchas tensiones se deben a una excesiva reivindicaci\u00f3n de soberan\u00eda por parte de los Estados, a menudo precisamente en \u00e1mbitos en los que ya no son capaces de actuar eficazmente para proteger el bien com\u00fan.<o:p><\/o:p><\/span><\/p>\n<p class=\"MsoNormal\" style=\"margin-bottom:0cm;margin-bottom:.0001pt;text-align:\njustify;line-height:normal;mso-outline-level:2\"><b><span style=\"mso-fareast-font-family:\n\"Times New Roman\";mso-bidi-font-family:Calibri;mso-bidi-theme-font:minor-latin;\ncolor:#373737;mso-fareast-language:ES-PE\">\u00a0<\/span><\/b><\/p>\n<p class=\"MsoNormal\" style=\"margin-bottom:0cm;margin-bottom:.0001pt;text-align:\njustify;line-height:normal;mso-outline-level:2\"><b><span style=\"mso-fareast-font-family:\n\"Times New Roman\";mso-bidi-font-family:Calibri;mso-bidi-theme-font:minor-latin;\ncolor:#373737;mso-fareast-language:ES-PE\">Desaf\u00edos de car\u00e1cter global para la humanidad<\/span><\/b><span style=\"mso-fareast-font-family:\"Times New Roman\";\nmso-bidi-font-family:Calibri;mso-bidi-theme-font:minor-latin;color:#373737;\nmso-fareast-language:ES-PE\"><o:p><\/o:p><\/span><\/p>\n<p class=\"MsoNormal\" style=\"margin-bottom:0cm;margin-bottom:.0001pt;text-align:\njustify;line-height:normal\"><span style=\"mso-fareast-font-family:\"Times New Roman\";\nmso-bidi-font-family:Calibri;mso-bidi-theme-font:minor-latin;color:#373737;\nmso-fareast-language:ES-PE\">Adem\u00e1s, el Pont\u00edfice destac\u00f3 que tanto en su\u00a0<a href=\"http:\/\/w2.vatican.va\/content\/francesco\/es\/encyclicals\/documents\/papa-francesco_20150524_enciclica-laudato-si.html\" target=\"_blank\"><span style=\"color: rgb(55, 55, 55); text-decoration-line: none;\">Enc\u00edclica\u00a0Laudato SI<\/span><\/a>\u00a0como en su\u00a0<a href=\"http:\/\/w2.vatican.va\/content\/francesco\/es\/speeches\/2019\/january\/documents\/papa-francesco_20190107_corpo-diplomatico.html\" target=\"_blank\"><span style=\"color: rgb(55, 55, 55); text-decoration-line: none;\">Discurso a los Miembros del Cuerpo Diplom\u00e1tico de este a\u00f1o<\/span><\/a>, \u00e9l mismo ha llamado la atenci\u00f3n sobre los desaf\u00edos de car\u00e1cter global a los que se enfrenta la humanidad, tales como el desarrollo integral, la paz, el cuidado de la casa com\u00fan, el cambio clim\u00e1tico, la pobreza, las guerras, las migraciones, la trata de personas, el tr\u00e1fico de \u00f3rganos, la protecci\u00f3n del bien com\u00fan y las nuevas formas de esclavitud.<o:p><\/o:p><\/span><\/p>\n<p class=\"MsoNormal\" style=\"margin-bottom:0cm;margin-bottom:.0001pt;text-align:\njustify;line-height:normal\"><span style=\"mso-fareast-font-family:\"Times New Roman\";\nmso-bidi-font-family:Calibri;mso-bidi-theme-font:minor-latin;color:#373737;\nmso-fareast-language:ES-PE\">Despu\u00e9s de citar a Santo Tom\u00e1s con su noci\u00f3n de lo que es un pueblo, el Obispo de Roma afirm\u00f3 que \u201cla Iglesia siempre ha exhortado al amor de su propio pueblo, de la patria, a respetar el tesoro de las diversas expresiones culturales, de las costumbres y h\u00e1bitos y de los modos justos de vivir enraizados en los pueblos\u201d.<o:p><\/o:p><\/span><\/p>\n<p class=\"MsoNormal\" style=\"margin-bottom:0cm;margin-bottom:.0001pt;text-align:\njustify;line-height:normal;mso-outline-level:2\"><b><span style=\"mso-fareast-font-family:\n\"Times New Roman\";mso-bidi-font-family:Calibri;mso-bidi-theme-font:minor-latin;\ncolor:#373737;mso-fareast-language:ES-PE\">\u00a0<\/span><\/b><\/p>\n<p class=\"MsoNormal\" style=\"margin-bottom:0cm;margin-bottom:.0001pt;text-align:\njustify;line-height:normal;mso-outline-level:2\"><b><span style=\"mso-fareast-font-family:\n\"Times New Roman\";mso-bidi-font-family:Calibri;mso-bidi-theme-font:minor-latin;\ncolor:#373737;mso-fareast-language:ES-PE\">El nacionalismo conflictivo levanta muros<\/span><\/b><span style=\"mso-fareast-font-family:\"Times New Roman\";\nmso-bidi-font-family:Calibri;mso-bidi-theme-font:minor-latin;color:#373737;\nmso-fareast-language:ES-PE\"><o:p><\/o:p><\/span><\/p>\n<p class=\"MsoNormal\" style=\"margin-bottom:0cm;margin-bottom:.0001pt;text-align:\njustify;line-height:normal\"><span style=\"mso-fareast-font-family:\"Times New Roman\";\nmso-bidi-font-family:Calibri;mso-bidi-theme-font:minor-latin;color:#373737;\nmso-fareast-language:ES-PE\">Y destac\u00f3 que \u201cla Iglesia ha advertido siempre a las personas, a los pueblos y a los gobiernos acerca de las desviaciones de este apego cuando se dirige a la exclusi\u00f3n y al odio de los dem\u00e1s, cuando se convierte en un nacionalismo conflictivo que levanta muros, es m\u00e1s, incluso en racismo o antisemitismo\u201d.<o:p><\/o:p><\/span><\/p>\n<p class=\"MsoNormal\" style=\"margin-bottom:0cm;margin-bottom:.0001pt;text-align:\njustify;line-height:normal\"><span style=\"mso-fareast-font-family:\"Times New Roman\";\nmso-bidi-font-family:Calibri;mso-bidi-theme-font:minor-latin;color:#373737;\nmso-fareast-language:ES-PE\">Por esta raz\u00f3n Francisco no dud\u00f3 en recordar que \u201cla Iglesia observa con preocupaci\u00f3n el resurgimiento, en casi todas partes del mundo, de corrientes agresivas hacia los extranjeros, especialmente los inmigrantes, as\u00ed como ese nacionalismo creciente que descuida el bien com\u00fan\u00bb.<o:p><\/o:p><\/span><\/p>\n<p class=\"MsoNormal\" style=\"margin-bottom:0cm;margin-bottom:.0001pt;text-align:\njustify;line-height:normal\"><span style=\"mso-fareast-font-family:\"Times New Roman\";\nmso-bidi-font-family:Calibri;mso-bidi-theme-font:minor-latin;color:#373737;\nmso-fareast-language:ES-PE\">S\u00ed, porque como dijo el Papa, \u201cesto podr\u00eda comprometer las formas ya consolidadas de cooperaci\u00f3n internacional\u201d, haciendo que se corra el riesgo de \u201csocavar los objetivos de las Organizaciones internacionales como espacio de di\u00e1logo y de encuentro para todos los pa\u00edses en un nivel de respeto mutuo, y obstaculizar el logro de los Objetivos de desarrollo sostenible aprobados un\u00e1nimemente por la Asamblea General de las Naciones Unidas el 25 de septiembre de 2015\u201d.<o:p><\/o:p><\/span><\/p>\n<p class=\"MsoNormal\" style=\"margin-bottom:0cm;margin-bottom:.0001pt;text-align:\njustify;line-height:normal\"><span style=\"mso-fareast-font-family:\"Times New Roman\";\nmso-bidi-font-family:Calibri;mso-bidi-theme-font:minor-latin;color:#373737;\nmso-fareast-language:ES-PE\">\u00a0<\/span><\/p>\n<p class=\"MsoNormal\" style=\"margin-bottom:0cm;margin-bottom:.0001pt;text-align:\njustify;line-height:normal\"><b><span style=\"mso-fareast-font-family:\"Times New Roman\";\nmso-bidi-font-family:Calibri;mso-bidi-theme-font:minor-latin;color:#373737;\nmso-fareast-language:ES-PE\">El Estado est\u00e1 al servicio de las personas<\/span><\/b><span style=\"mso-fareast-font-family:\"Times New Roman\";mso-bidi-font-family:Calibri;\nmso-bidi-theme-font:minor-latin;color:#373737;mso-fareast-language:ES-PE\"><o:p><\/o:p><\/span><\/p>\n<p class=\"MsoNormal\" style=\"margin-bottom:0cm;margin-bottom:.0001pt;text-align:\njustify;line-height:normal\"><span style=\"mso-fareast-font-family:\"Times New Roman\";\nmso-bidi-font-family:Calibri;mso-bidi-theme-font:minor-latin;color:#373737;\nmso-fareast-language:ES-PE\">Tambi\u00e9n reafirm\u00f3 que es doctrina com\u00fan que el Estado est\u00e1 al servicio de la persona y de los grupos naturales de personas como la familia, el grupo cultural, la naci\u00f3n como expresi\u00f3n de la voluntad y de las costumbres profundas de un pueblo, el bien com\u00fan y la paz. Y dijo que sin embargo, \u201ccon demasiada frecuencia los Estados est\u00e1n subordinados a los intereses de un grupo dominante, sobre todo por razones de beneficio econ\u00f3mico, que oprime, entre otras, a las minor\u00edas \u00e9tnicas, ling\u00fc\u00edsticas o religiosas que se encuentran en su territorio\u201d.<o:p><\/o:p><\/span><\/p>\n<p class=\"MsoNormal\" style=\"margin-bottom:0cm;margin-bottom:.0001pt;text-align:\njustify;line-height:normal\"><span style=\"mso-fareast-font-family:\"Times New Roman\";\nmso-bidi-font-family:Calibri;mso-bidi-theme-font:minor-latin;color:#373737;\nmso-fareast-language:ES-PE\">Y desde esta perspectiva y a modo de ejemplo Francisco agreg\u00f3 que el modo con que una naci\u00f3n acoge a los migrantes revela su visi\u00f3n de la dignidad humana y su relaci\u00f3n con la humanidad. En efecto \u2013prosigui\u00f3 diciendo el Papa\u2013 \u201ctoda persona humana es miembro de la humanidad y tiene la misma dignidad\u201d. Y \u201ccuando una persona o una familia se ve obligada a abandonar su propia tierra, debe ser acogida con humanidad\u201d.<o:p><\/o:p><\/span><\/p>\n<p class=\"MsoNormal\" style=\"margin-bottom:0cm;margin-bottom:.0001pt;text-align:\njustify;line-height:normal;mso-outline-level:2\"><b><span style=\"mso-fareast-font-family:\n\"Times New Roman\";mso-bidi-font-family:Calibri;mso-bidi-theme-font:minor-latin;\ncolor:#373737;mso-fareast-language:ES-PE\">\u00a0<\/span><\/b><\/p>\n<p class=\"MsoNormal\" style=\"margin-bottom:0cm;margin-bottom:.0001pt;text-align:\njustify;line-height:normal;mso-outline-level:2\"><b><span style=\"mso-fareast-font-family:\n\"Times New Roman\";mso-bidi-font-family:Calibri;mso-bidi-theme-font:minor-latin;\ncolor:#373737;mso-fareast-language:ES-PE\">Acoger, proteger, promover e integrar<\/span><\/b><span style=\"mso-fareast-font-family:\"Times New Roman\";mso-bidi-font-family:Calibri;\nmso-bidi-theme-font:minor-latin;color:#373737;mso-fareast-language:ES-PE\"><o:p><\/o:p><\/span><\/p>\n<p class=\"MsoNormal\" style=\"margin-bottom:0cm;margin-bottom:.0001pt;text-align:\njustify;line-height:normal\"><span style=\"mso-fareast-font-family:\"Times New Roman\";\nmso-bidi-font-family:Calibri;mso-bidi-theme-font:minor-latin;color:#373737;\nmso-fareast-language:ES-PE\">Por eso record\u00f3 que muchas veces ha dicho que \u201cnuestras obligaciones con los migrantes se articulan en torno a cuatro verbos: acoger, proteger, promover e integrar\u201d. Sabiendo que \u201cel migrante no es una amenaza para la cultura, las costumbres y los valores de la naci\u00f3n que lo acoge\u201d. Y que tambi\u00e9n \u00e9l tiene el deber de integrarse en la naci\u00f3n receptora. Precisando, sin embargo que \u201cintegrarse no significa asimilar, sino compartir el tipo de vida de su nueva patria, aunque siga siendo \u00e9l mismo como persona, portador de su propia historia biogr\u00e1fica\u201d. De este modo \u2013a\u00f1adi\u00f3 Francisco\u2013 el migrante podr\u00e1 presentarse y ser reconocido como una oportunidad para enriquecer al pueblo lo integra. De manera que \u201ces tarea de la autoridad p\u00fablica proteger a los migrantes y regular los flujos migratorios con la virtud de la prudencia, as\u00ed como promover la acogida de manera que las poblaciones locales reciban formaci\u00f3n y se les aliente a participar conscientemente en el proceso de integraci\u00f3n de los migrantes que son acogidos\u201d.<o:p><\/o:p><\/span><\/p>\n<p class=\"MsoNormal\" style=\"margin-bottom:0cm;margin-bottom:.0001pt;text-align:\njustify;line-height:normal\"><span style=\"mso-fareast-font-family:\"Times New Roman\";\nmso-bidi-font-family:Calibri;mso-bidi-theme-font:minor-latin;color:#373737;\nmso-fareast-language:ES-PE\">El Papa Francisco les dijo adem\u00e1s que la cuesti\u00f3n migratoria, que es un dato permanente de la historia de la humanidad, anima la reflexi\u00f3n sobre la naturaleza del Estado nacional, teniendo en cuenta que todas las naciones son el resultado de la integraci\u00f3n de sucesivas oleadas de personas o grupos de migrantes y tienden a ser im\u00e1genes de la diversidad de la humanidad, estando unidas por valores y recursos culturales comunes y sanas costumbres. De ah\u00ed que, seg\u00fan el Pont\u00edfice, un Estado que despierte los sentimientos nacionalistas de su propio pueblo contra otras naciones o grupos de personas \u201cfracasar\u00eda en su misi\u00f3n\u201d, sabiendo, por la historia, \u201cad\u00f3nde conducen estas desviaciones\u201d.<o:p><\/o:p><\/span><\/p>\n<p class=\"MsoNormal\" style=\"margin-bottom:0cm;margin-bottom:.0001pt;text-align:\njustify;line-height:normal\"><span style=\"mso-fareast-font-family:\"Times New Roman\";\nmso-bidi-font-family:Calibri;mso-bidi-theme-font:minor-latin;color:#373737;\nmso-fareast-language:ES-PE\">Tras referirse al principio de subsidiariedad, el Papa manifest\u00f3 que es de esperar que, por ejemplo, no perdamos en Europa la conciencia de los beneficios de este camino de acercamiento y armon\u00eda entre los pueblos emprendido despu\u00e9s de la Segunda Guerra Mundial. Y record\u00f3 que en Am\u00e9rica Latina, Sim\u00f3n Bol\u00edvar impuls\u00f3 a los l\u00edderes de su tiempo a forjar el sue\u00f1o de una Patria Grande que sepa y pueda acoger, respetar, abrazar y desarrollar la riqueza de cada pueblo. \u201cEsta visi\u00f3n cooperativa entre las naciones \u2013dijo Francisco\u2013 puede hacer avanzar la historia relanzando el multilateralismo, opuesto tanto a los nuevos impulsos nacionalistas como a una pol\u00edtica hegem\u00f3nica\u201d.<o:p><\/o:p><\/span><\/p>\n<p class=\"MsoNormal\" style=\"margin-bottom:0cm;margin-bottom:.0001pt;text-align:\njustify;line-height:normal\"><span style=\"mso-fareast-font-family:\"Times New Roman\";\nmso-bidi-font-family:Calibri;mso-bidi-theme-font:minor-latin;color:#373737;\nmso-fareast-language:ES-PE\">Entre otros temas relacionados el Pont\u00edfice aludi\u00f3 a evitar la amenaza de recurrir a los conflictos armados, al dise\u00f1o de una globalizaci\u00f3n imaginada como esf\u00e9rica, que nivela las diferencias y sofoca la localizaci\u00f3n, y a la implementaci\u00f3n de una globalizaci\u00f3n \u00abpolifac\u00e9tica\u00bb, que apoye una sana lucha por el reconocimiento mutuo entre la identidad colectiva de cada pueblo y naci\u00f3n y la propia globalizaci\u00f3n, seg\u00fan el principio de que todo est\u00e1 por encima de las partes, a fin de llegar a un estado general de paz y armon\u00eda.<o:p><\/o:p><\/span><\/p>\n<p class=\"MsoNormal\" style=\"margin-bottom:0cm;margin-bottom:.0001pt;text-align:\njustify;line-height:normal\"><span style=\"mso-fareast-font-family:\"Times New Roman\";\nmso-bidi-font-family:Calibri;mso-bidi-theme-font:minor-latin;color:#373737;\nmso-fareast-language:ES-PE\">Por \u00faltimo el Papa los anim\u00f3 a perseverar en su b\u00fasqueda de procesos para superar lo que divide a las naciones y a proponer nuevos caminos de cooperaci\u00f3n, especialmente con respecto a los nuevos desaf\u00edos del cambio clim\u00e1tico y la nueva esclavitud, as\u00ed como el excelso bien social que es la paz. Llam\u00e1ndolos queridos amigos, \u201ccomo habitantes de nuestro tiempo, cristianos y acad\u00e9micos de la Pontificia Academia de Ciencias Sociales\u201d, el Santo \u00a0Padre les pidi\u00f3 que colaboren con \u00e9l en la difusi\u00f3n de esta conciencia de renovada solidaridad internacional en el respeto de la dignidad humana, el bien com\u00fan, el respeto del planeta y el bien supremo de la paz. Y tras bendecirlos de coraz\u00f3n les dijo que los acompa\u00f1a con su oraci\u00f3n, a la vez que les pidi\u00f3 que tambi\u00e9n ellos no se olviden de rezar por \u00e9l.<o:p><\/o:p><\/span><\/p>\n<p class=\"MsoNormal\" style=\"margin-bottom:0cm;margin-bottom:.0001pt;text-align:\njustify;line-height:normal\"><o:p>\u00a0<\/o:p><\/p>\n<p><i style=\"text-align: justify;\">Tomado de: VATICAN NEWS. Por <\/i><i style=\"text-align: justify;\"><span style=\"mso-fareast-font-family:\"Times New Roman\";mso-bidi-font-family:Calibri;\nmso-bidi-theme-font:minor-latin;color:#373737;mso-fareast-language:ES-PE;\nmso-bidi-font-weight:bold\">Mar\u00eda Fernanda Bernasconi. Ciudad del Vaticano. 2 de mayo de 2019.<\/span><\/i>\u00a0<\/p>\n<p><a href=\"http:\/\/web.hilo.org.pe\/wp-content\/uploads\/Migrantes 01.jpeg\" target=\"_blank\" rel=\"noopener\">Ver archivo adjunto<\/a><\/p>\n","protected":false},"excerpt":{"rendered":"<p>\u201cNuestras obligaciones con los migrantes se articulan en torno a cuatro verbos: acoger, proteger, promover e integrar\u201d. De ah\u00ed que un Estado que despierte sentimientos nacionalistas contra otras naciones o grupos de personas \u201cfracasar\u00eda en su misi\u00f3n\u201d, tal como lo afirm\u00f3 Francisco al recibir a los participantes en la Asamblea Plenaria de la Pontificia Academia de Ciencias Sociales.<\/p>\n","protected":false},"author":1,"featured_media":0,"comment_status":"closed","ping_status":"closed","sticky":false,"template":"","format":"standard","meta":{"footnotes":""},"categories":[9],"tags":[],"class_list":["post-3252","post","type-post","status-publish","format-standard","hentry","category-noticias"],"_links":{"self":[{"href":"https:\/\/ceas.org.pe\/index.php\/wp-json\/wp\/v2\/posts\/3252","targetHints":{"allow":["GET"]}}],"collection":[{"href":"https:\/\/ceas.org.pe\/index.php\/wp-json\/wp\/v2\/posts"}],"about":[{"href":"https:\/\/ceas.org.pe\/index.php\/wp-json\/wp\/v2\/types\/post"}],"author":[{"embeddable":true,"href":"https:\/\/ceas.org.pe\/index.php\/wp-json\/wp\/v2\/users\/1"}],"replies":[{"embeddable":true,"href":"https:\/\/ceas.org.pe\/index.php\/wp-json\/wp\/v2\/comments?post=3252"}],"version-history":[{"count":1,"href":"https:\/\/ceas.org.pe\/index.php\/wp-json\/wp\/v2\/posts\/3252\/revisions"}],"predecessor-version":[{"id":5966,"href":"https:\/\/ceas.org.pe\/index.php\/wp-json\/wp\/v2\/posts\/3252\/revisions\/5966"}],"wp:attachment":[{"href":"https:\/\/ceas.org.pe\/index.php\/wp-json\/wp\/v2\/media?parent=3252"}],"wp:term":[{"taxonomy":"category","embeddable":true,"href":"https:\/\/ceas.org.pe\/index.php\/wp-json\/wp\/v2\/categories?post=3252"},{"taxonomy":"post_tag","embeddable":true,"href":"https:\/\/ceas.org.pe\/index.php\/wp-json\/wp\/v2\/tags?post=3252"}],"curies":[{"name":"wp","href":"https:\/\/api.w.org\/{rel}","templated":true}]}}