{"id":3251,"date":"2019-05-02T12:11:16","date_gmt":"2019-05-02T12:11:16","guid":{"rendered":""},"modified":"2026-03-11T09:11:54","modified_gmt":"2026-03-11T14:11:54","slug":"el-video-del-papa-para-mayo-la-iglesia-en-africa-sea-fermento-de-unidad","status":"publish","type":"post","link":"https:\/\/ceas.org.pe\/index.php\/2019\/05\/02\/el-video-del-papa-para-mayo-la-iglesia-en-africa-sea-fermento-de-unidad\/","title":{"rendered":"El Video del Papa para mayo: La Iglesia en \u00c1frica sea fermento de unidad"},"content":{"rendered":"<p class=\"MsoNormal\" style=\"margin-bottom:0cm;margin-bottom:.0001pt;text-align:\njustify;line-height:normal\"><span style=\"mso-fareast-font-family:\"Times New Roman\";\nmso-bidi-font-family:Calibri;mso-bidi-theme-font:minor-latin;color:#373737;\nmso-fareast-language:ES-PE\">Como todos los meses, el Pont\u00edfice ha expresado su Intenci\u00f3n de Oraci\u00f3n mediante \u00abEl Video del Papa\u00bb\u00a0una idea de la Red Mundial de Oraci\u00f3n del Papa para promover a nivel mundial las intenciones mensuales del Santo Padre, disponible en diferentes idiomas.<o:p><\/o:p><\/span><\/p>\n<p class=\"MsoNormal\" style=\"margin-bottom:0cm;margin-bottom:.0001pt;text-align:\njustify;line-height:normal\"><span style=\"mso-fareast-font-family:\"Times New Roman\";\nmso-bidi-font-family:Calibri;mso-bidi-theme-font:minor-latin;color:#373737;\nmso-fareast-language:ES-PE\">\u00a0<\/span><\/p>\n<p class=\"MsoNormal\" style=\"margin-bottom:0cm;margin-bottom:.0001pt;text-align:\njustify;line-height:normal\"><span style=\"mso-fareast-font-family:\"Times New Roman\";\nmso-bidi-font-family:Calibri;mso-bidi-theme-font:minor-latin;color:#373737;\nmso-fareast-language:ES-PE\">Este mes mariano de mayo, la intenci\u00f3n de oraci\u00f3n de Francisco es rezar por la Iglesia en \u00c1frica. En su video, asegura que las divisiones \u00e9tnicas, ling\u00fc\u00edsticas y tribales que sufre el continente \u201cpueden superarse promoviendo la unidad en la diversidad\u201d y agradece a las monjas, los sacerdotes, los laicos y los misioneros \u201cpor su labor a favor del di\u00e1logo y la reconciliaci\u00f3n entre los diversos sectores de la sociedad africana\u201d. \u00a0Adem\u00e1s, destaca la profunda labor de la Iglesia, \u201cque gracias a su capilaridad \u2013 dice el Papa \u2013 logra llegar a los lugares m\u00e1s distantes, donde ni los estados ni las organizaciones no gubernamentales logran a menudo llegar\u201d. Por tanto pide, para que a trav\u00e9s del compromiso de sus miembros \u201cla Iglesia en \u00c1frica sea un fermento de unidad entre todos los pueblos, y un signo de esperanza para este continente\u201d.<o:p><\/o:p><\/span><\/p>\n<p class=\"MsoNormal\" style=\"margin-bottom:0cm;margin-bottom:.0001pt;text-align:\njustify;line-height:normal;mso-outline-level:2\"><span style=\"mso-fareast-font-family:\n\"Times New Roman\";mso-bidi-font-family:Calibri;mso-bidi-theme-font:minor-latin;\ncolor:#373737;mso-fareast-language:ES-PE\">\u00a0<\/span><\/p>\n<p class=\"MsoNormal\" style=\"margin-bottom:0cm;margin-bottom:.0001pt;text-align:\njustify;line-height:normal;mso-outline-level:2\"><b><span style=\"mso-fareast-font-family:\"Times New Roman\";mso-bidi-font-family:\nCalibri;mso-bidi-theme-font:minor-latin;color:#373737;mso-fareast-language:\nES-PE\">\u00c1frica agrupa al 17.6% de los cat\u00f3licos de todo el planeta<o:p><\/o:p><\/span><\/b><\/p>\n<p class=\"MsoNormal\" style=\"margin-bottom:0cm;margin-bottom:.0001pt;text-align:\njustify;line-height:normal\"><span style=\"mso-fareast-font-family:\"Times New Roman\";\nmso-bidi-font-family:Calibri;mso-bidi-theme-font:minor-latin;color:#373737;\nmso-fareast-language:ES-PE\">Seg\u00fan datos recogidos por el Anuario Pontificio de 2018, el n\u00famero de cat\u00f3licos en \u00c1frica ha aumentado de poco m\u00e1s de 185 millones en 2010 a m\u00e1s de 228 millones en 2016. Entre los pa\u00edses que conforman el continente, la Rep\u00fablica Democr\u00e1tica del Congo se confirma como el primer pa\u00eds por n\u00famero de cat\u00f3licos bautizados, con m\u00e1s de 44 millones, seguido por Nigeria con 28 millones, aunque Uganda, Tanzania y Kenia tambi\u00e9n registran cifras en aumento. Adem\u00e1s, de los 15 pa\u00edses en el mundo en los que ha habido un mayor aumento en el porcentaje de bautizados, 4 de ellos se encuentran en el continente africano (Rep\u00fablica Democr\u00e1tica del Congo, Nigeria, Uganda y Angola).<o:p><\/o:p><\/span><\/p>\n<p class=\"MsoNormal\" style=\"margin-bottom:0cm;margin-bottom:.0001pt;text-align:\njustify;line-height:normal\"><span style=\"mso-fareast-font-family:\"Times New Roman\";\nmso-bidi-font-family:Calibri;mso-bidi-theme-font:minor-latin;color:#373737;\nmso-fareast-language:ES-PE\">\u00a0<\/span><\/p>\n<p class=\"MsoNormal\" style=\"margin-bottom:0cm;margin-bottom:.0001pt;text-align:\njustify;line-height:normal;mso-outline-level:2\"><b><span style=\"mso-fareast-font-family:\"Times New Roman\";mso-bidi-font-family:\nCalibri;mso-bidi-theme-font:minor-latin;color:#373737;mso-fareast-language:\nES-PE\">Red Mundial de Oraci\u00f3n del Papa: vivir la unidad en la diversidad<o:p><\/o:p><\/span><\/b><\/p>\n<p class=\"MsoNormal\" style=\"margin-bottom:0cm;margin-bottom:.0001pt;text-align:\njustify;line-height:normal\"><span style=\"mso-fareast-font-family:\"Times New Roman\";\nmso-bidi-font-family:Calibri;mso-bidi-theme-font:minor-latin;color:#373737;\nmso-fareast-language:ES-PE\">El Padre Fr\u00e9d\u00e9ric Fornos SJ, Director de la Red Mundial de Oraci\u00f3n del Papa, subraya, por un lado, que para que la Iglesia en \u00c1frica sea un fermento de unidad entre todos los pueblos, \u201cla comunidad cristiana tendr\u00eda que vivir esta unidad en la diversidad, seg\u00fan el deseo del Se\u00f1or Jesucristo: -que todos sean uno-\u201d. Por otro, expresa la \u201curgencia\u201d en la b\u00fasqueda de caminos de unidad \u201cdada la gravedad de la divisi\u00f3n entre cristianos en el mundo, y particularmente en \u00c1frica\u201d.<o:p><\/o:p><\/span><\/p>\n<p class=\"MsoNormal\" style=\"margin-bottom:0cm;margin-bottom:.0001pt;text-align:\njustify;line-height:normal\"><o:p>\u00a0<\/o:p><\/p>\n<p><i style=\"text-align: justify;\">Tomado de: VATICAN NEWS. Por <\/i><i style=\"text-align: justify;\"><span style=\"mso-fareast-font-family:\"Times New Roman\";mso-bidi-font-family:Calibri;\nmso-bidi-theme-font:minor-latin;color:#373737;mso-fareast-language:ES-PE;\nmso-bidi-font-weight:bold\">Mireia Bonilla. Ciudad del Vaticano. 2 de mayo de 2019.<\/span><\/i>\u00a0<\/p>\n<p><a href=\"http:\/\/web.hilo.org.pe\/wp-content\/uploads\/Video mayo.jpg\" target=\"_blank\" rel=\"noopener\">Ver archivo adjunto<\/a><\/p>\n","protected":false},"excerpt":{"rendered":"<p>El Papa Francisco invita a rezar este mes por la Iglesia en \u00c1frica, \u201cpara que sea fermento de unidad entre los pueblos y signo de esperanza para todo el continente\u201d.<\/p>\n","protected":false},"author":1,"featured_media":0,"comment_status":"closed","ping_status":"closed","sticky":false,"template":"","format":"standard","meta":{"footnotes":""},"categories":[9],"tags":[],"class_list":["post-3251","post","type-post","status-publish","format-standard","hentry","category-noticias"],"_links":{"self":[{"href":"https:\/\/ceas.org.pe\/index.php\/wp-json\/wp\/v2\/posts\/3251","targetHints":{"allow":["GET"]}}],"collection":[{"href":"https:\/\/ceas.org.pe\/index.php\/wp-json\/wp\/v2\/posts"}],"about":[{"href":"https:\/\/ceas.org.pe\/index.php\/wp-json\/wp\/v2\/types\/post"}],"author":[{"embeddable":true,"href":"https:\/\/ceas.org.pe\/index.php\/wp-json\/wp\/v2\/users\/1"}],"replies":[{"embeddable":true,"href":"https:\/\/ceas.org.pe\/index.php\/wp-json\/wp\/v2\/comments?post=3251"}],"version-history":[{"count":1,"href":"https:\/\/ceas.org.pe\/index.php\/wp-json\/wp\/v2\/posts\/3251\/revisions"}],"predecessor-version":[{"id":5967,"href":"https:\/\/ceas.org.pe\/index.php\/wp-json\/wp\/v2\/posts\/3251\/revisions\/5967"}],"wp:attachment":[{"href":"https:\/\/ceas.org.pe\/index.php\/wp-json\/wp\/v2\/media?parent=3251"}],"wp:term":[{"taxonomy":"category","embeddable":true,"href":"https:\/\/ceas.org.pe\/index.php\/wp-json\/wp\/v2\/categories?post=3251"},{"taxonomy":"post_tag","embeddable":true,"href":"https:\/\/ceas.org.pe\/index.php\/wp-json\/wp\/v2\/tags?post=3251"}],"curies":[{"name":"wp","href":"https:\/\/api.w.org\/{rel}","templated":true}]}}