{"id":3250,"date":"2019-04-30T21:04:29","date_gmt":"2019-04-30T21:04:29","guid":{"rendered":""},"modified":"2026-03-11T09:11:54","modified_gmt":"2026-03-11T14:11:54","slug":"beneficio-excepcional-de-semilibertad-y-liberacion-definitiva-por-rehabilitacion-de-los-reclusos","status":"publish","type":"post","link":"https:\/\/ceas.org.pe\/index.php\/2019\/04\/30\/beneficio-excepcional-de-semilibertad-y-liberacion-definitiva-por-rehabilitacion-de-los-reclusos\/","title":{"rendered":"Beneficio excepcional de semilibertad y liberaci\u00f3n definitiva por rehabilitaci\u00f3n de los reclusos"},"content":{"rendered":"<p style=\"margin: 0cm 0cm 0.0001pt; text-align: justify; background-image: initial; background-position: initial; background-size: initial; background-repeat: initial; background-attachment: initial; background-origin: initial; background-clip: initial;\"><span style=\"font-size:11.0pt;font-family:\"Calibri\",\"sans-serif\";color:#1D2129\">La Comisi\u00f3n de Justicia y Derechos Humanos del Congreso de la Rep\u00fablica, presidida por el congresista Alberto Oliva Corrales, recibi\u00f3 a Monse\u00f1or Jorge Izaguirre, presidente de la Comisi\u00f3n Episcopal de Acci\u00f3n Social (CEAS), a Silvia Alayo y Luis Francia, representantes de la organizaci\u00f3n propulsora de la iniciativa Ciudadana del Proyecto de Ley N\u00ba 3567\/2018-IC, que propone la ley de beneficio excepcional de semilibertad y liberaci\u00f3n definitiva por rehabilitaci\u00f3n. <o:p><\/o:p><\/span><\/p>\n<p style=\"margin: 0cm 0cm 0.0001pt; text-align: justify; background-image: initial; background-position: initial; background-size: initial; background-repeat: initial; background-attachment: initial; background-origin: initial; background-clip: initial;\">\u00a0<\/p>\n<p style=\"margin: 0cm 0cm 0.0001pt; text-align: justify; background-image: initial; background-position: initial; background-size: initial; background-repeat: initial; background-attachment: initial; background-origin: initial; background-clip: initial;\"><span style=\"mso-ascii-font-family:Calibri;\nmso-hansi-font-family:Calibri;mso-bidi-font-family:Calibri;color:#1D2129\">Esta iniciativa <\/span><span style=\"color: rgb(28, 30, 33); background-image: initial; background-position: initial; background-size: initial; background-repeat: initial; background-attachment: initial; background-origin: initial; background-clip: initial;\">legislativa plantea conceder un beneficio penitenciario por \u00fanica vez para los reclusos que se hayan rehabilitado de manera comprobada, que hayan cumplido con los requisitos y que, por lo tanto, no representen un peligro para la sociedad<\/span>. <span style=\"mso-ascii-font-family:Calibri;mso-hansi-font-family:Calibri;\nmso-bidi-font-family:Calibri;color:#1D2129\">Cabe precisar que se contemplan requisitos como el cumplimiento de por lo menos un tercio de la pena, que tenga cinco informes favorables semestrales y que hayan progresado a la etapa m\u00ednima de seguridad.<o:p><\/o:p><\/span><\/p>\n<p style=\"margin: 0cm 0cm 0.0001pt; background-image: initial; background-position: initial; background-size: initial; background-repeat: initial; background-attachment: initial; background-origin: initial; background-clip: initial;\"><span style=\"font-size:11.0pt;\nfont-family:\"Calibri\",\"sans-serif\";color:#1D2129\">\u00a0<\/span><\/p>\n<p style=\"margin: 0cm 0cm 0.0001pt; text-align: justify; background-image: initial; background-position: initial; background-size: initial; background-repeat: initial; background-attachment: initial; background-origin: initial; background-clip: initial;\"><span style=\"font-size:11.0pt;font-family:\"Calibri\",\"sans-serif\";color:#1D2129\">Al finalizar la sesi\u00f3n informativa, el presidente de la Comisi\u00f3n de Justicia y Derechos Humanos, Alberto Oliva Corrales, destac\u00f3 la importancia de estudiar y analizar con profundidad el beneficio de la semilibertad y la liberaci\u00f3n definitiva por rehabilitaci\u00f3n de reos, pues contribuir\u00eda a un camino resocializador en beneficio de la sociedad.<o:p><\/o:p><\/span><\/p>\n<p style=\"margin: 0cm 0cm 0.0001pt; text-align: justify; background-image: initial; background-position: initial; background-size: initial; background-repeat: initial; background-attachment: initial; background-origin: initial; background-clip: initial;\"><span style=\"font-size:11.0pt;font-family:\"Calibri\",\"sans-serif\";color:#1D2129\">\u00a0<\/span><\/p>\n<p><i style=\"text-align: justify;\"><span style=\"font-size:11.0pt;font-family:\n\"Calibri\",\"sans-serif\";color:#1D2129\">Tomado de: Comisi\u00f3n de Justicia y Derechos Humanos. Congreso de\u00a0 la Rep\u00fablica. \u00a030 de abril de 2019.<\/span><\/i>\u00a0<\/p>\n<p><a href=\"http:\/\/web.hilo.org.pe\/wp-content\/uploads\/nota de prensa CONGRESO.jpg\" target=\"_blank\" rel=\"noopener\">Ver archivo adjunto<\/a><\/p>\n","protected":false},"excerpt":{"rendered":"<p>Esta iniciativa legislativa plantea conceder un beneficio penitenciario por \u00fanica vez para los reclusos que se hayan rehabilitado de manera comprobada, que hayan cumplido con los requisitos y que, por lo tanto, no representen un peligro para la sociedad.<\/p>\n","protected":false},"author":1,"featured_media":0,"comment_status":"closed","ping_status":"closed","sticky":false,"template":"","format":"standard","meta":{"footnotes":""},"categories":[9],"tags":[],"class_list":["post-3250","post","type-post","status-publish","format-standard","hentry","category-noticias"],"_links":{"self":[{"href":"https:\/\/ceas.org.pe\/index.php\/wp-json\/wp\/v2\/posts\/3250","targetHints":{"allow":["GET"]}}],"collection":[{"href":"https:\/\/ceas.org.pe\/index.php\/wp-json\/wp\/v2\/posts"}],"about":[{"href":"https:\/\/ceas.org.pe\/index.php\/wp-json\/wp\/v2\/types\/post"}],"author":[{"embeddable":true,"href":"https:\/\/ceas.org.pe\/index.php\/wp-json\/wp\/v2\/users\/1"}],"replies":[{"embeddable":true,"href":"https:\/\/ceas.org.pe\/index.php\/wp-json\/wp\/v2\/comments?post=3250"}],"version-history":[{"count":1,"href":"https:\/\/ceas.org.pe\/index.php\/wp-json\/wp\/v2\/posts\/3250\/revisions"}],"predecessor-version":[{"id":5968,"href":"https:\/\/ceas.org.pe\/index.php\/wp-json\/wp\/v2\/posts\/3250\/revisions\/5968"}],"wp:attachment":[{"href":"https:\/\/ceas.org.pe\/index.php\/wp-json\/wp\/v2\/media?parent=3250"}],"wp:term":[{"taxonomy":"category","embeddable":true,"href":"https:\/\/ceas.org.pe\/index.php\/wp-json\/wp\/v2\/categories?post=3250"},{"taxonomy":"post_tag","embeddable":true,"href":"https:\/\/ceas.org.pe\/index.php\/wp-json\/wp\/v2\/tags?post=3250"}],"curies":[{"name":"wp","href":"https:\/\/api.w.org\/{rel}","templated":true}]}}