{"id":3248,"date":"2019-04-25T16:36:22","date_gmt":"2019-04-25T16:36:22","guid":{"rendered":""},"modified":"2026-03-11T09:11:54","modified_gmt":"2026-03-11T14:11:54","slug":"en-junio-se-presenta-instrumentum-laboris-del-sinodo-sobre-la-amazonia","status":"publish","type":"post","link":"https:\/\/ceas.org.pe\/index.php\/2019\/04\/25\/en-junio-se-presenta-instrumentum-laboris-del-sinodo-sobre-la-amazonia\/","title":{"rendered":"En junio se presenta Instrumentum laboris del s\u00ednodo sobre la Amazon\u00eda"},"content":{"rendered":"<p style=\"margin: 0cm 0cm 0.0001pt; text-align: justify; background-image: initial; background-position: initial; background-size: initial; background-repeat: initial; background-attachment: initial; background-origin: initial; background-clip: initial;\"><span style=\"font-size:11.0pt;font-family:\"Calibri\",sans-serif;mso-ascii-theme-font:\nminor-latin;mso-hansi-theme-font:minor-latin;mso-bidi-theme-font:minor-latin;\ncolor:#373737\">El s\u00ednodo Pan amaz\u00f3nico, fue lanzado en el 2017 por el Santo Padre, dijo el purpurado, y en enero del 2018, en ocasi\u00f3n de su visita al Per\u00fa, en Puerto Maldonado, el Papa toc\u00f3 por primera vez territorio amaz\u00f3nico como Pont\u00edfice y pronunci\u00f3 un discurso bell\u00edsimo a los ind\u00edgenas. \u00a0A partir de all\u00ed, la secretar\u00eda del S\u00ednodo comenz\u00f3 a colaborar con la Repam o Red Eclesial Pan Amaz\u00f3nica, conformada por representantes de diferentes di\u00f3cesis del territorio junto con otros expertos que est\u00e1n al servicio del trabajo pastoral y de promoci\u00f3n humana del territorio amaz\u00f3nico.<o:p><\/o:p><\/span><\/p>\n<h2 style=\"margin-top: 0cm; line-height: normal; background-image: initial; background-position: initial; background-size: initial; background-repeat: initial; background-attachment: initial; background-origin: initial; background-clip: initial; box-sizing: border-box; -webkit-tap-highlight-color: rgba(0, 0, 0, 0);\"><span style=\"font-size:11.0pt;\nfont-family:\"Calibri\",sans-serif;mso-ascii-theme-font:minor-latin;mso-hansi-theme-font:\nminor-latin;mso-bidi-theme-font:minor-latin;color:#373737\">\u00a0<\/span><\/h2>\n<h2 style=\"margin-top: 0cm; text-align: justify; line-height: normal; background-image: initial; background-position: initial; background-size: initial; background-repeat: initial; background-attachment: initial; background-origin: initial; background-clip: initial;\"><b><span style=\"font-size:11.0pt;\nfont-family:\"Calibri\",sans-serif;mso-ascii-theme-font:minor-latin;mso-hansi-theme-font:\nminor-latin;mso-bidi-theme-font:minor-latin;color:#373737\">En junio pr\u00f3ximo ser\u00e1 presentada la Instrumentum Laboris<o:p><\/o:p><\/span><\/b><\/h2>\n<p style=\"margin: 0cm 0cm 0.0001pt; background-image: initial; background-position: initial; background-size: initial; background-repeat: initial; background-attachment: initial; background-origin: initial; background-clip: initial; box-sizing: border-box; -webkit-tap-highlight-color: rgba(0, 0, 0, 0);\"><span style=\"font-size:11.0pt;\nfont-family:\"Calibri\",sans-serif;mso-ascii-theme-font:minor-latin;mso-hansi-theme-font:\nminor-latin;mso-bidi-theme-font:minor-latin;color:#373737\">El cardenal en noviembre del a\u00f1o pasado en Manaus, se reuni\u00f3 con la Repam y con el consejo pre-sinodal, hubo 45 reuniones territoriales, con 15 forums.<o:p><\/o:p><\/span><\/p>\n<p style=\"margin: 0cm 0cm 0.0001pt; text-align: justify; background-image: initial; background-position: initial; background-size: initial; background-repeat: initial; background-attachment: initial; background-origin: initial; background-clip: initial;\"><span style=\"font-size:11.0pt;font-family:\"Calibri\",sans-serif;mso-ascii-theme-font:\nminor-latin;mso-hansi-theme-font:minor-latin;mso-bidi-theme-font:minor-latin;\ncolor:#373737\">\u00a0<\/span><\/p>\n<p style=\"margin: 0cm 0cm 0.0001pt; background-image: initial; background-position: initial; background-size: initial; background-repeat: initial; background-attachment: initial; background-origin: initial; background-clip: initial; box-sizing: border-box; -webkit-tap-highlight-color: rgba(0, 0, 0, 0);\"><span style=\"font-size:11.0pt;\nfont-family:\"Calibri\",sans-serif;mso-ascii-theme-font:minor-latin;mso-hansi-theme-font:\nminor-latin;mso-bidi-theme-font:minor-latin;color:#373737\">\u201cEl Instrumentum laboris, ser\u00e1 presentado en junio pr\u00f3ximo, como se sabe estar\u00e1 en las manos de los padres sinodales, durante las tres semanas de duraci\u00f3n del s\u00ednodo. Los padres sinodales, dijo el cardenal, vendr\u00e1n de todo el territorio Pan Amaz\u00f3nico, adem\u00e1s de los auxiliares, estar\u00e1n presentes tambi\u00e9n los presidentes de las 7 conferencias episcopales del territorio, y otros representantes de los cinco continentes. El Papa luego escoger\u00e1 otros participantes, en particular, los ind\u00edgenas ser\u00e1n bien representados\u201d.<o:p><\/o:p><\/span><\/p>\n<h2 style=\"margin-top: 0cm; text-align: justify; line-height: normal; background-image: initial; background-position: initial; background-size: initial; background-repeat: initial; background-attachment: initial; background-origin: initial; background-clip: initial;\"><b><span style=\"font-size:11.0pt;font-family:\"Calibri\",sans-serif;\nmso-ascii-theme-font:minor-latin;mso-hansi-theme-font:minor-latin;mso-bidi-theme-font:\nminor-latin;color:#373737\">\u00a0<\/span><\/b><\/h2>\n<h2 style=\"margin-top: 0cm; text-align: justify; line-height: normal; background-image: initial; background-position: initial; background-size: initial; background-repeat: initial; background-attachment: initial; background-origin: initial; background-clip: initial;\"><b><span style=\"font-size:11.0pt;font-family:\"Calibri\",sans-serif;\nmso-ascii-theme-font:minor-latin;mso-hansi-theme-font:minor-latin;mso-bidi-theme-font:\nminor-latin;color:#373737\">\u00abAmazon\u00eda: Nuevos caminos para la Iglesia y para una ecolog\u00eda integral\u00bb<\/span><\/b><span style=\"font-size:11.0pt;\nfont-family:\"Calibri\",sans-serif;mso-ascii-theme-font:minor-latin;mso-hansi-theme-font:\nminor-latin;mso-bidi-theme-font:minor-latin;color:#373737\"><o:p><\/o:p><\/span><\/h2>\n<p style=\"margin: 0cm 0cm 0.0001pt; background-image: initial; background-position: initial; background-size: initial; background-repeat: initial; background-attachment: initial; background-origin: initial; background-clip: initial; box-sizing: border-box; -webkit-tap-highlight-color: rgba(0, 0, 0, 0);\"><span style=\"font-size:11.0pt;\nfont-family:\"Calibri\",sans-serif;mso-ascii-theme-font:minor-latin;mso-hansi-theme-font:\nminor-latin;mso-bidi-theme-font:minor-latin;color:#373737\">El t\u00edtulo del s\u00ednodo, dijo el purpurado, tiene un aspecto eclesial y un aspecto civil, de car\u00e1cter socioecon\u00f3mico, financiero, pol\u00edtico. Es la Casa Com\u00fan, la creaci\u00f3n \u201cy creo que nosotros estamos preparando este s\u00ednodo para darle una importancia particular a este aspecto\u201d, implementando la enc\u00edclica Laudato s\u00ed que habla de ecolog\u00eda, del ambiente.\u00a0<o:p><\/o:p><\/span><\/p>\n<p style=\"margin: 0cm 0cm 0.0001pt; text-align: justify; background-image: initial; background-position: initial; background-size: initial; background-repeat: initial; background-attachment: initial; background-origin: initial; background-clip: initial;\"><span style=\"font-size:11.0pt;font-family:\"Calibri\",sans-serif;mso-ascii-theme-font:\nminor-latin;mso-hansi-theme-font:minor-latin;mso-bidi-theme-font:minor-latin;\ncolor:#373737\">\u00a0<\/span><\/p>\n<p style=\"margin: 0cm 0cm 0.0001pt; background-image: initial; background-position: initial; background-size: initial; background-repeat: initial; background-attachment: initial; background-origin: initial; background-clip: initial; box-sizing: border-box; -webkit-tap-highlight-color: rgba(0, 0, 0, 0);\"><span style=\"font-size:11.0pt;\nfont-family:\"Calibri\",sans-serif;mso-ascii-theme-font:minor-latin;mso-hansi-theme-font:\nminor-latin;mso-bidi-theme-font:minor-latin;color:#373737\">Sobre todo, en el tema de la preservaci\u00f3n del medio ambiente, los j\u00f3venes est\u00e1n emergiendo, como Greta Thunberg. \u201cEn estos \u00faltimos meses ha crecido mucho el inter\u00e9s, con manifestaciones de los j\u00f3venes que piensan a su futuro, porque est\u00e1 amenazado, con una ecolog\u00eda enloquecida. Hay dijo el Cardenal, intereses enormes de car\u00e1cter econ\u00f3mico que est\u00e1n amenazando la tierra.<o:p><\/o:p><\/span><\/p>\n<p class=\"MsoNormal\" style=\"margin-bottom:0cm;margin-bottom:.0001pt;text-align:\njustify;line-height:normal\"><b><span style=\"mso-fareast-font-family:\"Times New Roman\";\nmso-bidi-font-family:Calibri;mso-bidi-theme-font:minor-latin;color:#373737;\nmso-fareast-language:ES-PE\">\u00a0<\/span><\/b><\/p>\n<h2 style=\"margin-top: 0cm; text-align: justify; line-height: normal; background-image: initial; background-position: initial; background-size: initial; background-repeat: initial; background-attachment: initial; background-origin: initial; background-clip: initial;\"><b><span style=\"font-size:11.0pt;\nfont-family:\"Calibri\",sans-serif;mso-ascii-theme-font:minor-latin;mso-hansi-theme-font:\nminor-latin;mso-bidi-theme-font:minor-latin;color:#373737\">Card. Baldisseri la reciente exhortaci\u00f3n Postsinodal, Christus Vivit<o:p><\/o:p><\/span><\/b><\/h2>\n<p style=\"margin: 0cm 0cm 0.0001pt; background-image: initial; background-position: initial; background-size: initial; background-repeat: initial; background-attachment: initial; background-origin: initial; background-clip: initial; box-sizing: border-box; -webkit-tap-highlight-color: rgba(0, 0, 0, 0);\"><span style=\"font-size:11.0pt;\nfont-family:\"Calibri\",sans-serif;mso-ascii-theme-font:minor-latin;mso-hansi-theme-font:\nminor-latin;mso-bidi-theme-font:minor-latin;color:#373737\">El purpurado se dijo feliz por el hecho que la pasado exhortaci\u00f3n postsinodal fue firmada por el Papa el 25 de marzo, d\u00eda de la Fiesta de la Anunciaci\u00f3n, en el Santuario de Loreto, Italia, en la Casa de la Virgen Mar\u00eda y Jes\u00fas. Su publicaci\u00f3n en cambio, dijo, fue el d\u00eda 2 de abril, d\u00eda del aniversario de la muerte de San Juan Pablo II, quien fue quien cre\u00f3 la Jornada Mundial de la Juventud. \u201cEl Papa Francisco quiso presentar este documento justamente en estas dos fechas, para decirles a los j\u00f3venes del mundo, que tienen un pasado con la Iglesia, que los piensa. Y hoy la Iglesia quiere continuar este trabajo que comenz\u00f3 Juan Pablo II con el documento Christus Vivit\u201d, afirm\u00f3.<o:p><\/o:p><\/span><\/p>\n<h2 style=\"margin-top: 0cm; text-align: justify; line-height: normal; background-image: initial; background-position: initial; background-size: initial; background-repeat: initial; background-attachment: initial; background-origin: initial; background-clip: initial;\"><span style=\"font-size:11.0pt;font-family:\"Calibri\",sans-serif;\nmso-ascii-theme-font:minor-latin;mso-hansi-theme-font:minor-latin;mso-bidi-theme-font:\nminor-latin;color:#373737\">\u00a0<\/span><\/h2>\n<h2 style=\"margin-top: 0cm; text-align: justify; line-height: normal; background-image: initial; background-position: initial; background-size: initial; background-repeat: initial; background-attachment: initial; background-origin: initial; background-clip: initial;\"><b><span style=\"font-size:11.0pt;\nfont-family:\"Calibri\",sans-serif;mso-ascii-theme-font:minor-latin;mso-hansi-theme-font:\nminor-latin;mso-bidi-theme-font:minor-latin;color:#373737\">Cristo est\u00e1 vivo, es el Viviente, es nuestra esperanza<o:p><\/o:p><\/span><\/b><\/h2>\n<p style=\"margin: 0cm 0cm 0.0001pt; background-image: initial; background-position: initial; background-size: initial; background-repeat: initial; background-attachment: initial; background-origin: initial; background-clip: initial; box-sizing: border-box; -webkit-tap-highlight-color: rgba(0, 0, 0, 0);\"><span style=\"font-size:11.0pt;\nfont-family:\"Calibri\",sans-serif;mso-ascii-theme-font:minor-latin;mso-hansi-theme-font:\nminor-latin;mso-bidi-theme-font:minor-latin;color:#373737\">\u201cCuando hicimos una investigaci\u00f3n sobre lo que quer\u00edan los j\u00f3venes, nos sorprendi\u00f3 ver que lo principal que quer\u00edan era la familia, y la comunidad. Necesitan un apoyo, y la Iglesia en este momento quiere darles ese apoyo\u201d, dijo el cardenal y a\u00f1adi\u00f3 que este documento es la s\u00edntesis de todo el trabajo que hicieron los padres sinodales, junto con la representaci\u00f3n de algunos j\u00f3venes y la presencia del Papa.<o:p><\/o:p><\/span><\/p>\n<p style=\"margin: 0cm 0cm 0.0001pt; background-image: initial; background-position: initial; background-size: initial; background-repeat: initial; background-attachment: initial; background-origin: initial; background-clip: initial; box-sizing: border-box; -webkit-tap-highlight-color: rgba(0, 0, 0, 0);\"><span style=\"font-size:11.0pt;\nfont-family:\"Calibri\",sans-serif;mso-ascii-theme-font:minor-latin;mso-hansi-theme-font:\nminor-latin;mso-bidi-theme-font:minor-latin;color:#373737\">\u00a0<\/span><\/p>\n<p style=\"margin: 0cm 0cm 0.0001pt; text-align: justify; background-image: initial; background-position: initial; background-size: initial; background-repeat: initial; background-attachment: initial; background-origin: initial; background-clip: initial;\"><span style=\"font-size:11.0pt;font-family:\"Calibri\",sans-serif;mso-ascii-theme-font:\nminor-latin;mso-hansi-theme-font:minor-latin;mso-bidi-theme-font:minor-latin;\ncolor:#373737\">El Santo Padre estimula a los chicos a que no se queden sentados en el sof\u00e1, \u00a1arriesgu\u00e9nse!, les dice, los estimula para que los j\u00f3venes piensen y no se sientan abandonados ni vean al mundo con miedo.\u00a0 Hay que ir adelante con audacia, les dice el Papa. El purpurado afirma que es caracter\u00edstica de ellos ser audaces, superar los l\u00edmites, teniendo cuidado de los peligros, entre ellos el bullying, la droga, la cuesti\u00f3n pornogr\u00e1fica, el narcotr\u00e1fico, la violencia. En la exhortaci\u00f3n hay una lista de realidades, de lo que ellos viven, sus experiencias.\u00a0<\/span><\/p>\n<p style=\"margin: 0cm 0cm 0.0001pt; text-align: justify; background-image: initial; background-position: initial; background-size: initial; background-repeat: initial; background-attachment: initial; background-origin: initial; background-clip: initial;\">\u00a0<\/p>\n<p style=\"margin: 0cm 0cm 0.0001pt; text-align: justify; background-image: initial; background-position: initial; background-size: initial; background-repeat: initial; background-attachment: initial; background-origin: initial; background-clip: initial;\"><span style=\"color: rgb(55, 55, 55); background-image: initial; background-position: initial; background-size: initial; background-repeat: initial; background-attachment: initial; background-origin: initial; background-clip: initial;\">Por \u00faltimo, el cardenal afirma que en la exhortaci\u00f3n el Papa pide que este mensaje abierto derribe muros, para seguir adelante. \u201cJes\u00fas, est\u00e1 en el centro de este documento, no es un personaje del pasado, o que se lee en la historia, como Julio C\u00e9sar, Jes\u00fas es un personaje hist\u00f3rico, pero vive, y est\u00e1 presente a trav\u00e9s de la Iglesia, que repite constantemente todos los momentos, los gestos de Jes\u00fas, el gesto de Jes\u00fas, cuando dice, este es mi cuerpo y est\u00e1 es mi sangre. Est\u00e1 presente a trav\u00e9s del sacramento de la Eucarist\u00eda\u201d. Por eso, a\u00f1adi\u00f3, es importante proponer a los j\u00f3venes el mensaje de Jes\u00fas, no como una teor\u00eda, sino m\u00e1s bien, como una realidad viviente. Porque Cristo vive.<\/span><o:p><\/o:p><\/p>\n<p style=\"margin: 0cm 0cm 0.0001pt; text-align: justify; background-image: initial; background-position: initial; background-size: initial; background-repeat: initial; background-attachment: initial; background-origin: initial; background-clip: initial;\">\u00a0<\/p>\n<p style=\"margin: 0cm 0cm 0.0001pt; text-align: justify; background-image: initial; background-position: initial; background-size: initial; background-repeat: initial; background-attachment: initial; background-origin: initial; background-clip: initial;\"><i><span style=\"mso-fareast-font-family:\"Times New Roman\";mso-bidi-font-family:Calibri;\nmso-bidi-theme-font:minor-latin;color:#373737;mso-fareast-language:ES-PE;\nmso-bidi-font-weight:bold\">Tomado de: VATICAN NEWS. Por: Patricia Ynestroza. Ciudad del Vaticano. 24 de abril de 2019.<\/span><\/i><i><span style=\"mso-fareast-font-family:\"Times New Roman\";mso-bidi-font-family:\nCalibri;mso-bidi-theme-font:minor-latin;color:#373737;mso-fareast-language:\nES-PE\"><o:p><\/o:p><\/span><\/i><\/p>\n<p><span style=\"text-align: justify;\">\u00a0<\/span>\u00a0<\/p>\n<p><a href=\"http:\/\/web.hilo.org.pe\/wp-content\/uploads\/documento amazonia web.jpg\" target=\"_blank\" rel=\"noopener\">Ver archivo adjunto<\/a><\/p>\n","protected":false},"excerpt":{"rendered":"<p>En vista del S\u00ednodo sobre la Amazon\u00eda de 2019 titulado \u201cAmazon\u00eda: Nuevos caminos para la Iglesia y para una ecolog\u00eda integral\u201d, Vatican News entrevist\u00f3 al secretario del s\u00ednodo para los Obispos, cardenal Lorenzo Baldisseri.<\/p>\n","protected":false},"author":1,"featured_media":0,"comment_status":"closed","ping_status":"closed","sticky":false,"template":"","format":"standard","meta":{"footnotes":""},"categories":[9],"tags":[],"class_list":["post-3248","post","type-post","status-publish","format-standard","hentry","category-noticias"],"_links":{"self":[{"href":"https:\/\/ceas.org.pe\/index.php\/wp-json\/wp\/v2\/posts\/3248","targetHints":{"allow":["GET"]}}],"collection":[{"href":"https:\/\/ceas.org.pe\/index.php\/wp-json\/wp\/v2\/posts"}],"about":[{"href":"https:\/\/ceas.org.pe\/index.php\/wp-json\/wp\/v2\/types\/post"}],"author":[{"embeddable":true,"href":"https:\/\/ceas.org.pe\/index.php\/wp-json\/wp\/v2\/users\/1"}],"replies":[{"embeddable":true,"href":"https:\/\/ceas.org.pe\/index.php\/wp-json\/wp\/v2\/comments?post=3248"}],"version-history":[{"count":1,"href":"https:\/\/ceas.org.pe\/index.php\/wp-json\/wp\/v2\/posts\/3248\/revisions"}],"predecessor-version":[{"id":5970,"href":"https:\/\/ceas.org.pe\/index.php\/wp-json\/wp\/v2\/posts\/3248\/revisions\/5970"}],"wp:attachment":[{"href":"https:\/\/ceas.org.pe\/index.php\/wp-json\/wp\/v2\/media?parent=3248"}],"wp:term":[{"taxonomy":"category","embeddable":true,"href":"https:\/\/ceas.org.pe\/index.php\/wp-json\/wp\/v2\/categories?post=3248"},{"taxonomy":"post_tag","embeddable":true,"href":"https:\/\/ceas.org.pe\/index.php\/wp-json\/wp\/v2\/tags?post=3248"}],"curies":[{"name":"wp","href":"https:\/\/api.w.org\/{rel}","templated":true}]}}