{"id":3247,"date":"2019-04-24T17:14:26","date_gmt":"2019-04-24T17:14:26","guid":{"rendered":""},"modified":"2026-03-11T09:11:54","modified_gmt":"2026-03-11T14:11:54","slug":"catequesis-del-papa-no-todo-se-resuelve-con-la-justicia-es-necesario-el-amor","status":"publish","type":"post","link":"https:\/\/ceas.org.pe\/index.php\/2019\/04\/24\/catequesis-del-papa-no-todo-se-resuelve-con-la-justicia-es-necesario-el-amor\/","title":{"rendered":"Catequesis del Papa: No todo se resuelve con la justicia, es necesario el amor"},"content":{"rendered":"<p class=\"MsoNormal\" style=\"margin-bottom:0cm;margin-bottom:.0001pt;text-align:\njustify;line-height:normal\"><span style=\"font-size: 11pt; font-family: Calibri, sans-serif;\">\u201cQueridos hermanos y hermanas: seguimos con nuestra catequesis sobre la quinta petici\u00f3n del Padrenuestro que dice: \u00abcomo nosotros perdonamos a los que nos ofenden\u00bb. Dios ama infinitamente a cada uno de nosotros. Dependemos totalmente de \u00c9l, de quien recibimos todo, la vida del cuerpo y la de la gracia. Y porque sabemos que nos ama, tenemos tambi\u00e9n la seguridad de que nos perdona, pues somos pecadores y con necesidad de pedirle siempre perd\u00f3n\u201d, lo dijo el Papa Francisco en la Audiencia General del \u00faltimo mi\u00e9rcoles de abril de 2019, continuando con su ciclo de catequesis dedicadas a la oraci\u00f3n del Padre Nuestro.<o:p><\/o:p><\/span><\/p>\n<p style=\"margin: 0cm 0cm 0.0001pt; text-align: justify; background-image: initial; background-position: initial; background-size: initial; background-repeat: initial; background-attachment: initial; background-origin: initial; background-clip: initial;\"><span style=\"font-size: 11pt; font-family: Calibri, sans-serif;\">\u00a0<\/span><\/p>\n<h2 style=\"margin-top: 0cm; line-height: normal; background-image: initial; background-position: initial; background-size: initial; background-repeat: initial; background-attachment: initial; background-origin: initial; background-clip: initial; box-sizing: border-box; -webkit-tap-highlight-color: rgba(0, 0, 0, 0);\"><span style=\"font-size: 11pt; font-family: Calibri, sans-serif;\">En la Iglesia no hay hombres auto-constituidos<o:p><\/o:p><\/span><\/h2>\n<p style=\"margin: 0cm 0cm 0.0001pt; text-align: justify; background-image: initial; background-position: initial; background-size: initial; background-repeat: initial; background-attachment: initial; background-origin: initial; background-clip: initial;\"><span style=\"font-size: 11pt; font-family: Calibri, sans-serif;\">En su catequesis, el Santo Padre record\u00f3 que, es el propio hombre el que est\u00e1 en deuda con Dios, nuestra vida no s\u00f3lo fue querida, sino tambi\u00e9n amada. \u201cEn la Iglesia no hay hombres <i>auto-constituidos<\/i> \u2013 precis\u00f3 el Pont\u00edfice \u2013 hombres que se hayan hecho a s\u00ed mismos. Todos estamos en deuda con Dios y con muchas personas que nos han dado condiciones de vida favorables. Nuestra identidad se construye a partir del bien recibido\u201d.<o:p><\/o:p><\/span><\/p>\n<p style=\"margin: 0cm 0cm 0.0001pt; text-align: justify; background-image: initial; background-position: initial; background-size: initial; background-repeat: initial; background-attachment: initial; background-origin: initial; background-clip: initial;\"><span style=\"font-size: 11pt; font-family: Calibri, sans-serif;\">\u00a0<\/span><\/p>\n<h2 style=\"margin-top: 0cm; line-height: normal; background-image: initial; background-position: initial; background-size: initial; background-repeat: initial; background-attachment: initial; background-origin: initial; background-clip: initial; box-sizing: border-box; -webkit-tap-highlight-color: rgba(0, 0, 0, 0);\"><span style=\"font-size: 11pt; font-family: Calibri, sans-serif;\">Quien ora aprende a decir gracias<o:p><\/o:p><\/span><\/h2>\n<p style=\"margin: 0cm 0cm 0.0001pt; background-image: initial; background-position: initial; background-size: initial; background-repeat: initial; background-attachment: initial; background-origin: initial; background-clip: initial; box-sizing: border-box; -webkit-tap-highlight-color: rgba(0, 0, 0, 0);\"><span style=\"font-size: 11pt; font-family: Calibri, sans-serif;\">Por ello, el Papa Francisco dijo que, quien ora aprende a decir \u00abgracias\u00bb y pide a Dios que sea benevolente con \u00e9l o ella. Por mucho que nos esforcemos, queda siempre una deuda insuperable ante Dios, que nunca podremos devolver: \u00c9l nos ama infinitamente m\u00e1s de lo que nosotros le amamos a \u00c9l. Adem\u00e1s, el Pont\u00edfice se\u00f1al\u00f3 que, por mucho que nos comprometamos a vivir seg\u00fan las ense\u00f1anzas cristianas, en nuestras vidas siempre habr\u00e1 algo de que pedir perd\u00f3n: pensemos en los d\u00edas que pasamos perezosamente, en los momentos en que el resentimiento ha ocupado nuestros corazones. Son estas experiencias, lamentablemente no raras, las que nos hacen implorar: \u00abPerdona nuestras deudas, pidamos perd\u00f3n a Dios\u00bb.<o:p><\/o:p><\/span><\/p>\n<p class=\"MsoNormal\" style=\"margin-bottom:0cm;margin-bottom:.0001pt;text-align:\njustify;line-height:normal\"><span style=\"background-image: initial; background-position: initial; background-size: initial; background-repeat: initial; background-attachment: initial; background-origin: initial; background-clip: initial;\"><o:p>\u00a0<\/o:p><\/span><\/p>\n<h2 style=\"margin-top: 0cm; text-align: justify; line-height: normal; background-image: initial; background-position: initial; background-size: initial; background-repeat: initial; background-attachment: initial; background-origin: initial; background-clip: initial;\"><span style=\"font-size: 11pt; font-family: Calibri, sans-serif;\">Una nueva relaci\u00f3n con nuestros hermanos<o:p><\/o:p><\/span><\/h2>\n<p style=\"margin: 0cm 0cm 0.0001pt; background-image: initial; background-position: initial; background-size: initial; background-repeat: initial; background-attachment: initial; background-origin: initial; background-clip: initial; box-sizing: border-box; -webkit-tap-highlight-color: rgba(0, 0, 0, 0);\"><span style=\"font-size: 11pt; font-family: Calibri, sans-serif;\">En este sentido, el Santo Padre explic\u00f3 que, la invocaci\u00f3n podr\u00eda haberse limitado a esta primera parte (Perdona nuestras deudas); en cambio, Jes\u00fas la estableci\u00f3 con una segunda expresi\u00f3n que hace una con la primera. La relaci\u00f3n de benevolencia vertical por parte de Dios se refracta y est\u00e1 llamada a traducirse en una nueva relaci\u00f3n que vivimos con nuestros hermanos. El Dios bueno nos invita a ser a todos buenos. Las dos partes de la invocaci\u00f3n est\u00e1n unidas por una conjunci\u00f3n despiadada: \u2018c\u00f3mo\u2019. Todo cristiano sabe que el perd\u00f3n de los pecados existe para \u00e9l, precis\u00f3 el Papa, nada en los Evangelios nos hace sospechar que Dios no perdona los pecados de quien est\u00e1 bien dispuesto y pide ser abrazados de nuevo.<o:p><\/o:p><\/span><\/p>\n<p class=\"MsoNormal\" style=\"margin-bottom:0cm;margin-bottom:.0001pt;text-align:\njustify;line-height:normal\"><span style=\"background-image: initial; background-position: initial; background-size: initial; background-repeat: initial; background-attachment: initial; background-origin: initial; background-clip: initial;\"><o:p>\u00a0<\/o:p><\/span><\/p>\n<h2 style=\"margin-top: 0cm; text-align: justify; line-height: normal; background-image: initial; background-position: initial; background-size: initial; background-repeat: initial; background-attachment: initial; background-origin: initial; background-clip: initial;\"><span style=\"font-size: 11pt; font-family: Calibri, sans-serif;\">La gracia de Dios, es siempre exigente<o:p><\/o:p><\/span><\/h2>\n<p style=\"margin: 0cm 0cm 0.0001pt; background-image: initial; background-position: initial; background-size: initial; background-repeat: initial; background-attachment: initial; background-origin: initial; background-clip: initial; box-sizing: border-box; -webkit-tap-highlight-color: rgba(0, 0, 0, 0);\"><span style=\"font-size: 11pt; font-family: Calibri, sans-serif;\">El Papa Francisco explicando la fuerza de la gracia divina record\u00f3 que, la gracia de Dios, tan abundante, es siempre exigente. Los que han recibido tanto deben aprender a dar tanto, es por ello que en el Evangelio de Mateo, inmediatamente despu\u00e9s de darnos el texto del \u00abPadre nuestro\u00bb, el evangelista se detiene en la expresi\u00f3n del perd\u00f3n fraterno. \u201cPero esto es fuerte dijo el Papa hablando espont\u00e1neamente, a veces he o\u00eddo a la gente decir: \u00a1Nunca perdonar\u00e9 a esa persona! Lo que me hicieron nunca lo perdonar\u00e9. Pero Dios, si t\u00fa no perdonas, Dios no te perdonar\u00e1. T\u00fa cierras la puerta. Pensamos, si somos capaces de perdonar, si no perdonamos\u201d. Narrando la historia de un sacerdote y la confesi\u00f3n una anciana mujer que estaba a punto de morir, el Papa cont\u00f3 que la mujer estaba arrepentida de sus pecados, pero no perdonaba a los dem\u00e1s y el sacerdote se quedaba muy angustiado porque esta mujer cerr\u00f3 las puertas a Dios. \u201cAqu\u00ed \u2013 precis\u00f3 el Pont\u00edfice \u2013 encontramos de nuevo el v\u00ednculo entre el amor a Dios y el amor al pr\u00f3jimo. El amor llama al amor, el perd\u00f3n llama al perd\u00f3n\u201d.<o:p><\/o:p><\/span><\/p>\n<h2 style=\"margin-top: 0cm; line-height: normal; background-image: initial; background-position: initial; background-size: initial; background-repeat: initial; background-attachment: initial; background-origin: initial; background-clip: initial; box-sizing: border-box; -webkit-tap-highlight-color: rgba(0, 0, 0, 0);\"><span style=\"font-size: 11pt; font-family: Calibri, sans-serif;\">\u00a0<\/span><\/h2>\n<h2 style=\"margin-top: 0cm; text-align: justify; line-height: normal; background-image: initial; background-position: initial; background-size: initial; background-repeat: initial; background-attachment: initial; background-origin: initial; background-clip: initial;\"><span style=\"font-size: 11pt; font-family: Calibri, sans-serif;\">Si no perdonamos, no seremos perdonados<o:p><\/o:p><\/span><\/h2>\n<p style=\"margin: 0cm 0cm 0.0001pt; background-image: initial; background-position: initial; background-size: initial; background-repeat: initial; background-attachment: initial; background-origin: initial; background-clip: initial; box-sizing: border-box; -webkit-tap-highlight-color: rgba(0, 0, 0, 0);\"><span style=\"font-size: 11pt; font-family: Calibri, sans-serif;\">Asimismo, el Santo Padre present\u00f3 otra par\u00e1bola del Evangelio de Mateo dedicada al perd\u00f3n fraterno, la par\u00e1bola del \u201csiervo malvado\u201d que hab\u00eda contra\u00eddo una enorme deuda con su rey, que le fue condonado completamente. \u201cUna gracia inesperada \u2013 afirm\u00f3 el Papa \u2013 pero fue este mismo siervo, inmediatamente despu\u00e9s, quien se enoj\u00f3 con uno de sus hermanos que le deb\u00eda cien denarios y, aunque esta cifra era accesible, no acept\u00f3 excusas ni peticiones. As\u00ed que, al final, el Amo lo llama y lo condena. Porque si no se esfuerzan en perdonar, no ser\u00e1n perdonados; si no te esfuerzas en amar, ni siquiera ser\u00e1s amado\u201d.<o:p><\/o:p><\/span><\/p>\n<p style=\"margin: 0cm 0cm 0.0001pt; text-align: justify; background-image: initial; background-position: initial; background-size: initial; background-repeat: initial; background-attachment: initial; background-origin: initial; background-clip: initial;\"><span style=\"font-size: 11pt; font-family: Calibri, sans-serif;\">\u00a0<\/span><\/p>\n<h2 style=\"margin-top: 0cm; text-align: justify; line-height: normal; background-image: initial; background-position: initial; background-size: initial; background-repeat: initial; background-attachment: initial; background-origin: initial; background-clip: initial;\"><span style=\"font-size: 11pt; font-family: Calibri, sans-serif;\">No todo se resuelve con la justicia, es necesario el amor<o:p><\/o:p><\/span><\/h2>\n<p style=\"margin: 0cm 0cm 0.0001pt; background-image: initial; background-position: initial; background-size: initial; background-repeat: initial; background-attachment: initial; background-origin: initial; background-clip: initial; box-sizing: border-box; -webkit-tap-highlight-color: rgba(0, 0, 0, 0);\"><span style=\"font-size: 11pt; font-family: Calibri, sans-serif;\">\u201cEn la vida \u2013 concluy\u00f3 el Papa Francisco \u2013 no todo se resuelve con la justicia, es necesario el amor, por eso Jes\u00fas introduce en las relaciones humanas la fuerza del perd\u00f3n, para que podamos amar \u00abm\u00e1s all\u00e1 de lo necesario\u00bb y no permitir a la venganza del mal propagarse hasta asfixiar al mundo entero. Jes\u00fas sustituye \u00abla ley del tali\u00f3n\u00bb con la ley del amor: Lo que Dios ha hecho por nosotros, nosotros lo hacemos por nuestro pr\u00f3jimo\u201d. Dios dona a todo cristiano la gracia de escribir una historia de bondad en la vida de sus hermanos, especialmente aquellos que han hecho algo desagradable y equivocado. Con una palabra, un abrazo, una sonrisa, podemos transmitir a los dem\u00e1s lo m\u00e1s valioso que hemos recibido: el perd\u00f3n.<o:p><\/o:p><\/span><\/p>\n<p style=\"margin: 0cm 0cm 0.0001pt; text-align: justify; background-image: initial; background-position: initial; background-size: initial; background-repeat: initial; background-attachment: initial; background-origin: initial; background-clip: initial;\"><span style=\"font-size: 11pt; font-family: Calibri, sans-serif;\">\u00a0<\/span><\/p>\n<h2 style=\"margin-top: 0cm; line-height: normal; background-image: initial; background-position: initial; background-size: initial; background-repeat: initial; background-attachment: initial; background-origin: initial; background-clip: initial; box-sizing: border-box; -webkit-tap-highlight-color: rgba(0, 0, 0, 0);\"><span style=\"font-size: 11pt; font-family: Calibri, sans-serif;\">Gestos de ternura del perd\u00f3n gratuito<o:p><\/o:p><\/span><\/h2>\n<p style=\"margin: 0cm 0cm 0.0001pt; background-image: initial; background-position: initial; background-size: initial; background-repeat: initial; background-attachment: initial; background-origin: initial; background-clip: initial; box-sizing: border-box; -webkit-tap-highlight-color: rgba(0, 0, 0, 0);\"><span style=\"font-size: 11pt; font-family: Calibri, sans-serif;\">Antes de concluir su catequesis, el Santo Padre salud\u00f3 cordialmente a los peregrinos de lengua espa\u00f1ola venidos de Espa\u00f1a y Latinoam\u00e9rica, en modo particular salud\u00f3 a los alumnos del Seminario Menor de Tui-Vigo, en su 60 aniversario de fundaci\u00f3n, acompa\u00f1ados por su Obispo, Mons. Luis Quinteiro Fiuza. \u201cPidamos al Se\u00f1or que nos d\u00e9 la gracia de saber escribir una historia de bien en la vida de nuestros hermanos \u2013 invoc\u00f3 el Papa \u2013 y de transmitirles con gestos de ternura la experiencia del perd\u00f3n gratuito que \u00c9l nos ha dado. \u00a1Feliz Pascua de Resurrecci\u00f3n! Que Dios los bendiga\u201d.<o:p><\/o:p><\/span><\/p>\n<p style=\"margin: 0cm 0cm 0.0001pt; background-image: initial; background-position: initial; background-size: initial; background-repeat: initial; background-attachment: initial; background-origin: initial; background-clip: initial;\"><span style=\"font-family:\"Museo Sans Cyrl\",serif;color:#373737\">\u00a0<\/span><\/p>\n<p class=\"MsoNormal\" style=\"margin-bottom:0cm;margin-bottom:.0001pt;text-align:\njustify;line-height:normal\"><i>\u00a0<\/i><\/p>\n<p><i style=\"text-align: justify;\">Tomado de: VATICAN NEWS. Por Renato Martinez. Ciudad del Vaticano. 24 de abril de 2019.<\/i>\u00a0<\/p>\n<p><a href=\"http:\/\/web.hilo.org.pe\/wp-content\/uploads\/Gestos del Perd\u00f3n web.jpg\" target=\"_blank\" rel=\"noopener\">Ver archivo adjunto<\/a><\/p>\n","protected":false},"excerpt":{"rendered":"<p>\u00abComo nosotros perdonamos a los que nos ofenden\u00bb, la quinta petici\u00f3n del Padre Nuestro, tema de la catequesis del Papa Francisco en la Audiencia General del mi\u00e9rcoles 24 de abril de 2019.<\/p>\n","protected":false},"author":1,"featured_media":0,"comment_status":"closed","ping_status":"closed","sticky":false,"template":"","format":"standard","meta":{"footnotes":""},"categories":[9],"tags":[],"class_list":["post-3247","post","type-post","status-publish","format-standard","hentry","category-noticias"],"_links":{"self":[{"href":"https:\/\/ceas.org.pe\/index.php\/wp-json\/wp\/v2\/posts\/3247","targetHints":{"allow":["GET"]}}],"collection":[{"href":"https:\/\/ceas.org.pe\/index.php\/wp-json\/wp\/v2\/posts"}],"about":[{"href":"https:\/\/ceas.org.pe\/index.php\/wp-json\/wp\/v2\/types\/post"}],"author":[{"embeddable":true,"href":"https:\/\/ceas.org.pe\/index.php\/wp-json\/wp\/v2\/users\/1"}],"replies":[{"embeddable":true,"href":"https:\/\/ceas.org.pe\/index.php\/wp-json\/wp\/v2\/comments?post=3247"}],"version-history":[{"count":1,"href":"https:\/\/ceas.org.pe\/index.php\/wp-json\/wp\/v2\/posts\/3247\/revisions"}],"predecessor-version":[{"id":5971,"href":"https:\/\/ceas.org.pe\/index.php\/wp-json\/wp\/v2\/posts\/3247\/revisions\/5971"}],"wp:attachment":[{"href":"https:\/\/ceas.org.pe\/index.php\/wp-json\/wp\/v2\/media?parent=3247"}],"wp:term":[{"taxonomy":"category","embeddable":true,"href":"https:\/\/ceas.org.pe\/index.php\/wp-json\/wp\/v2\/categories?post=3247"},{"taxonomy":"post_tag","embeddable":true,"href":"https:\/\/ceas.org.pe\/index.php\/wp-json\/wp\/v2\/tags?post=3247"}],"curies":[{"name":"wp","href":"https:\/\/api.w.org\/{rel}","templated":true}]}}