{"id":3246,"date":"2019-04-24T16:51:51","date_gmt":"2019-04-24T16:51:51","guid":{"rendered":""},"modified":"2026-03-11T09:11:54","modified_gmt":"2026-03-11T14:11:54","slug":"los-hermanos-indigenas-son-la-respuesta-sinodal-al-cuidado-de-la-casa-comun","status":"publish","type":"post","link":"https:\/\/ceas.org.pe\/index.php\/2019\/04\/24\/los-hermanos-indigenas-son-la-respuesta-sinodal-al-cuidado-de-la-casa-comun\/","title":{"rendered":"Los hermanos ind\u00edgenas son la respuesta sinodal al cuidado de la Casa Com\u00fan"},"content":{"rendered":"<p style=\"margin: 0cm 0cm 0.0001pt; text-align: justify; background-image: initial; background-position: initial; background-size: initial; background-repeat: initial; background-attachment: initial; background-origin: initial; background-clip: initial;\"><span style=\"font-size: 11pt; font-family: Calibri, sans-serif;\">El Encuentro tiene como objetivo constituir una hermandad sacerdotal reconociendo los factores comunes que los une en la pr\u00e1ctica de la fe y para que respondan las necesidades espirituales y humanas de los fieles que Dios ha puesto a cargo a cada uno de los diversos sacerdotes de Huancayo, Hu\u00e1nuco, Tarma y San Ram\u00f3n priorizando la pastoral juvenil y el cuidado de la Casa Com\u00fan.<o:p><\/o:p><\/span><\/p>\n<p style=\"margin: 0cm 0cm 0.0001pt; text-align: justify; background-image: initial; background-position: initial; background-size: initial; background-repeat: initial; background-attachment: initial; background-origin: initial; background-clip: initial;\"><span style=\"font-size: 11pt; font-family: Calibri, sans-serif;\">\u00a0<\/span><\/p>\n<h2 style=\"margin-top: 0cm; line-height: normal; background-image: initial; background-position: initial; background-size: initial; background-repeat: initial; background-attachment: initial; background-origin: initial; background-clip: initial; box-sizing: border-box; -webkit-tap-highlight-color: rgba(0, 0, 0, 0);\"><b style=\"mso-bidi-font-weight:\nnormal;box-sizing: border-box;-webkit-tap-highlight-color: rgba(0, 0, 0, 0)\"><span style=\"font-size: 11pt; font-family: Calibri, sans-serif;\">El Cardenal Barreto recibe homenaje<o:p><\/o:p><\/span><\/b><\/h2>\n<p style=\"margin: 0cm 0cm 0.0001pt; background-image: initial; background-position: initial; background-size: initial; background-repeat: initial; background-attachment: initial; background-origin: initial; background-clip: initial; box-sizing: border-box; -webkit-tap-highlight-color: rgba(0, 0, 0, 0);\"><span style=\"font-size: 11pt; font-family: Calibri, sans-serif;\">Seg\u00fan el comunicado de la Arquidi\u00f3cesis, la Municipalidad Provincial de Tarma le har\u00e1 un reconocimiento a Cardenal Pedro Barreto por su loable labor pastoral en la Regi\u00f3n, en el Per\u00fa y en el extranjero.<o:p><\/o:p><\/span><\/p>\n<p style=\"margin: 0cm 0cm 0.0001pt; background-image: initial; background-position: initial; background-size: initial; background-repeat: initial; background-attachment: initial; background-origin: initial; background-clip: initial; box-sizing: border-box; -webkit-tap-highlight-color: rgba(0, 0, 0, 0);\"><span style=\"font-size: 11pt; font-family: Calibri, sans-serif;\">\u00a0<\/span><\/p>\n<p style=\"margin: 0cm 0cm 0.0001pt; text-align: justify; background-image: initial; background-position: initial; background-size: initial; background-repeat: initial; background-attachment: initial; background-origin: initial; background-clip: initial;\"><span style=\"font-size: 11pt; font-family: Calibri, sans-serif;\">El Cardenal Pedro Barreto Jimeno, Arzobispo Metropolitano de Huancayo desarroll\u00f3 un taller titulado: \u201cS\u00ednodo Panamaz\u00f3nico\u201d, donde mencion\u00f3 que el \u201cS\u00ednodo Amaz\u00f3nico es un s\u00ednodo que, por primera vez en la historia, quiere focalizar en una regi\u00f3n donde hay hermanos y hermanas ind\u00edgenas que realmente nos ense\u00f1an a vivir sobriamente y que es la respuesta Sinodal para el cuidado de la Casa Com\u00fan\u201d.<o:p><\/o:p><\/span><\/p>\n<h2 style=\"margin-top: 0cm; line-height: normal; background-image: initial; background-position: initial; background-size: initial; background-repeat: initial; background-attachment: initial; background-origin: initial; background-clip: initial; box-sizing: border-box; -webkit-tap-highlight-color: rgba(0, 0, 0, 0);\"><span style=\"font-size: 11pt; font-family: Calibri, sans-serif;\">\u00a0<\/span><\/h2>\n<h2 style=\"margin-top: 0cm; text-align: justify; line-height: normal; background-image: initial; background-position: initial; background-size: initial; background-repeat: initial; background-attachment: initial; background-origin: initial; background-clip: initial;\"><span style=\"font-size: 11pt; font-family: Calibri, sans-serif;\">Programa<o:p><\/o:p><\/span><\/h2>\n<p style=\"margin: 0cm 0cm 0.0001pt; background-image: initial; background-position: initial; background-size: initial; background-repeat: initial; background-attachment: initial; background-origin: initial; background-clip: initial; box-sizing: border-box; -webkit-tap-highlight-color: rgba(0, 0, 0, 0);\"><span style=\"font-size: 11pt; font-family: Calibri, sans-serif;\">Este mi\u00e9rcoles se celebra la Santa Misa, presidida por la delegaci\u00f3n de Hu\u00e1nuco en la Catedral de Tarma, luego los participantes tendr\u00e1n un recorrido tur\u00edstico: Avistaje orogr\u00e1fico del Rostro de Cristo, visita a la Gruta de Huagapo e inauguraci\u00f3n de la exposici\u00f3n de arte pict\u00f3rico en el Distrito de Palcamayo y por la tarde hora del Per\u00fa, se realizar\u00e1 el encuentro de confraternidad en el Campo Deportivo \u201cEl Vuelo del C\u00f3ndor\u201d.<o:p><\/o:p><\/span><\/p>\n<p style=\"margin: 0cm 0cm 0.0001pt; text-align: justify; background-image: initial; background-position: initial; background-size: initial; background-repeat: initial; background-attachment: initial; background-origin: initial; background-clip: initial;\"><span style=\"font-size: 11pt; font-family: Calibri, sans-serif;\">\u00a0<\/span><\/p>\n<p style=\"margin: 0cm 0cm 0.0001pt; background-image: initial; background-position: initial; background-size: initial; background-repeat: initial; background-attachment: initial; background-origin: initial; background-clip: initial; box-sizing: border-box; -webkit-tap-highlight-color: rgba(0, 0, 0, 0);\"><span style=\"font-size: 11pt; font-family: Calibri, sans-serif;\">Ma\u00f1ana jueves, se realizar\u00e1 el Rezo del Laudes, presidida por la delegaci\u00f3n de Tarma; y habr\u00e1 un taller titulado \u201cJMJ Panam\u00e1\u201d, a cargo del Padre Fernando Flores Yauri. Los participantes en el encuentro tambi\u00e9n visitar\u00e1n el Santuario de Se\u00f1or de Muruguay donde celebrar\u00e1n la Santa Misa.<o:p><\/o:p><\/span><\/p>\n<p class=\"MsoNormal\" style=\"margin-bottom:0cm;margin-bottom:.0001pt;text-align:\njustify;line-height:normal\"><i>\u00a0<\/i><\/p>\n<p><i style=\"text-align: justify;\">Tomado de: VATICAN NEWS. Por Patricia Ynestroza. Ciudad del Vaticano. 24 de abril de 2019.<\/i>\u00a0<\/p>\n<p><a href=\"http:\/\/web.hilo.org.pe\/wp-content\/uploads\/ENCUENTRO TARMA WEB.jpg\" target=\"_blank\" rel=\"noopener\">Ver archivo adjunto<\/a><\/p>\n","protected":false},"excerpt":{"rendered":"<p>Del 23 al 25 de abril, se est\u00e1 llevando a cabo en Per\u00fa, el X Encuentro Interdiocesano del Clero, organizado por la Di\u00f3cesis de Tarma. En el mismo participan sacerdotes de Huancayo, Hu\u00e1nuco, Tarma y San Ram\u00f3n.<\/p>\n","protected":false},"author":1,"featured_media":8136,"comment_status":"closed","ping_status":"closed","sticky":false,"template":"","format":"standard","meta":{"footnotes":""},"categories":[9],"tags":[],"class_list":["post-3246","post","type-post","status-publish","format-standard","has-post-thumbnail","hentry","category-noticias"],"_links":{"self":[{"href":"https:\/\/ceas.org.pe\/index.php\/wp-json\/wp\/v2\/posts\/3246","targetHints":{"allow":["GET"]}}],"collection":[{"href":"https:\/\/ceas.org.pe\/index.php\/wp-json\/wp\/v2\/posts"}],"about":[{"href":"https:\/\/ceas.org.pe\/index.php\/wp-json\/wp\/v2\/types\/post"}],"author":[{"embeddable":true,"href":"https:\/\/ceas.org.pe\/index.php\/wp-json\/wp\/v2\/users\/1"}],"replies":[{"embeddable":true,"href":"https:\/\/ceas.org.pe\/index.php\/wp-json\/wp\/v2\/comments?post=3246"}],"version-history":[{"count":1,"href":"https:\/\/ceas.org.pe\/index.php\/wp-json\/wp\/v2\/posts\/3246\/revisions"}],"predecessor-version":[{"id":5972,"href":"https:\/\/ceas.org.pe\/index.php\/wp-json\/wp\/v2\/posts\/3246\/revisions\/5972"}],"wp:featuredmedia":[{"embeddable":true,"href":"https:\/\/ceas.org.pe\/index.php\/wp-json\/wp\/v2\/media\/8136"}],"wp:attachment":[{"href":"https:\/\/ceas.org.pe\/index.php\/wp-json\/wp\/v2\/media?parent=3246"}],"wp:term":[{"taxonomy":"category","embeddable":true,"href":"https:\/\/ceas.org.pe\/index.php\/wp-json\/wp\/v2\/categories?post=3246"},{"taxonomy":"post_tag","embeddable":true,"href":"https:\/\/ceas.org.pe\/index.php\/wp-json\/wp\/v2\/tags?post=3246"}],"curies":[{"name":"wp","href":"https:\/\/api.w.org\/{rel}","templated":true}]}}