{"id":3245,"date":"2019-04-22T16:30:28","date_gmt":"2019-04-22T16:30:28","guid":{"rendered":""},"modified":"2026-03-11T09:11:54","modified_gmt":"2026-03-11T14:11:54","slug":"dia-internacional-de-la-madre-tierra","status":"publish","type":"post","link":"https:\/\/ceas.org.pe\/index.php\/2019\/04\/22\/dia-internacional-de-la-madre-tierra\/","title":{"rendered":"D\u00eda Internacional de la Madre Tierra"},"content":{"rendered":"<p class=\"MsoNormal\" style=\"mso-margin-top-alt:auto;mso-margin-bottom-alt:auto;\nline-height:normal\">D\u00eda Internacional de la Madre Tierra<o:p><\/o:p><\/p>\n<p class=\"MsoNormal\" style=\"mso-margin-top-alt:auto;mso-margin-bottom-alt:auto;\nline-height:normal\">Es un d\u00eda celebrado en muchos pa\u00edses el 22 de abril.\u00a0D\u00eda para rendir homenaje a nuestro planeta y reconocer a la Tierra como nuestro hogar y nuestra madre, as\u00ed como lo han expresado distintas culturas a lo largo de la historia.\u00a0<o:p><\/o:p><\/p>\n<p class=\"MsoNormal\" style=\"mso-margin-top-alt:auto;mso-margin-bottom-alt:auto;\nline-height:normal\">Nos sumamos a la celebraci\u00f3n del D\u00eda Internacional de la Madre Tierra, llevando un mensaje de alerta pero sobre todo de la necesidad de una toma de conciencia y acci\u00f3n conjunta frente al cambio clim\u00e1tico y por el cuidado del medio ambiente.\u00a0<a href=\"https:\/\/www.facebook.com\/hashtag\/seamosprofetasdelavida?source=feed_text&#038;epa=HASHTAG&#038;__xts__%5B0%5D=68.ARAlSkkTYUOhNXifm5DHCCyeMtR4Up-7LoXORSK7ePcNsx5Q8fMAAdzng2nR1dY7KWojr9_7Sgd5oXCC7oUtZh31QcurQHOLYkXso7uq4gqkoP6u3wtT-f2F4d308X8hIuZeQHey9oNnAFZSFRv1PlYUTiJvyDqF2ZCvxkfXSVLQibBdJzPux6-ZHH6bTmLfBKQDKLyM6-WAwshjixJwoEJR5cqCqqogKlHQLfoLcTWTaVHrG-8Kn46ebQvfUNLBSF0UrFMd7f6awkZCpx6zf3CpJtXeu7LEmt-03xknL_cOkQoghthxrSx25my0HirmsNHR&#038;__tn__=%2ANK-R-R\"><span style=\"color: windowtext; text-decoration-line: none;\">Seamos profetas de la vida<\/span><\/a>. Protejamos nuestra tierra, nuestra casa com\u00fan.<o:p><\/o:p><\/p>\n<p class=\"MsoNormal\" style=\"mso-margin-top-alt:auto;mso-margin-bottom-alt:auto;\nline-height:normal\">Compartimos este material preparado para D\u00eda de la tierra dentro de nuestro proceso de promoci\u00f3n de la caridad en la parroquia por\u00a0<a href=\"https:\/\/www.facebook.com\/confepiscopalperu\/?__tn__=K-R-R&#038;eid=ARDq_rAaWZHiikfbIYEHORZYELEZu0pbfjtSWTtgxPnd1NJ4jd7W5SiM8hqVt7EDj_5yG2Zci1jK8RpT&#038;fref=mentions&#038;__xts__%5B0%5D=68.ARAlSkkTYUOhNXifm5DHCCyeMtR4Up-7LoXORSK7ePcNsx5Q8fMAAdzng2nR1dY7KWojr9_7Sgd5oXCC7oUtZh31QcurQHOLYkXso7uq4gqkoP6u3wtT-f2F4d308X8hIuZeQHey9oNnAFZSFRv1PlYUTiJvyDqF2ZCvxkfXSVLQibBdJzPux6-ZHH6bTmLfBKQDKLyM6-WAwshjixJwoEJR5cqCqqogKlHQLfoLcTWTaVHrG-8Kn46ebQvfUNLBSF0UrFMd7f6awkZCpx6zf3CpJtXeu7LEmt-03xknL_cOkQoghthxrSx25my0HirmsNHR\"><span style=\"color: windowtext; text-decoration-line: none;\">Conferencia Episcopal Peruana<\/span><\/a>,\u00a0<a href=\"https:\/\/www.facebook.com\/caritasdelperu\/?__tn__=K-R-R&#038;eid=ARAH3G34vE4Snqm_DdVGICWiD2rTfxgcR3UELqCZdcm47pXI1ipauxzEiWF97N9u5ZJzRJ8-VCcVvWMu&#038;fref=mentions&#038;__xts__%5B0%5D=68.ARAlSkkTYUOhNXifm5DHCCyeMtR4Up-7LoXORSK7ePcNsx5Q8fMAAdzng2nR1dY7KWojr9_7Sgd5oXCC7oUtZh31QcurQHOLYkXso7uq4gqkoP6u3wtT-f2F4d308X8hIuZeQHey9oNnAFZSFRv1PlYUTiJvyDqF2ZCvxkfXSVLQibBdJzPux6-ZHH6bTmLfBKQDKLyM6-WAwshjixJwoEJR5cqCqqogKlHQLfoLcTWTaVHrG-8Kn46ebQvfUNLBSF0UrFMd7f6awkZCpx6zf3CpJtXeu7LEmt-03xknL_cOkQoghthxrSx25my0HirmsNHR\"><span style=\"color: windowtext; text-decoration-line: none;\">C\u00e1ritas del Per\u00fa<\/span><\/a>,\u00a0<a href=\"https:\/\/www.facebook.com\/ceasperu\/?__tn__=K-R-R&#038;eid=ARDPTa43JOyJbW9lMrLTepG9J3Yjl0FcLZKXl5JxpiaMV2CHfD4kOGdvHDrosj-7AirAUeyKB5ZtiNaC&#038;fref=mentions&#038;__xts__%5B0%5D=68.ARAlSkkTYUOhNXifm5DHCCyeMtR4Up-7LoXORSK7ePcNsx5Q8fMAAdzng2nR1dY7KWojr9_7Sgd5oXCC7oUtZh31QcurQHOLYkXso7uq4gqkoP6u3wtT-f2F4d308X8hIuZeQHey9oNnAFZSFRv1PlYUTiJvyDqF2ZCvxkfXSVLQibBdJzPux6-ZHH6bTmLfBKQDKLyM6-WAwshjixJwoEJR5cqCqqogKlHQLfoLcTWTaVHrG-8Kn46ebQvfUNLBSF0UrFMd7f6awkZCpx6zf3CpJtXeu7LEmt-03xknL_cOkQoghthxrSx25my0HirmsNHR\"><span style=\"color: windowtext; text-decoration-line: none;\">Comisi\u00f3n Episcopal de Acci\u00f3n Social<\/span><\/a>\u00a0y\u00a0<a href=\"https:\/\/www.facebook.com\/redmuqui\/?__tn__=K-R-R&#038;eid=ARDCTv5W5MpJSfhukA-ex69ZpLWvjosehN5T36grLvWNh8kmdB7RNKH7_sVKV5Xr0AD0ujUYWgvDfx2p&#038;fref=mentions&#038;__xts__%5B0%5D=68.ARAlSkkTYUOhNXifm5DHCCyeMtR4Up-7LoXORSK7ePcNsx5Q8fMAAdzng2nR1dY7KWojr9_7Sgd5oXCC7oUtZh31QcurQHOLYkXso7uq4gqkoP6u3wtT-f2F4d308X8hIuZeQHey9oNnAFZSFRv1PlYUTiJvyDqF2ZCvxkfXSVLQibBdJzPux6-ZHH6bTmLfBKQDKLyM6-WAwshjixJwoEJR5cqCqqogKlHQLfoLcTWTaVHrG-8Kn46ebQvfUNLBSF0UrFMd7f6awkZCpx6zf3CpJtXeu7LEmt-03xknL_cOkQoghthxrSx25my0HirmsNHR\"><span style=\"color: windowtext; text-decoration-line: none;\">Red Muqui<\/span><\/a>.<o:p><\/o:p><\/p>\n<p class=\"MsoNormal\" style=\"mso-margin-top-alt:auto;mso-margin-bottom-alt:auto;\nline-height:normal\"><o:p><\/o:p><\/p>\n<p>Puedes descargarlo en:\u00a0<a href=\"http:\/\/www.ceas.org.pe\/r_publicaciones.php\"><span style=\"color: windowtext; text-decoration-line: none;\">http:\/\/www.ceas.org.pe\/r_publicaciones.php<\/span><\/a>\u00a0\u00a0<\/p>\n<p><a href=\"http:\/\/web.hilo.org.pe\/wp-content\/uploads\/DIA DE LA TIERRA 1 web.jpg\" target=\"_blank\" rel=\"noopener\">Ver archivo adjunto<\/a><\/p>\n","protected":false},"excerpt":{"rendered":"<p>Nos sumamos a la celebraci\u00f3n del D\u00eda Internacional de la Madre Tierra, llevando un mensaje de alerta pero sobre todo de la necesidad de una toma de conciencia y acci\u00f3n conjunta frente al cambio clim\u00e1tico y por el cuidado del medio ambiente. Seamos profetas de la vida. Protejamos nuestra tierra, nuestra casa com\u00fan.<\/p>\n","protected":false},"author":1,"featured_media":0,"comment_status":"closed","ping_status":"closed","sticky":false,"template":"","format":"standard","meta":{"footnotes":""},"categories":[9],"tags":[],"class_list":["post-3245","post","type-post","status-publish","format-standard","hentry","category-noticias"],"_links":{"self":[{"href":"https:\/\/ceas.org.pe\/index.php\/wp-json\/wp\/v2\/posts\/3245","targetHints":{"allow":["GET"]}}],"collection":[{"href":"https:\/\/ceas.org.pe\/index.php\/wp-json\/wp\/v2\/posts"}],"about":[{"href":"https:\/\/ceas.org.pe\/index.php\/wp-json\/wp\/v2\/types\/post"}],"author":[{"embeddable":true,"href":"https:\/\/ceas.org.pe\/index.php\/wp-json\/wp\/v2\/users\/1"}],"replies":[{"embeddable":true,"href":"https:\/\/ceas.org.pe\/index.php\/wp-json\/wp\/v2\/comments?post=3245"}],"version-history":[{"count":1,"href":"https:\/\/ceas.org.pe\/index.php\/wp-json\/wp\/v2\/posts\/3245\/revisions"}],"predecessor-version":[{"id":5973,"href":"https:\/\/ceas.org.pe\/index.php\/wp-json\/wp\/v2\/posts\/3245\/revisions\/5973"}],"wp:attachment":[{"href":"https:\/\/ceas.org.pe\/index.php\/wp-json\/wp\/v2\/media?parent=3245"}],"wp:term":[{"taxonomy":"category","embeddable":true,"href":"https:\/\/ceas.org.pe\/index.php\/wp-json\/wp\/v2\/categories?post=3245"},{"taxonomy":"post_tag","embeddable":true,"href":"https:\/\/ceas.org.pe\/index.php\/wp-json\/wp\/v2\/tags?post=3245"}],"curies":[{"name":"wp","href":"https:\/\/api.w.org\/{rel}","templated":true}]}}