{"id":3244,"date":"2019-04-18T01:30:16","date_gmt":"2019-04-18T01:30:16","guid":{"rendered":""},"modified":"2026-03-11T09:11:54","modified_gmt":"2026-03-11T14:11:54","slug":"la-cnddhh-sobre-la-muerte-de-alan-garcia-perez","status":"publish","type":"post","link":"https:\/\/ceas.org.pe\/index.php\/2019\/04\/18\/la-cnddhh-sobre-la-muerte-de-alan-garcia-perez\/","title":{"rendered":"La CNDDHH sobre la muerte de Alan Garc\u00eda P\u00e9rez"},"content":{"rendered":"<p class=\"MsoNormal\" align=\"center\" style=\"margin-top:3.75pt;margin-right:0cm;\nmargin-bottom:0cm;margin-left:0cm;margin-bottom:.0001pt;text-align:center;\nline-height:normal;mso-outline-level:2;vertical-align:baseline\"><b><span style=\"mso-fareast-font-family:\"Times New Roman\";mso-bidi-font-family:Calibri;\nmso-bidi-theme-font:minor-latin;color:#16181A;mso-fareast-language:ES-PE\">La CNDDHH sobre la muerte de Alan Garc\u00eda P\u00e9rez<o:p><\/o:p><\/span><\/b><\/p>\n<p class=\"MsoNormal\" style=\"margin-top:13.5pt;margin-right:0cm;margin-bottom:\n0cm;margin-left:0cm;margin-bottom:.0001pt;text-align:justify;line-height:normal;\nvertical-align:baseline\"><span style=\"mso-fareast-font-family:\"Times New Roman\";\nmso-bidi-font-family:Calibri;mso-bidi-theme-font:minor-latin;color:#23262A;\nmso-fareast-language:ES-PE\">Desde la Coordinadora Nacional de Derechos Humanos expresamos nuestro respeto por el dolor y duelo de la familia y el entorno del se\u00f1or Alan Garc\u00eda P\u00e9rez, qui\u00e9n tom\u00f3 la tr\u00e1gica decisi\u00f3n del suicidio frente al mandato de detenci\u00f3n preliminar contra \u00e9l y otras ocho personas por las investigaciones de delitos de corrupci\u00f3n. La muerte de una persona es siempre un hecho lamentable y doloroso.<o:p><\/o:p><\/span><\/p>\n<p class=\"MsoNormal\" style=\"margin-top:13.5pt;margin-right:0cm;margin-bottom:\n0cm;margin-left:0cm;margin-bottom:.0001pt;text-align:justify;line-height:normal;\nvertical-align:baseline\"><span style=\"mso-fareast-font-family:\"Times New Roman\";\nmso-bidi-font-family:Calibri;mso-bidi-theme-font:minor-latin;color:#23262A;\nmso-fareast-language:ES-PE\">Lo ocurrido debe ser esclarecido en el marco de las investigaciones por delitos de corrupci\u00f3n que actualmente se llevan en el sistema de justicia, salvaguardando el derecho a la verdad que demanda el pa\u00eds. En este sentido, expresamos nuestro rechazo a cualquier forma de uso pol\u00edtico de estos sucesos, en particular si \u00e9ste busca atentar contra el derecho a la verdad y la justicia de miles de peruanas y peruanos.<o:p><\/o:p><\/span><\/p>\n<p class=\"MsoNormal\" style=\"margin-top:13.5pt;margin-right:0cm;margin-bottom:\n0cm;margin-left:0cm;margin-bottom:.0001pt;text-align:justify;line-height:normal;\nvertical-align:baseline\"><span style=\"mso-fareast-font-family:\"Times New Roman\";\nmso-bidi-font-family:Calibri;mso-bidi-theme-font:minor-latin;color:#23262A;\nmso-fareast-language:ES-PE\">Expresamos tambi\u00e9n nuestro respaldo a las y los funcionarios p\u00fablicos, que contin\u00faan con la lucha contra la corrupci\u00f3n y por la justicia en nuestro pa\u00eds, en especial a las y los fiscales del Equipo Especial Lavajato. Como plataforma nacional de organizaciones de derechos humanos, continuaremos acompa\u00f1ando a las v\u00edctimas de las graves violaciones a los derechos humanos y corrupci\u00f3n en sus demandas por verdad y justicia.<\/span><\/p>\n<p class=\"MsoNormal\" style=\"margin-top:13.5pt;margin-right:0cm;margin-bottom:\n0cm;margin-left:0cm;margin-bottom:.0001pt;text-align:justify;line-height:normal;\nvertical-align:baseline\"><span style=\"mso-fareast-font-family:\"Times New Roman\";\nmso-bidi-font-family:Calibri;mso-bidi-theme-font:minor-latin;color:#23262A;\nmso-fareast-language:ES-PE\"><o:p><\/o:p><\/span><\/p>\n<p><span style=\"color: rgb(35, 38, 42); text-align: justify;\">Lima, 17 de abril del 2019<\/span>\u00a0<\/p>\n<p><a href=\"http:\/\/web.hilo.org.pe\/wp-content\/uploads\/CNDDHH Comunicado.jpg\" target=\"_blank\" rel=\"noopener\">Ver archivo adjunto<\/a><\/p>\n","protected":false},"excerpt":{"rendered":"<p>Desde la Coordinadora Nacional de Derechos Humanos expresan su respeto por el dolor y duelo de la familia y el entorno del se\u00f1or Alan Garc\u00eda P\u00e9rez, qui\u00e9n tom\u00f3 la tr\u00e1gica decisi\u00f3n del suicidio frente al mandato de detenci\u00f3n preliminar contra \u00e9l y otras ocho personas por las investigaciones de delitos de corrupci\u00f3n. La muerte de una persona es siempre un hecho lamentable y doloroso.<\/p>\n","protected":false},"author":1,"featured_media":0,"comment_status":"closed","ping_status":"closed","sticky":false,"template":"","format":"standard","meta":{"footnotes":""},"categories":[9],"tags":[],"class_list":["post-3244","post","type-post","status-publish","format-standard","hentry","category-noticias"],"_links":{"self":[{"href":"https:\/\/ceas.org.pe\/index.php\/wp-json\/wp\/v2\/posts\/3244","targetHints":{"allow":["GET"]}}],"collection":[{"href":"https:\/\/ceas.org.pe\/index.php\/wp-json\/wp\/v2\/posts"}],"about":[{"href":"https:\/\/ceas.org.pe\/index.php\/wp-json\/wp\/v2\/types\/post"}],"author":[{"embeddable":true,"href":"https:\/\/ceas.org.pe\/index.php\/wp-json\/wp\/v2\/users\/1"}],"replies":[{"embeddable":true,"href":"https:\/\/ceas.org.pe\/index.php\/wp-json\/wp\/v2\/comments?post=3244"}],"version-history":[{"count":1,"href":"https:\/\/ceas.org.pe\/index.php\/wp-json\/wp\/v2\/posts\/3244\/revisions"}],"predecessor-version":[{"id":5974,"href":"https:\/\/ceas.org.pe\/index.php\/wp-json\/wp\/v2\/posts\/3244\/revisions\/5974"}],"wp:attachment":[{"href":"https:\/\/ceas.org.pe\/index.php\/wp-json\/wp\/v2\/media?parent=3244"}],"wp:term":[{"taxonomy":"category","embeddable":true,"href":"https:\/\/ceas.org.pe\/index.php\/wp-json\/wp\/v2\/categories?post=3244"},{"taxonomy":"post_tag","embeddable":true,"href":"https:\/\/ceas.org.pe\/index.php\/wp-json\/wp\/v2\/tags?post=3244"}],"curies":[{"name":"wp","href":"https:\/\/api.w.org\/{rel}","templated":true}]}}