{"id":3243,"date":"2019-04-17T18:07:10","date_gmt":"2019-04-17T18:07:10","guid":{"rendered":""},"modified":"2026-03-11T09:11:54","modified_gmt":"2026-03-11T14:11:54","slug":"sentidas-condolencias-del-arzobispo-de-lima-carlos-castillo-mattasoglio","status":"publish","type":"post","link":"https:\/\/ceas.org.pe\/index.php\/2019\/04\/17\/sentidas-condolencias-del-arzobispo-de-lima-carlos-castillo-mattasoglio\/","title":{"rendered":"Sentidas condolencias del Arzobispo de Lima, Carlos Castillo Mattasoglio"},"content":{"rendered":"<p style=\"margin: 0px 0px 10.66px;\"><font face=\"Calibri\"><font size=\"3\">SENTIDAS CONDOLENCIAS<\/font><\/font><\/p>\n<p style=\"margin: 0px 0px 10.66px;\"><span lang=\"ES\" style=\"margin: 0px;\"><font face=\"Calibri\" size=\"3\">Lamentamos hondamente como Iglesia de Lima el fallecimiento del Dr. Alan Garc\u00eda P\u00e9rez, ex Presidente de la Rep\u00fablica, expresando nuestra condolencia solidaria con su familia y con todos los que caminaron con \u00e9l en esta vida.<\/font><\/span><\/p>\n<p style=\"margin: 0px 0px 10.66px;\"><span lang=\"ES\" style=\"margin: 0px;\"><font face=\"Calibri\" size=\"3\">Ante la conmoci\u00f3n general causada, invocamos como Iglesia a meditar con profundidad lo acontecido.<\/font><\/span><\/p>\n<p style=\"margin: 0px 0px 10.66px;\"><span lang=\"ES\" style=\"margin: 0px;\"><font face=\"Calibri\" size=\"3\">Pedimos a Dios su ayuda e inspiraci\u00f3n.<\/font><\/span><\/p>\n<p style=\"margin: 0px 0px 10.66px;\"><span lang=\"ES\" style=\"margin: 0px;\"><font size=\"3\"><font face=\"Times New Roman\"><br  \/><br \/>\n<\/font><font face=\"Calibri\"> Mons. Carlos Castillo Mattaglosio<\/font><\/font><\/span><br  \/><br \/>\n<font face=\"Calibri\"><font size=\"3\"><span lang=\"ES\" style=\"margin: 0px;\">Arzobispo de Lima y Primado del Per\u00fa<\/span>\u00a0\u00a0<\/font><\/font><\/p>\n<p style=\"margin: 0px 0px 10.66px;\">\u00a0<\/p>\n<p style=\"margin: 0px 0px 10.66px;\"><font face=\"Calibri\" size=\"3\">Lima, 17 de marzo de 2019.<\/font><\/p>\n<p><a href=\"http:\/\/web.hilo.org.pe\/wp-content\/uploads\/condolencia-arzobispadodelima-800x1075.png\" target=\"_blank\" rel=\"noopener\">Ver archivo adjunto<\/a><\/p>\n","protected":false},"excerpt":{"rendered":"<p>Lamentamos hondamente como Iglesia de Lima el fallecimiento del Dr. Alan Garc\u00eda P\u00e9rez, ex Presidente de la Rep\u00fablica, expresando nuestra condolencia solidaria con su familia y con todos los que caminaron con \u00e9l en esta vida.<\/p>\n","protected":false},"author":1,"featured_media":0,"comment_status":"closed","ping_status":"closed","sticky":false,"template":"","format":"standard","meta":{"footnotes":""},"categories":[9],"tags":[],"class_list":["post-3243","post","type-post","status-publish","format-standard","hentry","category-noticias"],"_links":{"self":[{"href":"https:\/\/ceas.org.pe\/index.php\/wp-json\/wp\/v2\/posts\/3243","targetHints":{"allow":["GET"]}}],"collection":[{"href":"https:\/\/ceas.org.pe\/index.php\/wp-json\/wp\/v2\/posts"}],"about":[{"href":"https:\/\/ceas.org.pe\/index.php\/wp-json\/wp\/v2\/types\/post"}],"author":[{"embeddable":true,"href":"https:\/\/ceas.org.pe\/index.php\/wp-json\/wp\/v2\/users\/1"}],"replies":[{"embeddable":true,"href":"https:\/\/ceas.org.pe\/index.php\/wp-json\/wp\/v2\/comments?post=3243"}],"version-history":[{"count":1,"href":"https:\/\/ceas.org.pe\/index.php\/wp-json\/wp\/v2\/posts\/3243\/revisions"}],"predecessor-version":[{"id":5975,"href":"https:\/\/ceas.org.pe\/index.php\/wp-json\/wp\/v2\/posts\/3243\/revisions\/5975"}],"wp:attachment":[{"href":"https:\/\/ceas.org.pe\/index.php\/wp-json\/wp\/v2\/media?parent=3243"}],"wp:term":[{"taxonomy":"category","embeddable":true,"href":"https:\/\/ceas.org.pe\/index.php\/wp-json\/wp\/v2\/categories?post=3243"},{"taxonomy":"post_tag","embeddable":true,"href":"https:\/\/ceas.org.pe\/index.php\/wp-json\/wp\/v2\/tags?post=3243"}],"curies":[{"name":"wp","href":"https:\/\/api.w.org\/{rel}","templated":true}]}}