{"id":3242,"date":"2019-04-17T17:44:16","date_gmt":"2019-04-17T17:44:16","guid":{"rendered":""},"modified":"2026-03-11T09:11:54","modified_gmt":"2026-03-11T14:11:54","slug":"comunicado-de-la-conferencia-episcopal-peruana-sobre-el-fallecimiento-del-dr-alan-garcia-perez","status":"publish","type":"post","link":"https:\/\/ceas.org.pe\/index.php\/2019\/04\/17\/comunicado-de-la-conferencia-episcopal-peruana-sobre-el-fallecimiento-del-dr-alan-garcia-perez\/","title":{"rendered":"Comunicado de la Conferencia Episcopal Peruana sobre el fallecimiento del Dr. Alan Garc\u00eda P\u00e9rez"},"content":{"rendered":"<p>\u00a0<font face=\"Times New Roman\" size=\"3\">  <\/font><\/p>\n<p align=\"center\" style=\"margin: 0px 0px 10.66px; text-align: center;\"><span lang=\"ES\" style=\"margin: 0px;\"><font face=\"Calibri\" size=\"3\">Comunicado de la Conferencia Episcopal Peruana sobre el fallecimiento del Dr. Alan Garc\u00eda P\u00e9rez<\/font><\/span><\/p>\n<p align=\"center\" style=\"margin: 0px 0px 10.66px; text-align: center;\"><b><font face=\"Calibri\" size=\"3\">COMUNICADO\u00a0<\/font><\/b><\/p>\n<p style=\"margin: 0px 0px 10.66px;\"><font face=\"Calibri\" size=\"3\">La Conferencia Episcopal Peruana con profundo dolor comparte el sentimiento de la familia, del Partido Aprista y tantos amigos y conocidos, por el fallecimiento del Dr. Alan Garc\u00eda P\u00e9rez, dos veces Presidente del Per\u00fa. Unidos en la fe, invocamos la misericordia y la ternura de Dios Padre, que conoce profundamente el coraz\u00f3n humano, para que le conceda el gozo de su eterna presencia.\u00a0<\/font><\/p>\n<p style=\"margin: 0px 0px 10.66px;\"><font face=\"Calibri\" size=\"3\">\u00a0<\/font><\/p>\n<p align=\"right\" style=\"margin: 0px 0px 10.66px; text-align: right;\"><font face=\"Calibri\" size=\"3\">Lima, 17 de abril del 2019<\/font><\/p>\n<p style=\"margin: 0px 0px 10.66px;\"><font face=\"Calibri\" size=\"3\">\u00a0<\/font><\/p>\n<p style=\"margin: 0px 0px 10.66px;\"><i style=\"mso-bidi-font-style:normal\"><font face=\"Calibri\" size=\"3\">\u00a0La Presidencia de la Conferencia Episcopal Peruana. Oficina de Prensa<\/font><\/i><\/p>\n<p><a href=\"http:\/\/web.hilo.org.pe\/wp-content\/uploads\/COMUNICADO 17 10 2019 (F) web.jpg\" target=\"_blank\" rel=\"noopener\">Ver archivo adjunto<\/a><\/p>\n","protected":false},"excerpt":{"rendered":"<p>La Conferencia Episcopal Peruana con profundo dolor comparte el sentimiento de la familia, del Partido Aprista y tantos amigos y conocidos, por el fallecimiento del Dr. Alan Garc\u00eda P\u00e9rez, dos veces Presidente del Per\u00fa. Unidos en la fe, invocamos la misericordia y la ternura de Dios Padre, que conoce profundamente el coraz\u00f3n humano, para que le conceda el gozo de su eterna presencia.<\/p>\n","protected":false},"author":1,"featured_media":5502,"comment_status":"closed","ping_status":"closed","sticky":false,"template":"","format":"standard","meta":{"footnotes":""},"categories":[9],"tags":[],"class_list":["post-3242","post","type-post","status-publish","format-standard","has-post-thumbnail","hentry","category-noticias"],"_links":{"self":[{"href":"https:\/\/ceas.org.pe\/index.php\/wp-json\/wp\/v2\/posts\/3242","targetHints":{"allow":["GET"]}}],"collection":[{"href":"https:\/\/ceas.org.pe\/index.php\/wp-json\/wp\/v2\/posts"}],"about":[{"href":"https:\/\/ceas.org.pe\/index.php\/wp-json\/wp\/v2\/types\/post"}],"author":[{"embeddable":true,"href":"https:\/\/ceas.org.pe\/index.php\/wp-json\/wp\/v2\/users\/1"}],"replies":[{"embeddable":true,"href":"https:\/\/ceas.org.pe\/index.php\/wp-json\/wp\/v2\/comments?post=3242"}],"version-history":[{"count":1,"href":"https:\/\/ceas.org.pe\/index.php\/wp-json\/wp\/v2\/posts\/3242\/revisions"}],"predecessor-version":[{"id":5976,"href":"https:\/\/ceas.org.pe\/index.php\/wp-json\/wp\/v2\/posts\/3242\/revisions\/5976"}],"wp:featuredmedia":[{"embeddable":true,"href":"https:\/\/ceas.org.pe\/index.php\/wp-json\/wp\/v2\/media\/5502"}],"wp:attachment":[{"href":"https:\/\/ceas.org.pe\/index.php\/wp-json\/wp\/v2\/media?parent=3242"}],"wp:term":[{"taxonomy":"category","embeddable":true,"href":"https:\/\/ceas.org.pe\/index.php\/wp-json\/wp\/v2\/categories?post=3242"},{"taxonomy":"post_tag","embeddable":true,"href":"https:\/\/ceas.org.pe\/index.php\/wp-json\/wp\/v2\/tags?post=3242"}],"curies":[{"name":"wp","href":"https:\/\/api.w.org\/{rel}","templated":true}]}}