{"id":3241,"date":"2019-04-13T14:02:02","date_gmt":"2019-04-13T14:02:02","guid":{"rendered":""},"modified":"2026-03-11T09:11:54","modified_gmt":"2026-03-11T14:11:54","slug":"papa-francisco-nombra-nuevos-obispos-auxiliares-para-la-arquidiocesis-de-lima","status":"publish","type":"post","link":"https:\/\/ceas.org.pe\/index.php\/2019\/04\/13\/papa-francisco-nombra-nuevos-obispos-auxiliares-para-la-arquidiocesis-de-lima\/","title":{"rendered":"PAPA FRANCISCO NOMBRA NUEVOS OBISPOS AUXILIARES PARA LA ARQUIDI\u00d3CESIS DE LIMA"},"content":{"rendered":"<p><span style=\"text-align: justify;\">El Papa ha nombrado obispos auxiliares de la arquidi\u00f3cesis de Lima (Per\u00fa) a los reverendos Ricardo Augusto Rodr\u00edguez \u00c1lvarez, hasta ahora p\u00e1rroco de\u00a0Santa Mar\u00eda de Nazaret,\u00a0 asign\u00e1ndole la sede titular episcopal de Elie, y\u00a0Guillermo Teodoro El\u00edas Millares,\u00a0hasta ahora p\u00e1rroco de\u00a0El Se\u00f1or de la Paz,\u00a0asign\u00e1ndole la sede titular episcopal de Torri di Numidia.<\/span><\/p>\n<p class=\"MsoNormal\" style=\"mso-margin-top-alt:auto;mso-margin-bottom-alt:auto;\ntext-align:justify;line-height:normal;background:white\"><span style=\"mso-fareast-font-family:\n\"Times New Roman\";mso-bidi-font-family:Calibri;mso-bidi-theme-font:minor-latin;\ncolor:#222222;mso-fareast-language:ES-PE\">El reverendo<b>\u00a0<i style=\"mso-bidi-font-style:normal\">Ricardo Augusto Rodr\u00edguez \u00c1lvarez,<\/i> <\/b>naci\u00f3 en 1962 en Lima y fue ordenado sacerdote en 1987. Despu\u00e9s de sus estudios de Filosof\u00eda y Teolog\u00eda se especializ\u00f3 en Pastoral Juvenil en Santiago (Chile) y Bogot\u00e1 (Colombia). En su ministerio sacerdotal ha sido vicario parroquial y p\u00e1rroco en diversas parroquias de su arquidi\u00f3cesis.<o:p><\/o:p><\/span><\/p>\n<p class=\"MsoNormal\" style=\"mso-margin-top-alt:auto;mso-margin-bottom-alt:auto;\ntext-align:justify;line-height:normal;background:white\"><span style=\"mso-fareast-font-family:\n\"Times New Roman\";mso-bidi-font-family:Calibri;mso-bidi-theme-font:minor-latin;\ncolor:#222222;mso-fareast-language:ES-PE\">El reverendo\u00a0\u00a0<b><i style=\"mso-bidi-font-style:normal\">Guillermo Teodoro El\u00edas Millares,\u00a0<\/i><\/b>naci\u00f3 en<b>\u00a0<\/b>1953 en Lima<b>\u00a0<\/b>y fue ordenado sacerdote en 1981. Despu\u00e9s de sus estudios de Filosof\u00eda y Teolog\u00eda se especializ\u00f3 en Teolog\u00eda del Matrimonio y de la Familia en el Pontificio Instituto San Juan Pablo de Valencia (Espa\u00f1a). En su ministerio sacerdotal ha sido, entre otros, vicario parroquial y p\u00e1rroco en la arquidi\u00f3cesis de Lima y en la <\/span><span style=\"mso-fareast-font-family:\"Times New Roman\";mso-bidi-font-family:Calibri;\nmso-bidi-theme-font:minor-latin;mso-fareast-language:ES-PE\">di\u00f3cesis peruana de Carabayllo, as\u00ed como en Alicante (Espa\u00f1a).<o:p><\/o:p><\/span><\/p>\n<p class=\"MsoNormal\" style=\"margin-bottom:0cm;margin-bottom:.0001pt;text-align:\njustify;line-height:normal;background:white\"><span style=\"mso-fareast-font-family:\n\"Times New Roman\";mso-bidi-font-family:Calibri;mso-bidi-theme-font:minor-latin;\nmso-fareast-language:ES-PE\">Se dio a conocer a trav\u00e9s de un comunicado de la Santa Sede\u00a0el nombramiento de dos nuevos\u00a0<span style=\"mso-bidi-font-weight:\nbold\">Obispos Auxiliares para Lima<\/span>. Recemos por la fidelidad y servicio de los nuevos obispos, para que a la luz del evangelio gu\u00eden al pueblo de Dios.<o:p><\/o:p><\/span><\/p>\n<p class=\"MsoNormal\" style=\"margin-bottom:0cm;margin-bottom:.0001pt;text-align:\njustify;line-height:normal;background:white\"><span style=\"mso-fareast-font-family:\n\"Times New Roman\";mso-bidi-font-family:Calibri;mso-bidi-theme-font:minor-latin;\nmso-fareast-language:ES-PE\"><o:p>\u00a0<\/o:p><\/span><\/p>\n<p class=\"MsoNormal\" style=\"margin-bottom:0cm;margin-bottom:.0001pt;text-align:\njustify;line-height:normal;background:white\"><i style=\"mso-bidi-font-style:\nnormal\"><span style=\"mso-fareast-font-family:\"Times New Roman\";mso-bidi-font-family:\nCalibri;mso-bidi-theme-font:minor-latin;mso-fareast-language:ES-PE\">Fuente: Bolet\u00edn del Vaticano. 13 de abril de 2019.<o:p><\/o:p><\/span><\/i><\/p>\n<p><a href=\"http:\/\/web.hilo.org.pe\/wp-content\/uploads\/Obispos Auxiliares web.jpg\" target=\"_blank\" rel=\"noopener\">Ver archivo adjunto<\/a><\/p>\n","protected":false},"excerpt":{"rendered":"<p>El Papa ha nombrado obispos auxiliares de la arquidi\u00f3cesis de Lima (Per\u00fa) a los reverendos Ricardo Augusto Rodr\u00edguez \u00c1lvarez, hasta ahora p\u00e1rroco de Santa Mar\u00eda de Nazaret,  asign\u00e1ndole la sede titular episcopal de Elie, y Guillermo Teodoro El\u00edas Millares, hasta ahora p\u00e1rroco de El Se\u00f1or de la Paz, asign\u00e1ndole la sede titular episcopal de Torri di Numidia.<\/p>\n","protected":false},"author":1,"featured_media":7855,"comment_status":"closed","ping_status":"closed","sticky":false,"template":"","format":"standard","meta":{"footnotes":""},"categories":[9],"tags":[],"class_list":["post-3241","post","type-post","status-publish","format-standard","has-post-thumbnail","hentry","category-noticias"],"_links":{"self":[{"href":"https:\/\/ceas.org.pe\/index.php\/wp-json\/wp\/v2\/posts\/3241","targetHints":{"allow":["GET"]}}],"collection":[{"href":"https:\/\/ceas.org.pe\/index.php\/wp-json\/wp\/v2\/posts"}],"about":[{"href":"https:\/\/ceas.org.pe\/index.php\/wp-json\/wp\/v2\/types\/post"}],"author":[{"embeddable":true,"href":"https:\/\/ceas.org.pe\/index.php\/wp-json\/wp\/v2\/users\/1"}],"replies":[{"embeddable":true,"href":"https:\/\/ceas.org.pe\/index.php\/wp-json\/wp\/v2\/comments?post=3241"}],"version-history":[{"count":1,"href":"https:\/\/ceas.org.pe\/index.php\/wp-json\/wp\/v2\/posts\/3241\/revisions"}],"predecessor-version":[{"id":5977,"href":"https:\/\/ceas.org.pe\/index.php\/wp-json\/wp\/v2\/posts\/3241\/revisions\/5977"}],"wp:featuredmedia":[{"embeddable":true,"href":"https:\/\/ceas.org.pe\/index.php\/wp-json\/wp\/v2\/media\/7855"}],"wp:attachment":[{"href":"https:\/\/ceas.org.pe\/index.php\/wp-json\/wp\/v2\/media?parent=3241"}],"wp:term":[{"taxonomy":"category","embeddable":true,"href":"https:\/\/ceas.org.pe\/index.php\/wp-json\/wp\/v2\/categories?post=3241"},{"taxonomy":"post_tag","embeddable":true,"href":"https:\/\/ceas.org.pe\/index.php\/wp-json\/wp\/v2\/tags?post=3241"}],"curies":[{"name":"wp","href":"https:\/\/api.w.org\/{rel}","templated":true}]}}