{"id":3240,"date":"2019-04-13T13:55:29","date_gmt":"2019-04-13T13:55:29","guid":{"rendered":""},"modified":"2026-03-11T09:11:54","modified_gmt":"2026-03-11T14:11:54","slug":"lima-se-levanta-esta-semana-santa-2019","status":"publish","type":"post","link":"https:\/\/ceas.org.pe\/index.php\/2019\/04\/13\/lima-se-levanta-esta-semana-santa-2019\/","title":{"rendered":"Lima se levanta esta Semana Santa 2019"},"content":{"rendered":"<p style=\"margin-top:0cm;margin-right:0cm;margin-bottom:7.5pt;margin-left:0cm;\ntext-align:justify\"><em><span style=\"font-size:11.0pt;font-family:\"Calibri\",\"sans-serif\";\nmso-ascii-theme-font:minor-latin;mso-hansi-theme-font:minor-latin;mso-bidi-theme-font:\nminor-latin;color:#333333\">\u201cCada a\u00f1o como Arzobispado, somos convocados para la Semana Santa, que antiguamente era conocida como la Semana Mayor, donde recordamos y rememoramos la entrada de nuestro se\u00f1or a Jerusal\u00e9n y su calvario hacia el G\u00f3lgota, renovando as\u00ed la fe de todos los fieles\u201d,\u00a0<\/span><\/em><span style=\"font-size:11.0pt;font-family:\"Calibri\",\"sans-serif\";mso-ascii-theme-font:\nminor-latin;mso-hansi-theme-font:minor-latin;mso-bidi-theme-font:minor-latin;\ncolor:#333333\">coment\u00f3 el <em>Presb\u00edtero C\u00e9sar Ore, Vocero de Semana Santa 2019.<\/em><o:p><\/o:p><\/span><\/p>\n<p style=\"margin: 0cm 0cm 7.5pt; text-align: justify; box-sizing: border-box;\"><span style=\"font-size:11.0pt;font-family:\"Calibri\",\"sans-serif\";\nmso-ascii-theme-font:minor-latin;mso-hansi-theme-font:minor-latin;mso-bidi-theme-font:\nminor-latin;color:#333333\">Al mismo tiempo, la Gerente de Defensa Civil y Gesti\u00f3n de Desastres, Zara Santill\u00e1n, manifest\u00f3 que<em style=\"box-sizing: border-box\">\u00a0\u201cse vienen realizando visitas a las principales iglesias donde se celebrar\u00e1 la Semana Santa. Se contar\u00e1 con la presencia de brigadistas y voluntarios, que reforzar\u00e1n las actividades donde se tenga mayor concentraci\u00f3n de fieles. Los puntos de evacuaci\u00f3n estar\u00e1n destinados al frente de cada templo, todo est\u00e1 debidamente coordinado para salvaguardar la integridad de los fieles\u201d<\/em>, agreg\u00f3.<o:p><\/o:p><\/span><\/p>\n<p style=\"margin: 0cm 0cm 7.5pt; text-align: justify; box-sizing: border-box;\"><span style=\"font-size:11.0pt;font-family:\"Calibri\",\"sans-serif\";\nmso-ascii-theme-font:minor-latin;mso-hansi-theme-font:minor-latin;mso-bidi-theme-font:\nminor-latin;color:#333333\">Por su parte, el Mayordomo general de la Hermandad del Se\u00f1or de los Milagros, Manuel Orrillo, present\u00f3 el recorrido del Cristo Moreno hacia la Catedral de Lima afirmando que\u00a0<em style=\"box-sizing: border-box\">\u201ceste a\u00f1o se tiene previsto un recorrido ligero, para no interrumpir el tr\u00e1nsito. Se partir\u00e1 desde el Monasterio Las Nazarenas, pasando por los jirones Huancavelica, Lampa y Carabaya, hasta la Catedral de Lima\u201d.<\/em><o:p><\/o:p><\/span><\/p>\n<p style=\"margin: 0cm 0cm 7.5pt; text-align: justify; box-sizing: border-box;\"><span style=\"font-size:11.0pt;font-family:\"Calibri\",\"sans-serif\";\nmso-ascii-theme-font:minor-latin;mso-hansi-theme-font:minor-latin;mso-bidi-theme-font:\nminor-latin;color:#333333\">\u00a0<o:p><\/o:p><\/span><\/p>\n<h2 style=\"margin: 15pt 0cm 7.5pt; box-sizing: border-box;\"><strong style=\"box-sizing: border-box\"><span style=\"font-size:11.0pt;\nline-height:115%;font-family:\"Calibri\",\"sans-serif\";mso-ascii-theme-font:minor-latin;\nmso-hansi-theme-font:minor-latin;mso-bidi-theme-font:minor-latin;color:#333333\">Actividades de Semana Santa 2019<\/span><\/strong><span style=\"font-size:11.0pt;line-height:\n115%;font-family:\"Calibri\",\"sans-serif\";mso-ascii-theme-font:minor-latin;\nmso-hansi-theme-font:minor-latin;mso-bidi-theme-font:minor-latin;color:#333333;\nfont-weight:normal\"><o:p><\/o:p><\/span><\/h2>\n<p style=\"margin: 0cm 0cm 7.5pt; text-align: justify; box-sizing: border-box;\"><span style=\"font-size:11.0pt;font-family:\"Calibri\",\"sans-serif\";\nmso-ascii-theme-font:minor-latin;mso-hansi-theme-font:minor-latin;mso-bidi-theme-font:\nminor-latin;color:#333333\">\u00a0Las actividades religiosas\u00a0inician este\u00a0<strong style=\"box-sizing: border-box\">domingo\u00a014 de abril<\/strong>\u00a0con la tradicional bendici\u00f3n de palmas en la Misa de Domingo de Ramos prevista a las 10:00 am. M\u00e1s adelante los invitamos a participar del rezo del Rosario en la Bas\u00edlica de la Catedral de Lima.<o:p><\/o:p><\/span><\/p>\n<p style=\"margin-top:0cm;margin-right:0cm;margin-bottom:7.5pt;margin-left:0cm;\ntext-align:justify\"><strong><span style=\"font-size:11.0pt;font-family:\"Calibri\",\"sans-serif\";\nmso-ascii-theme-font:minor-latin;mso-hansi-theme-font:minor-latin;mso-bidi-theme-font:\nminor-latin;color:#333333\">El jueves 18 de abril<\/span><\/strong><span style=\"font-size:11.0pt;font-family:\"Calibri\",\"sans-serif\";mso-ascii-theme-font:\nminor-latin;mso-hansi-theme-font:minor-latin;mso-bidi-theme-font:minor-latin;\ncolor:#333333\">\u00a0se realizar\u00e1 la Misa Crismal (9:00 am) y la celebraci\u00f3n de la Cena del Se\u00f1or (18:00 pm), mientras que\u00a0el\u00a0<strong style=\"box-sizing: border-box\">viernes 19 de abril<\/strong>\u00a0el Se\u00f1or de los Milagros recorrer\u00e1 las calles de Lima desde las 6:00 am y llegar\u00e1 a la Catedral de Lima para ser parte del Serm\u00f3n de las tres horas.<o:p><\/o:p><\/span><\/p>\n<p style=\"margin: 0cm 0cm 7.5pt; text-align: justify; box-sizing: border-box;\"><span style=\"font-size:11.0pt;font-family:\"Calibri\",\"sans-serif\";\nmso-ascii-theme-font:minor-latin;mso-hansi-theme-font:minor-latin;mso-bidi-theme-font:\nminor-latin;color:#333333\">El<strong style=\"box-sizing: border-box\">\u00a0s\u00e1bado 20 de abril<\/strong>\u00a0a las 20:00 horas se llevar\u00e1 a cabo la Vigilia Pascual, y finalizar\u00e1 el\u00a0<strong style=\"box-sizing: border-box\">domingo 21 de abril<\/strong>\u00a0con la Misa de resurrecci\u00f3n a las 11:00 horas.<o:p><\/o:p><\/span><\/p>\n<p style=\"margin: 0cm 0cm 7.5pt; text-align: justify; box-sizing: border-box;\"><span style=\"font-size:11.0pt;font-family:\"Calibri\",\"sans-serif\";\nmso-ascii-theme-font:minor-latin;mso-hansi-theme-font:minor-latin;mso-bidi-theme-font:\nminor-latin;color:#333333\">Puedes\u00a0<a href=\"https:\/\/arzobispadodelima.org\/wp-content\/uploads\/2019\/04\/Actividades-Semana-Santa-2019.pdf\" style=\"box-sizing: border-box;transition: all 0.5s ease 0s\"><span style=\"color:#337AB7\">descargar aqu\u00ed el documento PDF con las actividades de Semana Santa 2019<\/span><\/a>. Tambi\u00e9n los invitamos a compartir en las redes sociales el hashtag #LimaLev\u00e1ntate.<o:p><\/o:p><\/span><\/p>\n<p style=\"margin-top:0cm;margin-right:0cm;margin-bottom:4.5pt;margin-left:0cm\"><span style=\"font-size:11.0pt;font-family:\"Calibri\",\"sans-serif\";mso-ascii-theme-font:\nminor-latin;mso-hansi-theme-font:minor-latin;mso-bidi-theme-font:minor-latin;\ncolor:#1D2129\">\u00a0<\/span><\/p>\n<p><i>Tomado de: Arzobispado de Lima. 10 de abril de 2019.<\/i>\u00a0<\/p>\n<p><a href=\"http:\/\/web.hilo.org.pe\/wp-content\/uploads\/foto2-11 web.jpg\" target=\"_blank\" rel=\"noopener\">Ver archivo adjunto<\/a><\/p>\n","protected":false},"excerpt":{"rendered":"<p>Bajo el lema: \u201cLima, a ti te digo \u00a1Lev\u00e1ntate!, el Arzobispado de Lima present\u00f3 en conferencia de prensa el cronograma de actividades para esta Semana Santa.<\/p>\n","protected":false},"author":1,"featured_media":8071,"comment_status":"closed","ping_status":"closed","sticky":false,"template":"","format":"standard","meta":{"footnotes":""},"categories":[9],"tags":[],"class_list":["post-3240","post","type-post","status-publish","format-standard","has-post-thumbnail","hentry","category-noticias"],"_links":{"self":[{"href":"https:\/\/ceas.org.pe\/index.php\/wp-json\/wp\/v2\/posts\/3240","targetHints":{"allow":["GET"]}}],"collection":[{"href":"https:\/\/ceas.org.pe\/index.php\/wp-json\/wp\/v2\/posts"}],"about":[{"href":"https:\/\/ceas.org.pe\/index.php\/wp-json\/wp\/v2\/types\/post"}],"author":[{"embeddable":true,"href":"https:\/\/ceas.org.pe\/index.php\/wp-json\/wp\/v2\/users\/1"}],"replies":[{"embeddable":true,"href":"https:\/\/ceas.org.pe\/index.php\/wp-json\/wp\/v2\/comments?post=3240"}],"version-history":[{"count":1,"href":"https:\/\/ceas.org.pe\/index.php\/wp-json\/wp\/v2\/posts\/3240\/revisions"}],"predecessor-version":[{"id":5978,"href":"https:\/\/ceas.org.pe\/index.php\/wp-json\/wp\/v2\/posts\/3240\/revisions\/5978"}],"wp:featuredmedia":[{"embeddable":true,"href":"https:\/\/ceas.org.pe\/index.php\/wp-json\/wp\/v2\/media\/8071"}],"wp:attachment":[{"href":"https:\/\/ceas.org.pe\/index.php\/wp-json\/wp\/v2\/media?parent=3240"}],"wp:term":[{"taxonomy":"category","embeddable":true,"href":"https:\/\/ceas.org.pe\/index.php\/wp-json\/wp\/v2\/categories?post=3240"},{"taxonomy":"post_tag","embeddable":true,"href":"https:\/\/ceas.org.pe\/index.php\/wp-json\/wp\/v2\/tags?post=3240"}],"curies":[{"name":"wp","href":"https:\/\/api.w.org\/{rel}","templated":true}]}}