{"id":3239,"date":"2019-04-11T11:03:37","date_gmt":"2019-04-11T11:03:37","guid":{"rendered":""},"modified":"2026-03-11T09:11:54","modified_gmt":"2026-03-11T14:11:54","slug":"comunicado-sobre-la-elaboracion-y-difusion-de-textos-escolares-con-referencias-a-temas-de-sexualidad","status":"publish","type":"post","link":"https:\/\/ceas.org.pe\/index.php\/2019\/04\/11\/comunicado-sobre-la-elaboracion-y-difusion-de-textos-escolares-con-referencias-a-temas-de-sexualidad\/","title":{"rendered":"Comunicado sobre la elaboraci\u00f3n y difusi\u00f3n de textos escolares con referencias a temas de sexualidad"},"content":{"rendered":"<p class=\"MsoNormal\" align=\"center\" style=\"text-align:center\"><b><span lang=\"ES-TRAD\" style=\"font-size:11.0pt;font-family:\"Calibri\",sans-serif;\nmso-ascii-theme-font:minor-latin;mso-hansi-theme-font:minor-latin;mso-bidi-theme-font:\nminor-latin;mso-ansi-language:ES-TRAD\">COMUNICADO<\/span><\/b><span style=\"font-size:11.0pt;font-family:\"Calibri\",sans-serif;mso-ascii-theme-font:\nminor-latin;mso-hansi-theme-font:minor-latin;mso-bidi-theme-font:minor-latin\"><o:p><\/o:p><\/span><\/p>\n<p align=\"center\" style=\"margin-top:0cm;margin-right:0cm;margin-bottom:8.0pt;\nmargin-left:0cm;text-align:center\"><i><span style=\"font-size: 11pt; font-family: Calibri, sans-serif;\">\u201cDios cre\u00f3 al hombre y mujer a su imagen y semejanza\u201d<\/span><\/i><span style=\"font-size:11.0pt;\nfont-family:\"Calibri\",sans-serif;mso-ascii-theme-font:minor-latin;mso-hansi-theme-font:\nminor-latin;mso-bidi-theme-font:minor-latin\"><o:p><\/o:p><\/span><\/p>\n<p align=\"center\" style=\"margin-top:0cm;margin-right:0cm;margin-bottom:8.0pt;\nmargin-left:0cm;text-align:center\"><span style=\"font-size: 11pt; font-family: Calibri, sans-serif;\">\u00a0<\/span><span style=\"font-size:11.0pt;font-family:\"Calibri\",sans-serif;mso-ascii-theme-font:\nminor-latin;mso-hansi-theme-font:minor-latin;mso-bidi-theme-font:minor-latin\"><o:p><\/o:p><\/span><\/p>\n<p style=\"margin-top:0cm;margin-right:0cm;margin-bottom:8.0pt;margin-left:0cm;\ntext-align:justify\"><span style=\"font-size: 11pt; font-family: Calibri, sans-serif;\">Habiendo tomado conocimiento de la elaboraci\u00f3n y difusi\u00f3n de textos escolares en el \u00e1rea de Desarrollo Personal, Ciudadan\u00eda y C\u00edvica dentro de la Educaci\u00f3n B\u00e1sica Regular, mostramos nuestra profunda preocupaci\u00f3n por este material educativo distribuido a las instituciones educativas p\u00fablicas con referencias a temas de sexualidad que tergiversan la verdad sobre la persona, generando confusi\u00f3n en los padres de familia y sobre su misi\u00f3n fundamental de educar y formar a sus hijos. <\/span><span style=\"font-size:11.0pt;font-family:\"Calibri\",sans-serif;mso-ascii-theme-font:\nminor-latin;mso-hansi-theme-font:minor-latin;mso-bidi-theme-font:minor-latin\"><o:p><\/o:p><\/span><\/p>\n<p style=\"margin-top:0cm;margin-right:0cm;margin-bottom:8.0pt;margin-left:0cm;\ntext-align:justify\"><span style=\"font-size: 11pt; font-family: Calibri, sans-serif;\">La distorsionada presentaci\u00f3n de la persona y su sexualidad nos afectan como sociedad; por eso reafirmamos la dignidad de la persona humana en consonancia con las ense\u00f1anzas del evangelio y del magisterio de la iglesia. Ya en G\u00e9nesis 1,27 se ense\u00f1a que <i>\u201cDios cre\u00f3 al hombre y mujer a su imagen y semejanza\u201d<\/i>; y en nuestros tiempos el Papa Francisco nos hace un recordatorio: <i>\u201cLa educaci\u00f3n sexual que cuida un sano pudor tiene un valor inmenso, logrando una educaci\u00f3n al amor y a la afectividad\u201d<\/i>. <\/span><span style=\"font-size:11.0pt;font-family:\"Calibri\",sans-serif;mso-ascii-theme-font:\nminor-latin;mso-hansi-theme-font:minor-latin;mso-bidi-theme-font:minor-latin\"><o:p><\/o:p><\/span><\/p>\n<p style=\"margin-top:0cm;margin-right:0cm;margin-bottom:8.0pt;margin-left:0cm;\ntext-align:justify\"><span style=\"font-size: 11pt; font-family: Calibri, sans-serif;\">Reconocemos las disculpas expresadas por la Ministra de Educaci\u00f3n Sra. Flor Pablo Medina; aun as\u00ed invocamos a las autoridades del Ministerio de Educaci\u00f3n a tener mayor responsabilidad en la elaboraci\u00f3n y difusi\u00f3n de todos los materiales que lleguen a las manos de nuestra ni\u00f1ez y juventud y al mismo tiempo solicitamos rectificar, contener y sanar el da\u00f1o que pueda generarse con estos textos, requiriendo que dignifiquen a la funci\u00f3n p\u00fablica como <\/span><span style=\"font-size:11.0pt;font-family:\"Calibri\",sans-serif;\nmso-ascii-theme-font:minor-latin;mso-hansi-theme-font:minor-latin;mso-bidi-theme-font:\nminor-latin\">es debido. Los padres son los primeros responsables de la educaci\u00f3n de sus hijos.<o:p><\/o:p><\/span><\/p>\n<p class=\"m-7804773288907184525gmail-msonospacing\" style=\"margin:0cm;margin-bottom:\n.0001pt;text-align:justify\"><span style=\"font-size:11.0pt;font-family:\"Calibri\",sans-serif;\nmso-ascii-theme-font:minor-latin;mso-hansi-theme-font:minor-latin;mso-bidi-theme-font:\nminor-latin\">Como Iglesia reafirmamos nuestro compromiso de velar por la educaci\u00f3n en colaboraci\u00f3n con el Estado, asumido desde los comienzos de la Rep\u00fablica, refrendada en el Decreto Ley 23211 (1980): Aprobaci\u00f3n del Acuerdo entre la Santa Sede y el Estado Peruano.<o:p><\/o:p><\/span><\/p>\n<p class=\"m-7804773288907184525gmail-msonospacing\" style=\"margin:0cm;margin-bottom:\n.0001pt;text-align:justify\"><span style=\"font-size:11.0pt;font-family:\"Calibri\",sans-serif;\nmso-ascii-theme-font:minor-latin;mso-hansi-theme-font:minor-latin;mso-bidi-theme-font:\nminor-latin\">\u00a0<o:p><\/o:p><\/span><\/p>\n<p class=\"m-7804773288907184525gmail-msonospacing\" align=\"right\" style=\"margin:\n0cm;margin-bottom:.0001pt;text-align:right\"><span style=\"font-size:11.0pt;\nfont-family:\"Calibri\",sans-serif;mso-ascii-theme-font:minor-latin;mso-hansi-theme-font:\nminor-latin;mso-bidi-theme-font:minor-latin\">Lima, 10 de abril de 2019<o:p><\/o:p><\/span><\/p>\n<p class=\"m-7804773288907184525gmail-msonospacing\" style=\"margin:0cm;margin-bottom:\n.0001pt;text-align:justify\"><span style=\"font-size:11.0pt;font-family:\"Calibri\",sans-serif;\nmso-ascii-theme-font:minor-latin;mso-hansi-theme-font:minor-latin;mso-bidi-theme-font:\nminor-latin\">\u00a0<o:p><\/o:p><\/span><\/p>\n<p class=\"m-7804773288907184525gmail-msonospacing\" style=\"margin:0cm;margin-bottom:\n.0001pt;text-align:justify\"><span style=\"font-size:11.0pt;font-family:\"Calibri\",sans-serif;\nmso-ascii-theme-font:minor-latin;mso-hansi-theme-font:minor-latin;mso-bidi-theme-font:\nminor-latin\">\u00a0<o:p><\/o:p><\/span><\/p>\n<p class=\"m-7804773288907184525gmail-msonospacing\" align=\"center\" style=\"margin:\n0cm;margin-bottom:.0001pt;text-align:center\"><span style=\"font-size:11.0pt;\nfont-family:\"Calibri\",sans-serif;mso-ascii-theme-font:minor-latin;mso-hansi-theme-font:\nminor-latin;mso-bidi-theme-font:minor-latin\">Presidencia<o:p><\/o:p><\/span><\/p>\n<p class=\"m-7804773288907184525gmail-msonospacing\" align=\"center\" style=\"margin:\n0cm;margin-bottom:.0001pt;text-align:center\"><span style=\"font-size:11.0pt;\nfont-family:\"Calibri\",sans-serif;mso-ascii-theme-font:minor-latin;mso-hansi-theme-font:\nminor-latin;mso-bidi-theme-font:minor-latin\">Conferencia Episcopal Peruana y<o:p><\/o:p><\/span><\/p>\n<p class=\"m-7804773288907184525gmail-msonospacing\" align=\"center\" style=\"margin:\n0cm;margin-bottom:.0001pt;text-align:center\"><span style=\"font-size:11.0pt;\nfont-family:\"Calibri\",sans-serif;mso-ascii-theme-font:minor-latin;mso-hansi-theme-font:\nminor-latin;mso-bidi-theme-font:minor-latin\">Comisi\u00f3n Episcopal de Educaci\u00f3n, Cultura y Bienes Culturales<o:p><\/o:p><\/span><\/p>\n<p><span style=\"font-family: Calibri, sans-serif; font-size: 11pt;\">\u00a0<\/span>\u00a0<\/p>\n<p><a href=\"http:\/\/web.hilo.org.pe\/wp-content\/uploads\/COMUNICADO 02 Abril 10 2019 web.jpg\" target=\"_blank\" rel=\"noopener\">Ver archivo adjunto<\/a><\/p>\n","protected":false},"excerpt":{"rendered":"<p>Compartimos el comunicado de la Presidencia de la Conferencia Episcopal Peruana y<br \/>\nComisi\u00f3n Episcopal de Educaci\u00f3n, Cultura y Bienes Culturales que expresa profunda preocupaci\u00f3n por este material educativo distribuido a las instituciones educativas p\u00fablicas con referencias a temas de sexualidad que tergiversan la verdad sobre la persona, generando confusi\u00f3n en los padres de familia y sobre su misi\u00f3n fundamental de educar y formar a sus hijos.<\/p>\n","protected":false},"author":1,"featured_media":7881,"comment_status":"closed","ping_status":"closed","sticky":false,"template":"","format":"standard","meta":{"footnotes":""},"categories":[9],"tags":[],"class_list":["post-3239","post","type-post","status-publish","format-standard","has-post-thumbnail","hentry","category-noticias"],"_links":{"self":[{"href":"https:\/\/ceas.org.pe\/index.php\/wp-json\/wp\/v2\/posts\/3239","targetHints":{"allow":["GET"]}}],"collection":[{"href":"https:\/\/ceas.org.pe\/index.php\/wp-json\/wp\/v2\/posts"}],"about":[{"href":"https:\/\/ceas.org.pe\/index.php\/wp-json\/wp\/v2\/types\/post"}],"author":[{"embeddable":true,"href":"https:\/\/ceas.org.pe\/index.php\/wp-json\/wp\/v2\/users\/1"}],"replies":[{"embeddable":true,"href":"https:\/\/ceas.org.pe\/index.php\/wp-json\/wp\/v2\/comments?post=3239"}],"version-history":[{"count":1,"href":"https:\/\/ceas.org.pe\/index.php\/wp-json\/wp\/v2\/posts\/3239\/revisions"}],"predecessor-version":[{"id":5979,"href":"https:\/\/ceas.org.pe\/index.php\/wp-json\/wp\/v2\/posts\/3239\/revisions\/5979"}],"wp:featuredmedia":[{"embeddable":true,"href":"https:\/\/ceas.org.pe\/index.php\/wp-json\/wp\/v2\/media\/7881"}],"wp:attachment":[{"href":"https:\/\/ceas.org.pe\/index.php\/wp-json\/wp\/v2\/media?parent=3239"}],"wp:term":[{"taxonomy":"category","embeddable":true,"href":"https:\/\/ceas.org.pe\/index.php\/wp-json\/wp\/v2\/categories?post=3239"},{"taxonomy":"post_tag","embeddable":true,"href":"https:\/\/ceas.org.pe\/index.php\/wp-json\/wp\/v2\/tags?post=3239"}],"curies":[{"name":"wp","href":"https:\/\/api.w.org\/{rel}","templated":true}]}}