{"id":3238,"date":"2019-04-11T10:33:23","date_gmt":"2019-04-11T10:33:23","guid":{"rendered":""},"modified":"2026-03-11T09:11:54","modified_gmt":"2026-03-11T14:11:54","slug":"comunicado-de-la-conferencia-episcopal-peruana-y-el-arzobispo-de-lima-por-el-caso-sodalitium","status":"publish","type":"post","link":"https:\/\/ceas.org.pe\/index.php\/2019\/04\/11\/comunicado-de-la-conferencia-episcopal-peruana-y-el-arzobispo-de-lima-por-el-caso-sodalitium\/","title":{"rendered":"Comunicado de la Conferencia Episcopal Peruana y el Arzobispo de Lima por el caso Sodalitium"},"content":{"rendered":"<p class=\"MsoNormal\"><span style=\"font-size: 14pt; line-height: 107%; color: rgb(29, 33, 41); background-image: initial; background-position: initial; background-size: initial; background-repeat: initial; background-attachment: initial; background-origin: initial; background-clip: initial;\">Comunicado de la Conferencia Episcopal Peruana y el Arzobispo de Lima sobre la sentencia contra un periodista por el caso Sodalitium<o:p><\/o:p><\/span><\/p>\n<p class=\"MsoNormal\" style=\"text-align:justify\">La Presidencia de la Conferencia Episcopal Peruana, al tomar conocimiento de la decisi\u00f3n de la Jueza del Primer Juzgado Unipersonal Penal de Piura, en el caso de un periodista que ha buscado esclarecer la verdad sobre el accionar del Sodalitium, manifiesta lo siguiente:\u00a0<o:p><\/o:p><\/p>\n<ol>\n<li>El Papa Francisco nos pide enf\u00e1ticamente priorizar la comprensi\u00f3n y atenci\u00f3n a las v\u00edctimas de todo tipo de abuso, condenando cualquier tipo de complicidad.\u00a0<o:p><\/o:p><\/li>\n<li>El mismo Santo Padre ha alabado y agradecido la labor de los periodistas que, mediante sus investigaciones, contribuyen a denunciar los abusos, a castigar a los victimarios y a asistir a las v\u00edctimas. Subraya el Papa que la Iglesia necesita de su ayuda en esta dif\u00edcil tarea de luchar contra este mal.\u00a0<o:p><\/o:p><\/li>\n<li>El clima cuaresmal de conversi\u00f3n y misericordia mueva a todos a la m\u00e1xima transparencia para que los delitos se reconozcan y sea posible la justa reparaci\u00f3n.\u00a0<o:p><\/o:p><\/li>\n<\/ol>\n<p class=\"MsoNormal\" style=\"text-align:justify\">Finalmente, reiteramos nuestra solidaridad y cercan\u00eda con las v\u00edctimas, con sus familiares y con sus defensores.\u00a0<o:p><\/o:p><\/p>\n<p class=\"MsoNormal\"><o:p><\/o:p><\/p>\n<p>Lima, 10 de abril de 2019.\u00a0<\/p>\n<p><a href=\"http:\/\/web.hilo.org.pe\/wp-content\/uploads\/COMUNICADO ante el fallo del 1er Juzgado de Piura web.jpg\" target=\"_blank\" rel=\"noopener\">Ver archivo adjunto<\/a><\/p>\n","protected":false},"excerpt":{"rendered":"<p>La Presidencia de la Conferencia Episcopal Peruana, al tomar conocimiento de la decisi\u00f3n de la Jueza del Primer Juzgado Unipersonal Penal de Piura, en el caso de un periodista que ha buscado esclarecer la verdad sobre el accionar del Sodalitium.<\/p>\n","protected":false},"author":1,"featured_media":5502,"comment_status":"closed","ping_status":"closed","sticky":false,"template":"","format":"standard","meta":{"footnotes":""},"categories":[9],"tags":[],"class_list":["post-3238","post","type-post","status-publish","format-standard","has-post-thumbnail","hentry","category-noticias"],"_links":{"self":[{"href":"https:\/\/ceas.org.pe\/index.php\/wp-json\/wp\/v2\/posts\/3238","targetHints":{"allow":["GET"]}}],"collection":[{"href":"https:\/\/ceas.org.pe\/index.php\/wp-json\/wp\/v2\/posts"}],"about":[{"href":"https:\/\/ceas.org.pe\/index.php\/wp-json\/wp\/v2\/types\/post"}],"author":[{"embeddable":true,"href":"https:\/\/ceas.org.pe\/index.php\/wp-json\/wp\/v2\/users\/1"}],"replies":[{"embeddable":true,"href":"https:\/\/ceas.org.pe\/index.php\/wp-json\/wp\/v2\/comments?post=3238"}],"version-history":[{"count":1,"href":"https:\/\/ceas.org.pe\/index.php\/wp-json\/wp\/v2\/posts\/3238\/revisions"}],"predecessor-version":[{"id":5980,"href":"https:\/\/ceas.org.pe\/index.php\/wp-json\/wp\/v2\/posts\/3238\/revisions\/5980"}],"wp:featuredmedia":[{"embeddable":true,"href":"https:\/\/ceas.org.pe\/index.php\/wp-json\/wp\/v2\/media\/5502"}],"wp:attachment":[{"href":"https:\/\/ceas.org.pe\/index.php\/wp-json\/wp\/v2\/media?parent=3238"}],"wp:term":[{"taxonomy":"category","embeddable":true,"href":"https:\/\/ceas.org.pe\/index.php\/wp-json\/wp\/v2\/categories?post=3238"},{"taxonomy":"post_tag","embeddable":true,"href":"https:\/\/ceas.org.pe\/index.php\/wp-json\/wp\/v2\/tags?post=3238"}],"curies":[{"name":"wp","href":"https:\/\/api.w.org\/{rel}","templated":true}]}}