{"id":3237,"date":"2019-04-10T11:03:35","date_gmt":"2019-04-10T11:03:35","guid":{"rendered":""},"modified":"2026-03-11T09:11:54","modified_gmt":"2026-03-11T14:11:54","slug":"cardenal-barreto-hay-que-tomar-conciencia-de-que-la-amazonia-es-para-la-humanidad","status":"publish","type":"post","link":"https:\/\/ceas.org.pe\/index.php\/2019\/04\/10\/cardenal-barreto-hay-que-tomar-conciencia-de-que-la-amazonia-es-para-la-humanidad\/","title":{"rendered":"Cardenal Barreto: Hay que tomar conciencia de que la Amazon\u00eda es para la humanidad"},"content":{"rendered":"<p style=\"margin: 0cm 0cm 0.0001pt; text-align: justify; background-image: initial; background-position: initial; background-size: initial; background-repeat: initial; background-attachment: initial; background-origin: initial; background-clip: initial;\"><span style=\"font-size: 11pt; font-family: Calibri, sans-serif;\">\u201cEl principal desaf\u00edo para este S\u00ednodo, es que tiene que estar focalizado en la Amazon\u00eda, en los 7 millones y medio de km2 que existe, con m\u00e1s de 300 comunidades ind\u00edgenas amaz\u00f3nicas, con m\u00e1s de 240 lenguas dentro de la amazonia y toda la problem\u00e1tica socio ambiental que la rodea\u201d, lo dijo el Cardenal Pedro Barreto Jimeno, S.J., Arzobispo de Huancayo (Per\u00fa), Vicepresidente de la Conferencia Episcopal Peruana y Vicepresidente de la Red Eclesial Panamaz\u00f3nica (REPAM), dialogando con nuestra colega Sof\u00eda Lobos sobre los aportes y propuestas de la Conferencia Internacional \u201cEcolog\u00eda integral: una respuesta sinodal desde la Amazon\u00eda y otros biomas\/territorios esenciales para el cuidado de nuestra casa com\u00fan\u201d, organizado por la REPAM, entre el 19 y el 21 de marzo pasado, en la Universidad de Georgetown de Washington\u00a0(Estados Unidos).<o:p><\/o:p><\/span><\/p>\n<p style=\"margin: 0cm 0cm 0.0001pt; text-align: justify; background-image: initial; background-position: initial; background-size: initial; background-repeat: initial; background-attachment: initial; background-origin: initial; background-clip: initial;\"><span style=\"font-size: 11pt; font-family: Calibri, sans-serif;\">\u00a0<\/span><\/p>\n<h2 style=\"margin: 0cm 0cm 0.0001pt; background-image: initial; background-position: initial; background-size: initial; background-repeat: initial; background-attachment: initial; background-origin: initial; background-clip: initial; box-sizing: border-box; -webkit-tap-highlight-color: rgba(0, 0, 0, 0);\"><span style=\"font-size: 11pt; font-family: Calibri, sans-serif;\">En proceso de preparaci\u00f3n al S\u00ednodo Amaz\u00f3nico<\/span><span style=\"font-size: 11pt; font-family: Calibri, sans-serif; font-weight: normal;\"><o:p><\/o:p><\/span><\/h2>\n<p style=\"margin: 0cm 0cm 0.0001pt; background-image: initial; background-position: initial; background-size: initial; background-repeat: initial; background-attachment: initial; background-origin: initial; background-clip: initial; box-sizing: border-box; -webkit-tap-highlight-color: rgba(0, 0, 0, 0);\"><span style=\"font-size: 11pt; font-family: Calibri, sans-serif;\">El Arzobispo de Huancayo se\u00f1al\u00f3 que, en esta Conferencia Internacional participaron representantes de los cinco continentes, entre cardenales, obispos, sacerdotes, laicos y de manera especial, ind\u00edgenas que representaban a varios continentes, ah\u00ed se vivi\u00f3 la universalidad de la Iglesia. \u201cEn este encuentro nos hemos sentido convocados por el Papa Francisco \u2013 afirm\u00f3 el Cardenal Barreto \u2013 ya que fue el Papa quien inici\u00f3 este proceso de preparaci\u00f3n al S\u00ednodo Amaz\u00f3nico en la ciudad de Puerto Maldonado, en la regi\u00f3n amaz\u00f3nica del sur del Per\u00fa\u201d. Lo que m\u00e1s llam\u00f3 la atenci\u00f3n en esta Conferencia, precis\u00f3 el Prelado, fue la participaci\u00f3n activa de los ind\u00edgenas, no solo amaz\u00f3nicos, sino tambi\u00e9n de Centro Am\u00e9rica y de Estados Unidos. \u201cHay muchas culturas ancestrales y diversas tradiciones \u2013 agreg\u00f3 el Arzobispo de Huancayo \u2013 pero existe una unidad en el respeto a la vida, en el respeto a la creaci\u00f3n de Dios y en definitiva como dijo el Papa Francisco tenemos que aprender de los ind\u00edgenas\u201d.<o:p><\/o:p><\/span><\/p>\n<h2 style=\"margin: 0cm 0cm 0.0001pt; background-image: initial; background-position: initial; background-size: initial; background-repeat: initial; background-attachment: initial; background-origin: initial; background-clip: initial; box-sizing: border-box; -webkit-tap-highlight-color: rgba(0, 0, 0, 0);\"><span style=\"font-size: 11pt; font-family: Calibri, sans-serif;\">\u00a0<\/span><\/h2>\n<h2 style=\"margin: 0cm 0cm 0.0001pt; text-align: justify; background-image: initial; background-position: initial; background-size: initial; background-repeat: initial; background-attachment: initial; background-origin: initial; background-clip: initial;\"><span style=\"font-size: 11pt; font-family: Calibri, sans-serif;\">Los retos y desaf\u00edos en preparaci\u00f3n al S\u00ednodo<\/span><span style=\"font-size: 11pt; font-family: Calibri, sans-serif; font-weight: normal;\"><o:p><\/o:p><\/span><\/h2>\n<p style=\"margin: 0cm 0cm 0.0001pt; background-image: initial; background-position: initial; background-size: initial; background-repeat: initial; background-attachment: initial; background-origin: initial; background-clip: initial; box-sizing: border-box; -webkit-tap-highlight-color: rgba(0, 0, 0, 0);\"><span style=\"font-size: 11pt; font-family: Calibri, sans-serif;\">El Cardenal Pedro Barreto, explicando los retos y desaf\u00edos que se han evidenciado en este proceso de preparaci\u00f3n hacia el S\u00ednodo Panamaz\u00f3nico dijo que, \u201cel principal desaf\u00edo es que este S\u00ednodo tiene que estar focalizado en la Amazon\u00eda, en los 7 millones y medio de km2 que existe, con m\u00e1s de 300 comunidades ind\u00edgenas amaz\u00f3nicas, con m\u00e1s de 240 lenguas dentro de la amazonia y toda la problem\u00e1tica socio ambiental que la rodea\u201d. Adem\u00e1s, el Vicepresidente de la REPAM dijo que, en la Conferencia Internacional vimos que la ecolog\u00eda no solamente es integral para esta zona en particular, sino que va a tener relaci\u00f3n directa con las poblaciones ind\u00edgenas del mundo y en general a toda la humanidad, porque lo que se vive en peque\u00f1o como problem\u00e1tica en la amazonia, tambi\u00e9n se refleja en la problem\u00e1tica de los diversos pa\u00edses. Por ello, precis\u00f3 el Cardenal Barreto, \u201cel desaf\u00edo es tomar conciencia que la Amazon\u00eda es para la humanidad\u201d.<o:p><\/o:p><\/span><\/p>\n<h2 style=\"margin: 0cm 0cm 0.0001pt; background-image: initial; background-position: initial; background-size: initial; background-repeat: initial; background-attachment: initial; background-origin: initial; background-clip: initial; box-sizing: border-box; -webkit-tap-highlight-color: rgba(0, 0, 0, 0);\"><span style=\"font-size: 11pt; font-family: Calibri, sans-serif;\">\u00a0<\/span><\/h2>\n<h2 style=\"margin: 0cm 0cm 0.0001pt; text-align: justify; background-image: initial; background-position: initial; background-size: initial; background-repeat: initial; background-attachment: initial; background-origin: initial; background-clip: initial;\"><span style=\"font-size: 11pt; font-family: Calibri, sans-serif;\">Los pueblos ind\u00edgenas y originarios al centro del S\u00ednodo<\/span><span style=\"font-size: 11pt; font-family: Calibri, sans-serif; font-weight: normal;\"><o:p><\/o:p><\/span><\/h2>\n<p style=\"margin: 0cm 0cm 0.0001pt; background-image: initial; background-position: initial; background-size: initial; background-repeat: initial; background-attachment: initial; background-origin: initial; background-clip: initial; box-sizing: border-box; -webkit-tap-highlight-color: rgba(0, 0, 0, 0);\"><span style=\"font-size: 11pt; font-family: Calibri, sans-serif;\">El Vicepresidente de la Conferencia Episcopal Peruana se\u00f1al\u00f3 que, una de las expectativas del pr\u00f3ximo S\u00ednodo es poder tener el entusiasmo que esta convocatoria ha despertado el Papa Francisco en su visita al Per\u00fa. \u201cLos ind\u00edgenas se sienten parte de una Iglesia que no solamente los escucha \u2013 subray\u00f3 el Cardenal Barreto \u2013 sino que los tiene en cuenta y los acompa\u00f1a, y que ellos son miembros del Pueblo Santo fiel de Dios y en este sentido hay una expectativa de este S\u00ednodo es reforzar este entusiasmo de los ind\u00edgenas del mundo\u201d. Otro aspecto importante, concluy\u00f3 el Arzobispo de Huancayo, es que la Iglesia se sienta unida por los efectos del cambio clim\u00e1tico que ya lo estamos experimentando con fuerza y este S\u00ednodo ser\u00e1 el espacio para poder trabajar juntos y podr\u00e1 hacer un di\u00e1logo entre todos.<o:p><\/o:p><\/span><\/p>\n<p class=\"MsoNormal\" style=\"margin-bottom:0cm;margin-bottom:.0001pt;text-align:\njustify;line-height:normal\"><o:p>\u00a0<\/o:p><\/p>\n<p><i style=\"text-align: justify;\">Tomado de: VATICAN NEWS. Por Renato Martinez. Ciudad del Vaticano. 4 de abril de 2019.<\/i>\u00a0<\/p>\n<p><a href=\"http:\/\/web.hilo.org.pe\/wp-content\/uploads\/amazonia Cardenalweb.jpg\" target=\"_blank\" rel=\"noopener\">Ver archivo adjunto<\/a><\/p>\n","protected":false},"excerpt":{"rendered":"<p>El Cardenal Pedro Barreto Jimeno, S.J., Arzobispo de Huancayo (Per\u00fa), Vicepresidente de la Conferencia Episcopal Peruana y Vicepresidente de la Red Eclesial Panamaz\u00f3nica (REPAM), comenta las propuestas y desaf\u00edos de la Conferencia Internacional organizada por la REPAM en los Estados Unidos.<\/p>\n","protected":false},"author":1,"featured_media":0,"comment_status":"closed","ping_status":"closed","sticky":false,"template":"","format":"standard","meta":{"footnotes":""},"categories":[9],"tags":[],"class_list":["post-3237","post","type-post","status-publish","format-standard","hentry","category-noticias"],"_links":{"self":[{"href":"https:\/\/ceas.org.pe\/index.php\/wp-json\/wp\/v2\/posts\/3237","targetHints":{"allow":["GET"]}}],"collection":[{"href":"https:\/\/ceas.org.pe\/index.php\/wp-json\/wp\/v2\/posts"}],"about":[{"href":"https:\/\/ceas.org.pe\/index.php\/wp-json\/wp\/v2\/types\/post"}],"author":[{"embeddable":true,"href":"https:\/\/ceas.org.pe\/index.php\/wp-json\/wp\/v2\/users\/1"}],"replies":[{"embeddable":true,"href":"https:\/\/ceas.org.pe\/index.php\/wp-json\/wp\/v2\/comments?post=3237"}],"version-history":[{"count":1,"href":"https:\/\/ceas.org.pe\/index.php\/wp-json\/wp\/v2\/posts\/3237\/revisions"}],"predecessor-version":[{"id":5981,"href":"https:\/\/ceas.org.pe\/index.php\/wp-json\/wp\/v2\/posts\/3237\/revisions\/5981"}],"wp:attachment":[{"href":"https:\/\/ceas.org.pe\/index.php\/wp-json\/wp\/v2\/media?parent=3237"}],"wp:term":[{"taxonomy":"category","embeddable":true,"href":"https:\/\/ceas.org.pe\/index.php\/wp-json\/wp\/v2\/categories?post=3237"},{"taxonomy":"post_tag","embeddable":true,"href":"https:\/\/ceas.org.pe\/index.php\/wp-json\/wp\/v2\/tags?post=3237"}],"curies":[{"name":"wp","href":"https:\/\/api.w.org\/{rel}","templated":true}]}}