{"id":3236,"date":"2019-04-08T16:23:55","date_gmt":"2019-04-08T16:23:55","guid":{"rendered":""},"modified":"2026-03-11T09:11:55","modified_gmt":"2026-03-11T14:11:55","slug":"comuneros-de-fuerabamba-presidencia-del-cmp-empresa-minera-mmg-las-bambas-firman-acta-de-reunion","status":"publish","type":"post","link":"https:\/\/ceas.org.pe\/index.php\/2019\/04\/08\/comuneros-de-fuerabamba-presidencia-del-cmp-empresa-minera-mmg-las-bambas-firman-acta-de-reunion\/","title":{"rendered":"Comuneros de Fuerabamba, Presidencia del CMP, empresa minera MMG Las Bambas firman acta de reuni\u00f3n"},"content":{"rendered":"<p style=\"margin: 4.5pt 0cm; text-align: justify; background-image: initial; background-position: initial; background-size: initial; background-repeat: initial; background-attachment: initial; background-origin: initial; background-clip: initial;\"><span style=\"font-size:11.0pt;\nfont-family:\"Calibri\",sans-serif;mso-ascii-theme-font:minor-latin;mso-hansi-theme-font:\nminor-latin;mso-bidi-theme-font:minor-latin;color:#1D2129\">En esta hist\u00f3rica reuni\u00f3n participaron el Presidente de la Conferencia Episcopal Peruana, Monse\u00f1or Miguel Cabrejos, el Primer Vicepresidente de la CEP, Cardenal Pedro Barreto, el Segundo Vicepresidente, Monse\u00f1or Robert Prevost, el Secretario General de la CEP, Monse\u00f1or Norberto Strotmann; el Presidente del Consejo de Ministros, Salvador del Solar, la Ministra de Desarrollo e Inclusi\u00f3n Social, Paola Bustamante, el Ministro de Transportes y Comunicaciones, Edmer Trujillo, y la Ministra de Salud, Zulema Tom\u00e1s Gonz\u00e1les; el Presidente de la Comunidad de Fuerabamba, Gregorio Rojas; por parte de la empresa minera MMG Las Bambas, el Vicepresidente de Asuntos Corporativos, Domingo Drago, el Gerente General, Edgardo Orderique, el vicepresidente de Asuntos Legales, Claudio C\u00e1ceres, el Gerente de Asuntos Corporativos, Marco Santos y el Gerente de Relaciones Comunitarias, Edwin Amoretti; y el Defensor del Pueblo, Walter Guti\u00e9rrez.<o:p><\/o:p><\/span><\/p>\n<p style=\"margin: 4.5pt 0cm; background-image: initial; background-position: initial; background-size: initial; background-repeat: initial; background-attachment: initial; background-origin: initial; background-clip: initial;\"><span style=\"font-size:11.0pt;font-family:\"Calibri\",sans-serif;mso-ascii-theme-font:\nminor-latin;mso-hansi-theme-font:minor-latin;mso-bidi-theme-font:minor-latin;\ncolor:#1D2129\">En el acta de la reuni\u00f3n, el Estado reconoce que debe estar m\u00e1s presente en las zonas donde se ha producido el conflicto de Las Bambas con el fin de garantizar que los derechos de los Comuneros y de la sociedad en general sean respetados y protegidos. Asimismo, en el documento se menciona que la Compa\u00f1\u00eda Minera MMG Las Bambas reconoce que la atenci\u00f3n al problema suscitado con la Comunidad de Fuerabamba es prioritario y reafirma su disposici\u00f3n a resolverlo de manera oportuna. Por su parte, la Comunidad de Fuerabamba expres\u00f3 que tienen toda la voluntad de solucionar el problema con la empresa minera Las Bambas.<o:p><\/o:p><\/span><\/p>\n<p style=\"margin: 4.5pt 0cm; background-image: initial; background-position: initial; background-size: initial; background-repeat: initial; background-attachment: initial; background-origin: initial; background-clip: initial;\"><span style=\"font-size:11.0pt;font-family:\"Calibri\",sans-serif;mso-ascii-theme-font:\nminor-latin;mso-hansi-theme-font:minor-latin;mso-bidi-theme-font:minor-latin;\ncolor:#1D2129\">Asimismo, las partes llegaron a los siguientes acuerdos: la comunidad campesina de Fuerabamba restablecer\u00e1 y liberar\u00e1 el tr\u00e1nsito en la carretera que atraviesa el fundo Yavi Yavi (Cusco), el cual fue bloqueado hace 62 d\u00edas; en el marco del reasentamiento de la Comunidad de Fuerabamba, la Empresa minera MMG Las Bambas y la Comunidad de Fuerabamba llegaron a un acuerdo econ\u00f3mico mutuamente satisfactorio que pone fin a toda controversia respecto al fundo Yavi Yavi; la empresa minera MMG Las Bambas asumir\u00e1 el cumplimiento de los compromisos del empleo laboral de los comuneros de Fuerabamba en la empresa minera, en todo aquello que no se haya cumplido entre el 2014 y el 2019. Finalmente, las partes agradecieron la participaci\u00f3n de la Conferencia Episcopal Peruana por facilitar el di\u00e1logo y el apoyo de la Defensor\u00eda del Pueblo, instituci\u00f3n que en adelante se encargar\u00e1 del seguimiento de los acuerdos suscritos en el acta.<o:p><\/o:p><\/span><\/p>\n<p style=\"margin: 4.5pt 0cm; background-image: initial; background-position: initial; background-size: initial; background-repeat: initial; background-attachment: initial; background-origin: initial; background-clip: initial;\"><span style=\"font-size:11.0pt;font-family:\"Calibri\",sans-serif;mso-ascii-theme-font:\nminor-latin;mso-hansi-theme-font:minor-latin;mso-bidi-theme-font:minor-latin;\ncolor:#1D2129\">De otro lado, las comunidades de Challhuahuacho (Apur\u00edmac), otro grupo de actores vinculados al conflicto de Las Bambas que participaron en el di\u00e1logo con el Gobierno y la empresa minera, acordaron que comunicar\u00e1n el lunes 8 de abril si levantan el bloqueo de los accesos a la unidad minera Las Bambas. De ser as\u00ed, el Ejecutivo se compromete a levantar de inmediato el Estado de Emergencia en el distrito de Challhuahuacho.<o:p><\/o:p><\/span><\/p>\n<p style=\"margin: 4.5pt 0cm 0.0001pt; background-image: initial; background-position: initial; background-size: initial; background-repeat: initial; background-attachment: initial; background-origin: initial; background-clip: initial;\"><span style=\"font-size:11.0pt;font-family:\"Calibri\",sans-serif;mso-ascii-theme-font:\nminor-latin;mso-hansi-theme-font:minor-latin;mso-bidi-theme-font:minor-latin;\ncolor:#1D2129\">Asimismo, se acord\u00f3 que si los puntos anteriores se cumplen, el Gobierno se compromete a asistir a la localidad de Challhuahuacho el pr\u00f3ximo 11 de abril, con una comisi\u00f3n de alto nivel integrada por los Ministros de Transportes y Comunicaciones, Desarrollo e Inclusi\u00f3n Social y de Salud, para iniciar un proceso de di\u00e1logo para el desarrollo con toda la provincia de Cotabambas, sus autoridades provincial, distrital y comunidades, siendo Challhuahuacho la localidad anfitriona, en donde tambi\u00e9n participar\u00e1n el Presidente del Consejo de Ministros, Salvador del Solar, el Defensor del Pueblo, Walter Guti\u00e9rrez y el Presidente de la Conferencia Episcopal Peruana, Monse\u00f1or Miguel Cabrejos.<o:p><\/o:p><\/span><\/p>\n<p class=\"MsoNormal\" style=\"text-align:justify\"><o:p>\u00a0<\/o:p><\/p>\n<p><i style=\"text-align: justify;\"><span style=\"font-size:10.0pt;font-family:\n\"Segoe UI\",sans-serif\">Conferencia Episcopal Peruana. Oficina de Prensa. 6 de abril de 2019.<\/span><\/i>\u00a0<\/p>\n<p><a href=\"http:\/\/web.hilo.org.pe\/wp-content\/uploads\/IMG_8528 web.jpg\" target=\"_blank\" rel=\"noopener\">Ver archivo adjunto<\/a><\/p>\n","protected":false},"excerpt":{"rendered":"<p>Luego de m\u00e1s de 10 horas de di\u00e1logo, las comunidades de Fuerabamba (Apur\u00edmac), la Presidencia del Consejo de Ministros y la empresa minera MMG Las Bambas, con la mediaci\u00f3n de la Presidencia de la Conferencia Episcopal Peruana y el apoyo de la Defensor\u00eda del Pueblo, firmaron un acta de reuni\u00f3n, tras 62 d\u00edas de paralizaci\u00f3n por el conflicto social de Las Bambas.<\/p>\n","protected":false},"author":1,"featured_media":7930,"comment_status":"closed","ping_status":"closed","sticky":false,"template":"","format":"standard","meta":{"footnotes":""},"categories":[9],"tags":[],"class_list":["post-3236","post","type-post","status-publish","format-standard","has-post-thumbnail","hentry","category-noticias"],"_links":{"self":[{"href":"https:\/\/ceas.org.pe\/index.php\/wp-json\/wp\/v2\/posts\/3236","targetHints":{"allow":["GET"]}}],"collection":[{"href":"https:\/\/ceas.org.pe\/index.php\/wp-json\/wp\/v2\/posts"}],"about":[{"href":"https:\/\/ceas.org.pe\/index.php\/wp-json\/wp\/v2\/types\/post"}],"author":[{"embeddable":true,"href":"https:\/\/ceas.org.pe\/index.php\/wp-json\/wp\/v2\/users\/1"}],"replies":[{"embeddable":true,"href":"https:\/\/ceas.org.pe\/index.php\/wp-json\/wp\/v2\/comments?post=3236"}],"version-history":[{"count":1,"href":"https:\/\/ceas.org.pe\/index.php\/wp-json\/wp\/v2\/posts\/3236\/revisions"}],"predecessor-version":[{"id":5983,"href":"https:\/\/ceas.org.pe\/index.php\/wp-json\/wp\/v2\/posts\/3236\/revisions\/5983"}],"wp:featuredmedia":[{"embeddable":true,"href":"https:\/\/ceas.org.pe\/index.php\/wp-json\/wp\/v2\/media\/7930"}],"wp:attachment":[{"href":"https:\/\/ceas.org.pe\/index.php\/wp-json\/wp\/v2\/media?parent=3236"}],"wp:term":[{"taxonomy":"category","embeddable":true,"href":"https:\/\/ceas.org.pe\/index.php\/wp-json\/wp\/v2\/categories?post=3236"},{"taxonomy":"post_tag","embeddable":true,"href":"https:\/\/ceas.org.pe\/index.php\/wp-json\/wp\/v2\/tags?post=3236"}],"curies":[{"name":"wp","href":"https:\/\/api.w.org\/{rel}","templated":true}]}}