{"id":3235,"date":"2019-04-05T12:29:52","date_gmt":"2019-04-05T12:29:52","guid":{"rendered":""},"modified":"2026-03-11T09:11:55","modified_gmt":"2026-03-11T14:11:55","slug":"cambio-climatico-el-mundo-esta-en-una-etapa-crucial-para-su-futuro","status":"publish","type":"post","link":"https:\/\/ceas.org.pe\/index.php\/2019\/04\/05\/cambio-climatico-el-mundo-esta-en-una-etapa-crucial-para-su-futuro\/","title":{"rendered":"Cambio clim\u00e1tico: El mundo est\u00e1 en una etapa crucial para su futuro"},"content":{"rendered":"<p class=\"MsoNormal\" style=\"margin-bottom:0cm;margin-bottom:.0001pt;text-align:\njustify;line-height:normal\">La contaminaci\u00f3n del agua, del aire y los desechos qu\u00edmicos amenazan la integridad de los seres humanos y hasta su capacidad para reproducirse. Si no se aumentan dr\u00e1sticamente las protecciones ambientales se producir\u00e1n millones de muertes prematuras a mediados de siglo en ciudades y regiones de Asia, Oriente Medio y \u00c1frica, advierte el informe anual de ONU Medio Ambiente.<o:p><\/o:p><\/p>\n<p class=\"MsoNormal\" style=\"margin-bottom:0cm;margin-bottom:.0001pt;text-align:\njustify;line-height:normal\"><o:p>\u00a0<\/o:p><\/p>\n<p class=\"MsoNormal\" style=\"margin-bottom:0cm;margin-bottom:.0001pt;text-align:\njustify;line-height:normal;mso-outline-level:2\"><b>El mundo no cumplir\u00e1 objetivos del 2030 ni del 2050<\/b><o:p><\/o:p><\/p>\n<p class=\"MsoNormal\" style=\"margin-bottom:0cm;margin-bottom:.0001pt;text-align:\njustify;line-height:normal\">ONU Medio Ambiente recalc\u00f3 que el mundo no est\u00e1 en camino de cumplir los Objetivos de Desarrollo Sostenible, ni para 2030 ni para 2050, y se necesitan medidas urgentes ya que tambi\u00e9n se encuentran en peligro las metas del Acuerdo del Par\u00eds, y el progreso podr\u00eda ser revertido.<o:p><\/o:p><\/p>\n<p class=\"MsoNormal\" style=\"margin-bottom:0cm;margin-bottom:.0001pt;text-align:\njustify;line-height:normal\">Una de ellas es fomentar dietas con menos carne, y reducir el desperdicio de comida. Actualmente el 33% de los alimentos del mundo se desperdicia, y el 56% se genera en los pa\u00edses desarrollados. Si esto no cambia, ser\u00e1 necesario aumentar la producci\u00f3n de alimentos en 50% para satisfacer la demanda de entre 9000 y 10.000 millones de habitantes del planeta en 2050.<o:p><\/o:p><\/p>\n<p class=\"MsoNormal\" style=\"margin-bottom:0cm;margin-bottom:.0001pt;text-align:\njustify;line-height:normal\">Otra medida es invertir estrat\u00e9gicamente en las \u00e1reas rurales para reducir la migraci\u00f3n, y tomar ventaja de la creciente urbanizaci\u00f3n para aumentar el bienestar de los ciudadanos y disminuir su huella ambiental a trav\u00e9s de mejores pr\u00e1cticas de gobernanza, planificaci\u00f3n de uso de la tierra e infraestructura verde. Asimismo, hay que frenar la marea de 8 millones de pl\u00e1stico que llegan a los oc\u00e9anos anualmente, un problema que, aunque ha recibido atenci\u00f3n mundial, a\u00fan no cuenta con un acuerdo global para abordarlo.<o:p><\/o:p><\/p>\n<p class=\"MsoNormal\" style=\"margin-bottom:0cm;margin-bottom:.0001pt;text-align:\njustify;line-height:normal;mso-outline-level:2\"><b>\u00a0<\/b><\/p>\n<p class=\"MsoNormal\" style=\"margin-bottom:0cm;margin-bottom:.0001pt;text-align:\njustify;line-height:normal;mso-outline-level:2\"><b>Desaf\u00edo de lograr bajar temperatura promedio del calentamiento global<\/b><o:p><\/o:p><\/p>\n<p class=\"MsoNormal\" style=\"margin-bottom:0cm;margin-bottom:.0001pt;text-align:\njustify;line-height:normal\">Seg\u00fan informes de la ONU, la temperatura promedio mundial actual es de aproximadamente 15 \u00b0C, aunque la evidencia geol\u00f3gica sugiere que ha sido mucho m\u00e1s alta y m\u00e1s baja en el pasado. Sin embargo, el per\u00edodo actual de calentamiento est\u00e1 ocurriendo m\u00e1s r\u00e1pidamente que los eventos registrados en el pasado.<o:p><\/o:p><\/p>\n<p class=\"MsoNormal\" style=\"margin-bottom:0cm;margin-bottom:.0001pt;text-align:\njustify;line-height:normal\">Conferencias, reuniones abordando estos y otros temas sobre el medio ambiente, sobre el cambio clim\u00e1tico, suenan vac\u00edas, ante la indiferencia de gobiernos como los Estados Unidos.\u00a0 De esas reuniones salen promesas fant\u00e1sticas, como la conferencia internacional \u00abChange the change\u00bb donde se reclam\u00f3 \u00abacelerar\u00bb la lucha contra el cambio clim\u00e1tico con la aplicaci\u00f3n de medidas p\u00fablicas, pero tambi\u00e9n cr\u00edticas a gobiernos como la arremetida en esta conferencia contra los\u00a0<a href=\"https:\/\/www.elconfidencial.com\/tecnologia\/ciencia\/2019-03-08\/conferencia-cambio-climatico-san-sebastian-advertencias-economista-nicholas-stern_1866226\/\"><span style=\"color: black; text-decoration-line: none;\">\u201cnegacionistas\u201d<\/span><\/a>\u00a0que est\u00e1n \u00aben el lado equivocado de la ciencia\u00bb.<o:p><\/o:p><\/p>\n<p class=\"MsoNormal\" style=\"margin-bottom:0cm;margin-bottom:.0001pt;text-align:\njustify;line-height:normal\">El economista brit\u00e1nico\u00a0<a href=\"https:\/\/elpais.com\/sociedad\/2019\/03\/06\/actualidad\/1551880764_258581.html\"><span style=\"color: black; text-decoration-line: none;\">Nicholas Stern<\/span><\/a>, presidente del Instituto de Investigaci\u00f3n Grantham sobre Cambio Clim\u00e1tico y Medio Ambiente de la London School of Economics, pidi\u00f3 al presidente de Estados Unidos, Donald Trump, que \u00absi realmente ha tenido acceso a resultados que contradicen cerca de 200 a\u00f1os de evidencias cient\u00edficas lo que tendr\u00eda que hacer es publicarlos\u00bb y advirti\u00f3 a los pol\u00edticos que defienden esas posturas negacionistas que \u00abest\u00e1n en el lado equivocado\u00bb de la \u00abciencia\u00bb y de la historia\u00bb.<o:p><\/o:p><\/p>\n<p class=\"MsoNormal\" style=\"margin-bottom:0cm;margin-bottom:.0001pt;text-align:\njustify;line-height:normal;mso-outline-level:2\"><b>\u00a0<\/b><\/p>\n<p class=\"MsoNormal\" style=\"margin-bottom:0cm;margin-bottom:.0001pt;text-align:\njustify;line-height:normal;mso-outline-level:2\"><b>M\u00e1s proyectos en lucha contra cambio clim\u00e1tico<\/b><o:p><\/o:p><\/p>\n<p class=\"MsoNormal\" style=\"margin-bottom:0cm;margin-bottom:.0001pt;text-align:\njustify;line-height:normal\">El Programa Euroclima+, desarrollado por la Uni\u00f3n Europea (UE), implementar\u00e1 m\u00e1s de 50 proyectos encaminados a la lucha contra el cambio clim\u00e1tico en Latinoam\u00e9rica antes de finales de este 2019. As\u00ed lo establecieron los m\u00e1s de 70 expertos de 18 pa\u00edses latinoamericanos que se re\u00fanen estos d\u00edas en la capital ecuatoriana para abordar las estrategias de financiaci\u00f3n a futuro de este programa, que contar\u00e1 con una inversi\u00f3n de 88 millones de euros (casi 100 millones de d\u00f3lares).<o:p><\/o:p><\/p>\n<p class=\"MsoNormal\" style=\"margin-bottom:0cm;margin-bottom:.0001pt;text-align:\njustify;line-height:normal\">Por otro lado, Costa Rica se ha convertido en un modelo regional con su ambicioso proyecto que pretende la \u00abdescarbonizaci\u00f3n\u00bb del pa\u00eds. As\u00ed lo explic\u00f3 a Efe la subdirectora costarricense de la Direcci\u00f3n de Cambio Clim\u00e1tico, Patricia Campos, quien resalt\u00f3 que la naci\u00f3n est\u00e1 dispuesta a convertirse en un \u00ablaboratorio\u00bb que ayude a \u00abgestar proyectos que puedan ser replicables y compartidos por otros pa\u00edses\u00bb.<o:p><\/o:p><\/p>\n<p class=\"MsoNormal\" style=\"margin-bottom:0cm;margin-bottom:.0001pt;text-align:\njustify;line-height:normal\">\u00abEn este momento, una de las -ventajas- de los efectos del cambio clim\u00e1tico es que ha permitido que el ser humano entienda que no existen fronteras\u00bb, indic\u00f3. Esta pol\u00edtica de descarbonizaci\u00f3n, de diez ejes, pretende reducir, de manera transversal, el uso de combustibles f\u00f3siles en el pa\u00eds, relacionados con la movilidad sostenible y el transporte p\u00fablico, privado y de carga eficiente, la energ\u00eda renovable, un sector primario y secundario con bajas emisiones, la gesti\u00f3n de territorios con soluciones basadas en la naturaleza y la administraci\u00f3n de los residuos s\u00f3lidos.<o:p><\/o:p><\/p>\n<p class=\"MsoNormal\" style=\"margin-bottom:0cm;margin-bottom:.0001pt;text-align:\njustify;line-height:normal\"><i>\u00a0<\/i><\/p>\n<p class=\"MsoNormal\" style=\"margin-bottom:0cm;margin-bottom:.0001pt;text-align:\njustify;line-height:normal\"><i>Tomado de: VATICAN NEWS. Por Patricia Ynestroza-Ciudad del Vaticano. 5 de abril de 2019.<\/i><o:p><\/o:p><\/p>\n<p><span style=\"text-align: justify;\">\u00a0<\/span>\u00a0<\/p>\n<p><a href=\"http:\/\/web.hilo.org.pe\/wp-content\/uploads\/cambio clim\u00e1tico.jpeg\" target=\"_blank\" rel=\"noopener\">Ver archivo adjunto<\/a><\/p>\n","protected":false},"excerpt":{"rendered":"<p>Nuestra salud estar\u00e1 cada vez m\u00e1s amenazada si el mundo no toma medidas urgentes para frenar y reparar los graves da\u00f1os causados al medio ambiente.<\/p>\n","protected":false},"author":1,"featured_media":8067,"comment_status":"closed","ping_status":"closed","sticky":false,"template":"","format":"standard","meta":{"footnotes":""},"categories":[9],"tags":[],"class_list":["post-3235","post","type-post","status-publish","format-standard","has-post-thumbnail","hentry","category-noticias"],"_links":{"self":[{"href":"https:\/\/ceas.org.pe\/index.php\/wp-json\/wp\/v2\/posts\/3235","targetHints":{"allow":["GET"]}}],"collection":[{"href":"https:\/\/ceas.org.pe\/index.php\/wp-json\/wp\/v2\/posts"}],"about":[{"href":"https:\/\/ceas.org.pe\/index.php\/wp-json\/wp\/v2\/types\/post"}],"author":[{"embeddable":true,"href":"https:\/\/ceas.org.pe\/index.php\/wp-json\/wp\/v2\/users\/1"}],"replies":[{"embeddable":true,"href":"https:\/\/ceas.org.pe\/index.php\/wp-json\/wp\/v2\/comments?post=3235"}],"version-history":[{"count":1,"href":"https:\/\/ceas.org.pe\/index.php\/wp-json\/wp\/v2\/posts\/3235\/revisions"}],"predecessor-version":[{"id":5984,"href":"https:\/\/ceas.org.pe\/index.php\/wp-json\/wp\/v2\/posts\/3235\/revisions\/5984"}],"wp:featuredmedia":[{"embeddable":true,"href":"https:\/\/ceas.org.pe\/index.php\/wp-json\/wp\/v2\/media\/8067"}],"wp:attachment":[{"href":"https:\/\/ceas.org.pe\/index.php\/wp-json\/wp\/v2\/media?parent=3235"}],"wp:term":[{"taxonomy":"category","embeddable":true,"href":"https:\/\/ceas.org.pe\/index.php\/wp-json\/wp\/v2\/categories?post=3235"},{"taxonomy":"post_tag","embeddable":true,"href":"https:\/\/ceas.org.pe\/index.php\/wp-json\/wp\/v2\/tags?post=3235"}],"curies":[{"name":"wp","href":"https:\/\/api.w.org\/{rel}","templated":true}]}}