{"id":3234,"date":"2019-04-10T10:37:49","date_gmt":"2019-04-10T10:37:49","guid":{"rendered":""},"modified":"2026-03-11T09:11:54","modified_gmt":"2026-03-11T14:11:54","slug":"monsenor-martinez-de-aguirre-la-amazonia-tiene-identidad-y-voz-propia","status":"publish","type":"post","link":"https:\/\/ceas.org.pe\/index.php\/2019\/04\/10\/monsenor-martinez-de-aguirre-la-amazonia-tiene-identidad-y-voz-propia\/","title":{"rendered":"Monse\u00f1or Mart\u00ednez de Aguirre: La Amazon\u00eda tiene identidad y voz propia"},"content":{"rendered":"<p class=\"MsoNormal\" style=\"margin-bottom:0cm;margin-bottom:.0001pt;text-align:\njustify;line-height:normal\">A tan s\u00f3lo unos meses del inicio del <i>S\u00ednodo sobre la Amazon\u00eda<\/i> convocado por el Papa Francisco y que se llevar\u00e1 a cabo en Roma del 6 al 27 de octubre, compartimos las declaraciones de\u00a0Monse\u00f1or David Mart\u00ednez de Aguirre, fraile dominico, obispo del <i>Vicariato Apost\u00f3lico de Puerto Maldonado en Per\u00fa<\/i> y miembro de la REPAM.<o:p><\/o:p><\/p>\n<p class=\"MsoNormal\" style=\"margin-bottom:0cm;margin-bottom:.0001pt;text-align:\njustify;line-height:normal;mso-outline-level:2\"><b>\u00a0<\/b><\/p>\n<p class=\"MsoNormal\" style=\"margin-bottom:0cm;margin-bottom:.0001pt;text-align:\njustify;line-height:normal;mso-outline-level:2\"><b>Proteger el futuro de la regi\u00f3n<\/b><o:p><\/o:p><\/p>\n<p class=\"MsoNormal\" style=\"margin-bottom:0cm;margin-bottom:.0001pt;text-align:\njustify;line-height:normal\">Se trata de la <i>Red Eclesial Panamaz\u00f3nica <\/i>que trabaja al servicio de los pueblos de la Pan-Amazon\u00eda, luchando en defensa de sus sabidur\u00edas ancestrales, de sus territorios y de su derecho a una participaci\u00f3n efectiva en las decisiones que se hacen con respecto a su vida y a su futuro.<o:p><\/o:p><\/p>\n<p class=\"MsoNormal\" style=\"margin-bottom:0cm;margin-bottom:.0001pt;text-align:\njustify;line-height:normal\">\u00abReconocemos y valorizamos la espiritualidad de estos pueblos que viven en relaci\u00f3n arm\u00f3nica con la creaci\u00f3n\u00bb, explica Mons. Mart\u00ednez, haciendo hincapi\u00e9 en que la Amazon\u00eda siempre ha sido \u00abuna unidad\u00bb, tanto a nivel geogr\u00e1fico, bil\u00f3gico y cultural, ya que la historia demuestra que los pueblos interamaz\u00f3nicos han mantenido comunicaciones entre ellos desde sus or\u00edgenes.<o:p><\/o:p><\/p>\n<p class=\"MsoNormal\" style=\"margin-bottom:0cm;margin-bottom:.0001pt;text-align:\njustify;line-height:normal\"><o:p>\u00a0<\/o:p><\/p>\n<h2 style=\"margin:0cm;margin-bottom:.0001pt;text-align:justify\"><span style=\"font-size: 11pt; font-family: Calibri, sans-serif;\">Amazon\u00eda: identidad y voz propia<\/span><span style=\"font-size: 11pt; font-family: Calibri, sans-serif; font-weight: normal;\"><o:p><\/o:p><\/span><\/h2>\n<p style=\"margin: 0cm 0cm 0.0001pt; text-align: justify; box-sizing: border-box; -webkit-tap-highlight-color: rgba(0, 0, 0, 0);\"><span style=\"font-size: 11pt; font-family: Calibri, sans-serif;\">\u00abEs por ello que la Iglesia est\u00e1 intentando dar respuesta a esa unidad panamaz\u00f3nica realizando un fuerte llamado para que esta regi\u00f3n sea valorizada, no s\u00f3lo desde el inter\u00e9s de sus tierras, su fauna, sus recursos naturales y minerales; sino desde la mirada de los m\u00e1s desfavorecidos que son los pueblos ind\u00edgenas, cuyas necesidades deben ser atendidas y no ignoradas\u00bb.<o:p><\/o:p><\/span><\/p>\n<p class=\"MsoNormal\" style=\"margin-bottom:0cm;margin-bottom:.0001pt;text-align:\njustify;line-height:normal\"><o:p>\u00a0<\/o:p><\/p>\n<p style=\"margin:0cm;margin-bottom:.0001pt;text-align:justify\"><span style=\"font-size: 11pt; font-family: Calibri, sans-serif;\">Y de esta tarea se ocupa precisamente la REPAM que cuenta tambi\u00e9n con la colaboraci\u00f3n de los misioneros dominicos, quienes desde sus iglesias locales se integran a esta Red Panamaz\u00f3nica, definida por el Vicario Apost\u00f3lico de Puerto Maldonado como \u00abuna forma de ser y de presentarse en el mundo, con identidad y voz propia que intenta decir que la Amazon\u00eda es mucho m\u00e1s que naturaleza, puesto que hay personas, hay espiritualidad, hay una cosmovisi\u00f3n, hay diferentes formas de entender el mundo y sobre todo, hay una propuesta alternativa para nuestra sociedad\u00bb.<o:p><\/o:p><\/span><\/p>\n<h2 style=\"margin: 0cm 0cm 0.0001pt; text-align: justify; box-sizing: border-box; -webkit-tap-highlight-color: rgba(0, 0, 0, 0);\"><span style=\"font-size: 11pt; font-family: Calibri, sans-serif;\">\u00a0<\/span><\/h2>\n<h2 style=\"margin:0cm;margin-bottom:.0001pt;text-align:justify\"><span style=\"font-size: 11pt; font-family: Calibri, sans-serif;\">Misionando en la selva peruana<\/span><span style=\"font-size: 11pt; font-family: Calibri, sans-serif; font-weight: normal;\"><o:p><\/o:p><\/span><\/h2>\n<p style=\"margin: 0cm 0cm 0.0001pt; text-align: justify; box-sizing: border-box; -webkit-tap-highlight-color: rgba(0, 0, 0, 0);\"><span style=\"font-size: 11pt; font-family: Calibri, sans-serif;\">Pero&#8230; \u00bfc\u00f3mo es que la Orden de Predicadores lleg\u00f3 a tierras peruanas?<o:p><\/o:p><\/span><\/p>\n<p style=\"margin:0cm;margin-bottom:.0001pt;text-align:justify\"><span style=\"font-size: 11pt; font-family: Calibri, sans-serif;\">\u00a0<\/span><\/p>\n<p style=\"margin:0cm;margin-bottom:.0001pt;text-align:justify\"><span style=\"font-size: 11pt; font-family: Calibri, sans-serif;\">El Vicariato Regional de Per\u00fa fue asumido por los dominicos espa\u00f1oles en el mes de septiembre de 1906.<o:p><\/o:p><\/span><\/p>\n<p style=\"margin: 0cm 0cm 0.0001pt; text-align: justify; box-sizing: border-box; -webkit-tap-highlight-color: rgba(0, 0, 0, 0);\">\u00a0<\/p>\n<p style=\"margin: 0cm 0cm 0.0001pt; text-align: justify; box-sizing: border-box; -webkit-tap-highlight-color: rgba(0, 0, 0, 0);\"><span style=\"font-size: 11pt; font-family: Calibri, sans-serif;\">Nace tras la decisi\u00f3n del Papa Le\u00f3n XIII en 1894 de crear tres Prefecturas Apost\u00f3licas en la selva peruana: San Le\u00f3n del Amazonas en el norte, encargada a los agustinos; San Francisco del Ucayali en el centro, encargada a los franciscanos y Santo Domingo del Urubamba en el Sur, encargada a los dominicos.<o:p><\/o:p><\/span><\/p>\n<p style=\"margin:0cm;margin-bottom:.0001pt;text-align:justify\"><span style=\"font-size: 11pt; font-family: Calibri, sans-serif;\">\u00a0<\/span><\/p>\n<p style=\"margin: 0cm 0cm 0.0001pt; text-align: justify; box-sizing: border-box; -webkit-tap-highlight-color: rgba(0, 0, 0, 0);\"><span style=\"font-size: 11pt; font-family: Calibri, sans-serif;\">\u00abMi trabajo como obispo del Vicariato Apost\u00f3lico de Puerto Maldonado es responder a la misi\u00f3n que la Iglesia cat\u00f3lica pidi\u00f3 hace m\u00e1s de 100 a\u00f1os a los dominicos: hacernos cargo de crear una Iglesia local en una zona amaz\u00f3nica que actualmente es el sur oriente de Per\u00fa\u00bb, a\u00f1ade Mons. Mart\u00ednez, afirmando que por tanto, lo que hace la Orden de Predicadores en este rinc\u00f3n del mundo es construir junto con los pueblos ind\u00edgenas y otras poblaciones que han llegado hasta aqu\u00ed; una comunidad eclesial aut\u00f3ctona.<o:p><\/o:p><\/span><\/p>\n<p style=\"margin:0cm;margin-bottom:.0001pt;text-align:justify\"><span style=\"font-size: 11pt; font-family: Calibri, sans-serif;\">\u00a0<\/span><\/p>\n<p style=\"margin: 0cm 0cm 0.0001pt; text-align: justify; box-sizing: border-box; -webkit-tap-highlight-color: rgba(0, 0, 0, 0);\"><span style=\"font-size: 11pt; font-family: Calibri, sans-serif;\">El Papa Francisco visit\u00f3 estas tierras el 19 de enero de 2018, durante su viaje apost\u00f3lico a Per\u00fa. All\u00ed el Santo Padre pronunci\u00f3 un <a href=\"http:\/\/w2.vatican.va\/content\/francesco\/es\/speeches\/2018\/january\/documents\/papa-francesco_20180119_peru-puertomaldonado-popoliamazzonia.html\" target=\"_blank\" style=\"box-sizing: border-box;-webkit-tap-highlight-color: rgba(0, 0, 0, 0)\"><span style=\"color:black;mso-themecolor:text1\">profundo discurso<\/span><\/a> en el que pidi\u00f3 respetar y promover los derechos de los pueblos originarios, ante las diversas amenazas que padece la Amazon\u00eda.<o:p><\/o:p><\/span><\/p>\n<p style=\"margin:0cm;margin-bottom:.0001pt;text-align:justify\"><o:p>\u00a0<\/o:p><\/p>\n<p class=\"MsoNormal\" style=\"margin-bottom:0cm;margin-bottom:.0001pt;line-height:\nnormal\"><i>Tomado de: VATICAN NEWS. Por Sof\u00eda Lobos. Ciudad del Vaticano. 9 de abril de 2019.<o:p><\/o:p><\/i><\/p>\n<p class=\"MsoNormal\" style=\"margin-bottom:0cm;margin-bottom:.0001pt;text-align:\njustify;line-height:normal\">\u00a0<\/p>\n<p><a href=\"http:\/\/web.hilo.org.pe\/wp-content\/uploads\/identidadweb.jpg\" target=\"_blank\" rel=\"noopener\">Ver archivo adjunto<\/a><\/p>\n","protected":false},"excerpt":{"rendered":"<p>\u00abLa Amazon\u00eda es mucho m\u00e1s que recursos naturales y minerales, puesto que hay personas, hay espiritualidad, hay una cosmovisi\u00f3n, hay diferentes formas de entender el mundo y sobre todo, hay una propuesta alternativa para nuestra sociedad\u00bb, explica el fraile dominico y Vicario Apost\u00f3lico de Puerto Maldonado, Per\u00fa.<\/p>\n","protected":false},"author":1,"featured_media":7864,"comment_status":"closed","ping_status":"closed","sticky":false,"template":"","format":"standard","meta":{"footnotes":""},"categories":[9],"tags":[],"class_list":["post-3234","post","type-post","status-publish","format-standard","has-post-thumbnail","hentry","category-noticias"],"_links":{"self":[{"href":"https:\/\/ceas.org.pe\/index.php\/wp-json\/wp\/v2\/posts\/3234","targetHints":{"allow":["GET"]}}],"collection":[{"href":"https:\/\/ceas.org.pe\/index.php\/wp-json\/wp\/v2\/posts"}],"about":[{"href":"https:\/\/ceas.org.pe\/index.php\/wp-json\/wp\/v2\/types\/post"}],"author":[{"embeddable":true,"href":"https:\/\/ceas.org.pe\/index.php\/wp-json\/wp\/v2\/users\/1"}],"replies":[{"embeddable":true,"href":"https:\/\/ceas.org.pe\/index.php\/wp-json\/wp\/v2\/comments?post=3234"}],"version-history":[{"count":1,"href":"https:\/\/ceas.org.pe\/index.php\/wp-json\/wp\/v2\/posts\/3234\/revisions"}],"predecessor-version":[{"id":5982,"href":"https:\/\/ceas.org.pe\/index.php\/wp-json\/wp\/v2\/posts\/3234\/revisions\/5982"}],"wp:featuredmedia":[{"embeddable":true,"href":"https:\/\/ceas.org.pe\/index.php\/wp-json\/wp\/v2\/media\/7864"}],"wp:attachment":[{"href":"https:\/\/ceas.org.pe\/index.php\/wp-json\/wp\/v2\/media?parent=3234"}],"wp:term":[{"taxonomy":"category","embeddable":true,"href":"https:\/\/ceas.org.pe\/index.php\/wp-json\/wp\/v2\/categories?post=3234"},{"taxonomy":"post_tag","embeddable":true,"href":"https:\/\/ceas.org.pe\/index.php\/wp-json\/wp\/v2\/tags?post=3234"}],"curies":[{"name":"wp","href":"https:\/\/api.w.org\/{rel}","templated":true}]}}