{"id":3232,"date":"2019-04-03T16:02:39","date_gmt":"2019-04-03T16:02:39","guid":{"rendered":""},"modified":"2026-03-11T09:11:55","modified_gmt":"2026-03-11T14:11:55","slug":"papa-francisco-crea-la-prelatura-de-santiago-apostol-de-huancane-y-nombra-a-su-primer-obispo","status":"publish","type":"post","link":"https:\/\/ceas.org.pe\/index.php\/2019\/04\/03\/papa-francisco-crea-la-prelatura-de-santiago-apostol-de-huancane-y-nombra-a-su-primer-obispo\/","title":{"rendered":"Papa Francisco crea la Prelatura de Santiago Ap\u00f3stol de Huancan\u00e9 y nombra a su Primer Obispo"},"content":{"rendered":"<p align=\"center\" style=\"margin:0cm;margin-bottom:.0001pt;text-align:center\"><b><span style=\"font-size: 11pt; font-family: Calibri, sans-serif;\">Papa Francisco crea la Prelatura Territorial de Santiago Ap\u00f3stol de Huancan\u00e9 y nombra a su Primer Obispo Prelado<\/span><\/b><span style=\"font-family:\"Calibri\",sans-serif;mso-ascii-theme-font:minor-latin;\nmso-hansi-theme-font:minor-latin;mso-bidi-theme-font:minor-latin\"><o:p><\/o:p><\/span><\/p>\n<p style=\"margin:0cm;margin-bottom:.0001pt;background-image:initial;background-position:\ninitial;background-size:initial;background-repeat:initial;background-origin:initial;\nbackground-clip:initial\"><b><span style=\"font-size: 11pt; font-family: Calibri, sans-serif;\">\u00a0<\/span><\/b><span style=\"font-family:\"Calibri\",sans-serif;\nmso-ascii-theme-font:minor-latin;mso-hansi-theme-font:minor-latin;mso-bidi-theme-font:\nminor-latin\"><o:p><\/o:p><\/span><\/p>\n<p style=\"margin:0cm;margin-bottom:.0001pt;text-align:justify;background-image:\ninitial;background-position:initial;background-size:initial;background-repeat:\ninitial;background-origin:initial;background-clip:initial\"><span style=\"font-size: 11pt; font-family: Calibri, sans-serif;\">La Conferencia Episcopal Peruana comunica con mucha alegr\u00eda y benepl\u00e1cito que el Papa Francisco ha erigido la Prelatura Territorial de Santiago Ap\u00f3stol de Huancan\u00e9, ubicada en la regi\u00f3n Puno, al sur de nuestro pa\u00eds, agrupando algunos territorios de las prelaturas territoriales de Ayaviri y de Juli, haci\u00e9ndola sufrag\u00e1nea de la Arquidi\u00f3cesis de Arequipa.<\/span><span style=\"font-family:\"Calibri\",sans-serif;mso-ascii-theme-font:minor-latin;\nmso-hansi-theme-font:minor-latin;mso-bidi-theme-font:minor-latin\"><o:p><\/o:p><\/span><\/p>\n<p style=\"margin:0cm;margin-bottom:.0001pt;text-align:justify;background-image:\ninitial;background-position:initial;background-size:initial;background-repeat:\ninitial;background-origin:initial;background-clip:initial\"><span style=\"font-size: 11pt; font-family: Calibri, sans-serif;\">\u00a0<\/span><span style=\"font-family:\"Calibri\",sans-serif;\nmso-ascii-theme-font:minor-latin;mso-hansi-theme-font:minor-latin;mso-bidi-theme-font:\nminor-latin\"><o:p><\/o:p><\/span><\/p>\n<p style=\"margin:0cm;margin-bottom:.0001pt;text-align:justify;background-image:\ninitial;background-position:initial;background-size:initial;background-repeat:\ninitial;background-origin:initial;background-clip:initial\"><span style=\"font-size: 11pt; font-family: Calibri, sans-serif;\">Asimismo, el Santo Padre ha nombrado Primer Obispo Prelado de la Prelatura de Santiago Ap\u00f3stol de Huancan\u00e9 al Reverendo Padre Giovanni Cefai, M.S.S.P., p\u00e1rroco de la parroquia San Pablo Ap\u00f3stol en la Arquidi\u00f3cesis de Arequipa y actual Superior Regional de la Sociedad Misionera de San Pablo en Per\u00fa.<\/span><span style=\"font-family:\"Calibri\",sans-serif;mso-ascii-theme-font:\nminor-latin;mso-hansi-theme-font:minor-latin;mso-bidi-theme-font:minor-latin\"><o:p><\/o:p><\/span><\/p>\n<p style=\"margin:0cm;margin-bottom:.0001pt;text-align:justify;background-image:\ninitial;background-position:initial;background-size:initial;background-repeat:\ninitial;background-origin:initial;background-clip:initial\"><span style=\"font-size: 11pt; font-family: Calibri, sans-serif;\">\u00a0<\/span><span style=\"font-family:\"Calibri\",sans-serif;\nmso-ascii-theme-font:minor-latin;mso-hansi-theme-font:minor-latin;mso-bidi-theme-font:\nminor-latin\"><o:p><\/o:p><\/span><\/p>\n<p style=\"margin:0cm;margin-bottom:.0001pt;text-align:justify;background-image:\ninitial;background-position:initial;background-size:initial;background-repeat:\ninitial;background-origin:initial;background-clip:initial\"><span style=\"font-size: 11pt; font-family: Calibri, sans-serif;\">El nuevo obispo electo naci\u00f3 en 1967 en Zebbug, Malta (Europa), fue ordenado sacerdote en 1997. Es licenciado en Teolog\u00eda Pastoral por la Universidad de Malta. En su ministerio pastoral ha sido entre otros, director del centro juvenil <i>De Piro<\/i> en Malta, en el Per\u00fa fue p\u00e1rroco de Santa Cruz en Arequipa y actualmente de San Pablo Ap\u00f3stol, as\u00ed como Superior Regional de la Sociedad Misionera de San Pablo en Per\u00fa.<\/span><span style=\"font-family:\n\"Calibri\",sans-serif;mso-ascii-theme-font:minor-latin;mso-hansi-theme-font:\nminor-latin;mso-bidi-theme-font:minor-latin\"><o:p><\/o:p><\/span><\/p>\n<p style=\"margin:0cm;margin-bottom:.0001pt;text-align:justify;background-image:\ninitial;background-position:initial;background-size:initial;background-repeat:\ninitial;background-origin:initial;background-clip:initial\"><span style=\"font-size: 11pt; font-family: Calibri, sans-serif;\">\u00a0<\/span><span style=\"font-family:\"Calibri\",sans-serif;\nmso-ascii-theme-font:minor-latin;mso-hansi-theme-font:minor-latin;mso-bidi-theme-font:\nminor-latin\"><o:p><\/o:p><\/span><\/p>\n<p style=\"margin:0cm;margin-bottom:.0001pt;text-align:justify;background-image:\ninitial;background-position:initial;background-size:initial;background-repeat:\ninitial;background-origin:initial;background-clip:initial\"><span style=\"font-size: 11pt; font-family: Calibri, sans-serif;\">El territorio de la nueva Prelatura Territorial de Santiago Ap\u00f3stol de Huancan\u00e9 est\u00e1 formado por los siguientes distritos:<\/span><span style=\"font-family:\"Calibri\",sans-serif;mso-ascii-theme-font:minor-latin;\nmso-hansi-theme-font:minor-latin;mso-bidi-theme-font:minor-latin\"><o:p><\/o:p><\/span><\/p>\n<p style=\"margin:0cm;margin-bottom:.0001pt;text-align:justify;background-image:\ninitial;background-position:initial;background-size:initial;background-repeat:\ninitial;background-origin:initial;background-clip:initial\"><span style=\"font-size: 11pt; font-family: Calibri, sans-serif;\">\u00a0<\/span><span style=\"font-family:\"Calibri\",sans-serif;\nmso-ascii-theme-font:minor-latin;mso-hansi-theme-font:minor-latin;mso-bidi-theme-font:\nminor-latin\"><o:p><\/o:p><\/span><\/p>\n<p style=\"margin:0cm;margin-bottom:.0001pt;text-align:justify;background-image:\ninitial;background-position:initial;background-size:initial;background-repeat:\ninitial;background-origin:initial;background-clip:initial\"><span style=\"font-size: 11pt; font-family: Calibri, sans-serif;\">&#8211; Conima, Huayrapata, Moho y Tilali <i>(que forman parte de la provincia de Moho)<\/i>;<\/span><span style=\"font-family:\"Calibri\",sans-serif;\nmso-ascii-theme-font:minor-latin;mso-hansi-theme-font:minor-latin;mso-bidi-theme-font:\nminor-latin\"><o:p><\/o:p><\/span><\/p>\n<p style=\"margin:0cm;margin-bottom:.0001pt;text-align:justify;background-image:\ninitial;background-position:initial;background-size:initial;background-repeat:\ninitial;background-origin:initial;background-clip:initial\"><span style=\"font-size: 11pt; font-family: Calibri, sans-serif;\">&#8211; Alto Inambari, Cuyocuyo, Patambuco, Quiaca, San Juan del Oro, San Pedro de Putinapunco, Sandia y Yanahuaya <i>(que forman parte de la provincia de Sandia)<\/i>;<\/span><span style=\"font-family:\"Calibri\",sans-serif;\nmso-ascii-theme-font:minor-latin;mso-hansi-theme-font:minor-latin;mso-bidi-theme-font:\nminor-latin\"><o:p><\/o:p><\/span><\/p>\n<p style=\"margin:0cm;margin-bottom:.0001pt;text-align:justify;background-image:\ninitial;background-position:initial;background-size:initial;background-repeat:\ninitial;background-origin:initial;background-clip:initial\"><span style=\"font-size: 11pt; font-family: Calibri, sans-serif;\">&#8211; Ananea, Quilcapuncy e Sina <i>(que forman parte de la provincia de San Antonio de Putina)<\/i>;<\/span><span style=\"font-family:\"Calibri\",sans-serif;\nmso-ascii-theme-font:minor-latin;mso-hansi-theme-font:minor-latin;mso-bidi-theme-font:\nminor-latin\"><o:p><\/o:p><\/span><\/p>\n<p style=\"margin:0cm;margin-bottom:.0001pt;text-align:justify;background-image:\ninitial;background-position:initial;background-size:initial;background-repeat:\ninitial;background-origin:initial;background-clip:initial\"><span style=\"font-size: 11pt; font-family: Calibri, sans-serif;\">&#8211; Huancan\u00e9, Cojata, Inchupalla, Pusi, Rosaspata, Vilque Chico e Taraco <i>(que forman parte de la provincia de Huancan\u00e9)<\/i>.<\/span><span style=\"font-family:\"Calibri\",sans-serif;mso-ascii-theme-font:minor-latin;\nmso-hansi-theme-font:minor-latin;mso-bidi-theme-font:minor-latin\"><o:p><\/o:p><\/span><\/p>\n<p style=\"margin:0cm;margin-bottom:.0001pt;text-align:justify;background-image:\ninitial;background-position:initial;background-size:initial;background-repeat:\ninitial;background-origin:initial;background-clip:initial\"><span style=\"font-size: 11pt; font-family: Calibri, sans-serif;\">\u00a0<\/span><span style=\"font-family:\"Calibri\",sans-serif;\nmso-ascii-theme-font:minor-latin;mso-hansi-theme-font:minor-latin;mso-bidi-theme-font:\nminor-latin\"><o:p><\/o:p><\/span><\/p>\n<p style=\"margin:0cm;margin-bottom:.0001pt;text-align:justify;background-image:\ninitial;background-position:initial;background-size:initial;background-repeat:\ninitial;background-origin:initial;background-clip:initial\"><span style=\"font-size: 11pt; font-family: Calibri, sans-serif;\">La catedral de la nueva prelatura territorial ser\u00e1 la iglesia parroquial de Santiago Ap\u00f3stol de Huancan\u00e9 en Huancan\u00e9.<\/span><span style=\"font-family:\"Calibri\",sans-serif;mso-ascii-theme-font:minor-latin;\nmso-hansi-theme-font:minor-latin;mso-bidi-theme-font:minor-latin\"><o:p><\/o:p><\/span><\/p>\n<p class=\"m-120693532813052691gmail-m692606012034176627gmail-msonospacing\" style=\"margin:0cm;margin-bottom:.0001pt;text-align:justify;background-image:\ninitial;background-position:initial;background-size:initial;background-repeat:\ninitial;background-origin:initial;background-clip:initial\"><span style=\"font-size:11.0pt;font-family:\"Calibri\",sans-serif;mso-ascii-theme-font:\nminor-latin;mso-hansi-theme-font:minor-latin;mso-bidi-theme-font:minor-latin\">\u00a0<\/span><span style=\"font-family:\"Calibri\",sans-serif;mso-ascii-theme-font:minor-latin;\nmso-hansi-theme-font:minor-latin;mso-bidi-theme-font:minor-latin\"><o:p><\/o:p><\/span><\/p>\n<p class=\"m-120693532813052691gmail-m692606012034176627gmail-msonospacing\" style=\"margin:0cm;margin-bottom:.0001pt;text-align:justify;background-image:\ninitial;background-position:initial;background-size:initial;background-repeat:\ninitial;background-origin:initial;background-clip:initial\"><span style=\"font-size:11.0pt;font-family:\"Calibri\",sans-serif;mso-ascii-theme-font:\nminor-latin;mso-hansi-theme-font:minor-latin;mso-bidi-theme-font:minor-latin\">\u00a0<\/span><span style=\"font-family:\"Calibri\",sans-serif;mso-ascii-theme-font:minor-latin;\nmso-hansi-theme-font:minor-latin;mso-bidi-theme-font:minor-latin\"><o:p><\/o:p><\/span><\/p>\n<p class=\"m-120693532813052691gmail-m692606012034176627gmail-msonospacing\" style=\"margin:0cm;margin-bottom:.0001pt;text-align:justify;background-image:\ninitial;background-position:initial;background-size:initial;background-repeat:\ninitial;background-origin:initial;background-clip:initial\"><span style=\"font-size:11.0pt;font-family:\"Calibri\",sans-serif;mso-ascii-theme-font:\nminor-latin;mso-hansi-theme-font:minor-latin;mso-bidi-theme-font:minor-latin\">Lima, 3 de abril de 2019. <\/span><span style=\"font-family:\"Calibri\",sans-serif;\nmso-ascii-theme-font:minor-latin;mso-hansi-theme-font:minor-latin;mso-bidi-theme-font:\nminor-latin\"><o:p><\/o:p><\/span><\/p>\n<p class=\"m-120693532813052691gmail-m692606012034176627gmail-msonospacing\" style=\"margin:0cm;margin-bottom:.0001pt;text-align:justify;background-image:\ninitial;background-position:initial;background-size:initial;background-repeat:\ninitial;background-origin:initial;background-clip:initial\"><span style=\"font-size:11.0pt;font-family:\"Calibri\",sans-serif;mso-ascii-theme-font:\nminor-latin;mso-hansi-theme-font:minor-latin;mso-bidi-theme-font:minor-latin\">\u00a0<\/span><span style=\"font-family:\"Calibri\",sans-serif;mso-ascii-theme-font:minor-latin;\nmso-hansi-theme-font:minor-latin;mso-bidi-theme-font:minor-latin\"><o:p><\/o:p><\/span><\/p>\n<p class=\"m-120693532813052691gmail-m692606012034176627gmail-msonospacing\" style=\"margin:0cm;margin-bottom:.0001pt;text-align:justify;background-image:\ninitial;background-position:initial;background-size:initial;background-repeat:\ninitial;background-origin:initial;background-clip:initial\"><span style=\"font-size:11.0pt;font-family:\"Calibri\",sans-serif;mso-ascii-theme-font:\nminor-latin;mso-hansi-theme-font:minor-latin;mso-bidi-theme-font:minor-latin\">\u00a0<\/span><span style=\"font-family:\"Calibri\",sans-serif;mso-ascii-theme-font:minor-latin;\nmso-hansi-theme-font:minor-latin;mso-bidi-theme-font:minor-latin\"><o:p><\/o:p><\/span><\/p>\n<p class=\"m-120693532813052691gmail-m692606012034176627gmail-msonospacing\" style=\"margin:0cm;margin-bottom:.0001pt;text-align:justify;background-image:\ninitial;background-position:initial;background-size:initial;background-repeat:\ninitial;background-origin:initial;background-clip:initial\"><span style=\"font-size:11.0pt;font-family:\"Calibri\",sans-serif;mso-ascii-theme-font:\nminor-latin;mso-hansi-theme-font:minor-latin;mso-bidi-theme-font:minor-latin\">Conferencia Episcopal Peruana. Oficina de Prensa<\/span><span style=\"font-family:\"Calibri\",sans-serif;\nmso-ascii-theme-font:minor-latin;mso-hansi-theme-font:minor-latin;mso-bidi-theme-font:\nminor-latin\"><o:p><\/o:p><\/span><\/p>\n<p><span style=\"font-family: Calibri, sans-serif; text-align: justify;\">\u00a0<\/span>\u00a0<\/p>\n<p><a href=\"http:\/\/web.hilo.org.pe\/wp-content\/uploads\/obispo.jpg\" target=\"_blank\" rel=\"noopener\">Ver archivo adjunto<\/a><\/p>\n","protected":false},"excerpt":{"rendered":"<p>La Conferencia Episcopal Peruana comunica con mucha alegr\u00eda y benepl\u00e1cito que el Papa Francisco ha erigido la Prelatura Territorial de Santiago Ap\u00f3stol de Huancan\u00e9, ubicada en la regi\u00f3n Puno, al sur de nuestro pa\u00eds, agrupando algunos territorios de las prelaturas territoriales de Ayaviri y de Juli, haci\u00e9ndola sufrag\u00e1nea de la Arquidi\u00f3cesis de Arequipa.<\/p>\n","protected":false},"author":1,"featured_media":7855,"comment_status":"closed","ping_status":"closed","sticky":false,"template":"","format":"standard","meta":{"footnotes":""},"categories":[9],"tags":[],"class_list":["post-3232","post","type-post","status-publish","format-standard","has-post-thumbnail","hentry","category-noticias"],"_links":{"self":[{"href":"https:\/\/ceas.org.pe\/index.php\/wp-json\/wp\/v2\/posts\/3232","targetHints":{"allow":["GET"]}}],"collection":[{"href":"https:\/\/ceas.org.pe\/index.php\/wp-json\/wp\/v2\/posts"}],"about":[{"href":"https:\/\/ceas.org.pe\/index.php\/wp-json\/wp\/v2\/types\/post"}],"author":[{"embeddable":true,"href":"https:\/\/ceas.org.pe\/index.php\/wp-json\/wp\/v2\/users\/1"}],"replies":[{"embeddable":true,"href":"https:\/\/ceas.org.pe\/index.php\/wp-json\/wp\/v2\/comments?post=3232"}],"version-history":[{"count":1,"href":"https:\/\/ceas.org.pe\/index.php\/wp-json\/wp\/v2\/posts\/3232\/revisions"}],"predecessor-version":[{"id":5986,"href":"https:\/\/ceas.org.pe\/index.php\/wp-json\/wp\/v2\/posts\/3232\/revisions\/5986"}],"wp:featuredmedia":[{"embeddable":true,"href":"https:\/\/ceas.org.pe\/index.php\/wp-json\/wp\/v2\/media\/7855"}],"wp:attachment":[{"href":"https:\/\/ceas.org.pe\/index.php\/wp-json\/wp\/v2\/media?parent=3232"}],"wp:term":[{"taxonomy":"category","embeddable":true,"href":"https:\/\/ceas.org.pe\/index.php\/wp-json\/wp\/v2\/categories?post=3232"},{"taxonomy":"post_tag","embeddable":true,"href":"https:\/\/ceas.org.pe\/index.php\/wp-json\/wp\/v2\/tags?post=3232"}],"curies":[{"name":"wp","href":"https:\/\/api.w.org\/{rel}","templated":true}]}}