{"id":3231,"date":"2019-04-03T13:48:43","date_gmt":"2019-04-03T13:48:43","guid":{"rendered":""},"modified":"2026-03-11T09:11:55","modified_gmt":"2026-03-11T14:11:55","slug":"comunicado-de-la-conferencia-episcopal-peruana-sobre-conflicto-social-en-las-bambas","status":"publish","type":"post","link":"https:\/\/ceas.org.pe\/index.php\/2019\/04\/03\/comunicado-de-la-conferencia-episcopal-peruana-sobre-conflicto-social-en-las-bambas\/","title":{"rendered":"Comunicado de la Conferencia Episcopal Peruana sobre conflicto social en Las Bambas"},"content":{"rendered":"<p class=\"MsoNormal\" style=\"margin-bottom: 3.75pt; line-height: normal; background-image: initial; background-position: initial; background-size: initial; background-repeat: initial; background-attachment: initial; background-origin: initial; background-clip: initial;\"><b><i>Comunicado de la Conferencia Episcopal Peruana sobre conflicto social en Las Bambas<o:p><\/o:p><\/i><\/b><\/p>\n<p class=\"m783831820994987818m-4229661270593859691gmail-msonospacing\" align=\"center\" style=\"margin:0cm;margin-bottom:.0001pt;text-align:center\"><b><span style=\"font-size: 11pt; font-family: Calibri, sans-serif;\">\u00a0<\/span><\/b><\/p>\n<p class=\"m783831820994987818m-4229661270593859691gmail-msonospacing\" align=\"center\" style=\"margin:0cm;margin-bottom:.0001pt;text-align:center\"><b><span style=\"font-size: 11pt; font-family: Calibri, sans-serif;\">COMUNICADO<\/span><\/b><span style=\"font-size: 11pt; font-family: Calibri, sans-serif;\"><o:p><\/o:p><\/span><\/p>\n<p class=\"m783831820994987818m-4229661270593859691gmail-msonospacing\" style=\"margin:0cm;margin-bottom:.0001pt;text-align:justify\"><span style=\"font-size: 11pt; font-family: Calibri, sans-serif;\">\u00a0<o:p><\/o:p><\/span><\/p>\n<p class=\"m783831820994987818m-4229661270593859691gmail-msonospacing\" style=\"margin:0cm;margin-bottom:.0001pt;text-align:justify\"><span style=\"font-size: 11pt; font-family: Calibri, sans-serif;\">En las circunstancias actuales que vive el Per\u00fa, particularmente en la poblaci\u00f3n de Fuerabamba y las comunidades cercanas, queremos reafirmar el valor insustituible del di\u00e1logo como camino seguro para solucionar los conflictos y alcanzar la paz y el desarrollo.<o:p><\/o:p><\/span><\/p>\n<p class=\"m783831820994987818m-4229661270593859691gmail-msonospacing\" style=\"margin:0cm;margin-bottom:.0001pt;text-align:justify\"><span style=\"font-size: 11pt; font-family: Calibri, sans-serif;\">\u00a0<o:p><\/o:p><\/span><\/p>\n<p class=\"m783831820994987818m-4229661270593859691gmail-msonospacing\" style=\"margin:0cm;margin-bottom:.0001pt;text-align:justify\"><span style=\"font-size: 11pt; font-family: Calibri, sans-serif;\">El di\u00e1logo, dec\u00eda el Papa Francisco, \u201cnos hace m\u00e1s ricos porque nos hace reconocer la verdad del otro, la importancia de su experiencia y lo que existe detr\u00e1s de lo que dice, incluso cuando se esconde detr\u00e1s de actitudes y elecciones que no compartimos\u201d.<o:p><\/o:p><\/span><\/p>\n<p class=\"m783831820994987818m-4229661270593859691gmail-msonospacing\" style=\"margin:0cm;margin-bottom:.0001pt;text-align:justify\"><span style=\"font-size: 11pt; font-family: Calibri, sans-serif;\">\u00a0<o:p><\/o:p><\/span><\/p>\n<p class=\"m783831820994987818m-4229661270593859691gmail-msonospacing\" style=\"margin:0cm;margin-bottom:.0001pt;text-align:justify\"><span style=\"font-size: 11pt; font-family: Calibri, sans-serif;\">Habiendo recibido la invitaci\u00f3n de las partes, la Iglesia Cat\u00f3lica participa en este proceso de di\u00e1logo, buscando con transparencia, el bien com\u00fan, la defensa de los derechos de todos los que han sido afectados por el conflicto de Fuerabamba y la paz social.<o:p><\/o:p><\/span><\/p>\n<p class=\"m783831820994987818m-4229661270593859691gmail-msonospacing\" style=\"margin:0cm;margin-bottom:.0001pt;text-align:justify\"><span style=\"font-size: 11pt; font-family: Calibri, sans-serif;\">\u00a0<o:p><\/o:p><\/span><\/p>\n<p class=\"m783831820994987818m-4229661270593859691gmail-msonospacing\" style=\"margin:0cm;margin-bottom:.0001pt;text-align:justify\"><span style=\"font-size: 11pt; font-family: Calibri, sans-serif;\">Los peruanos necesitamos vivir en un estado de derecho; donde haya justicia y se respete la dignidad y los derechos de cada persona, de modo especial del m\u00e1s d\u00e9bil. Al mismo tiempo, los peruanos debemos rechazar la violencia en todas sus formas y construir una comunidad que sea bendecida por la paz y la verdad.<o:p><\/o:p><\/span><\/p>\n<p class=\"m783831820994987818m-4229661270593859691gmail-msonospacing\" style=\"margin:0cm;margin-bottom:.0001pt;text-align:justify\"><span style=\"font-size: 11pt; font-family: Calibri, sans-serif;\">\u00a0<o:p><\/o:p><\/span><\/p>\n<p class=\"m783831820994987818m-4229661270593859691gmail-msonospacing\" style=\"margin:0cm;margin-bottom:.0001pt;text-align:justify\"><span style=\"font-size: 11pt; font-family: Calibri, sans-serif;\">Dialogar es apostar por la justicia y la paz. Dialogar es reafirmar nuestro compromiso con un Per\u00fa que crece y prospera.<o:p><\/o:p><\/span><\/p>\n<p class=\"m783831820994987818m-4229661270593859691gmail-msonospacing\" style=\"margin:0cm;margin-bottom:.0001pt;text-align:justify\"><span style=\"font-size: 11pt; font-family: Calibri, sans-serif;\">\u00a0<o:p><\/o:p><\/span><\/p>\n<p class=\"m783831820994987818m-4229661270593859691gmail-msonospacing\" style=\"margin:0cm;margin-bottom:.0001pt;text-align:justify\"><span style=\"font-size: 11pt; font-family: Calibri, sans-serif;\">\u00a0<o:p><\/o:p><\/span><\/p>\n<p class=\"m783831820994987818m-4229661270593859691gmail-msonospacing\" style=\"margin:0cm;margin-bottom:.0001pt;text-align:justify\"><span style=\"font-size: 11pt; font-family: Calibri, sans-serif;\">Lima, 03 de abril del 2019<o:p><\/o:p><\/span><\/p>\n<p class=\"m783831820994987818m-4229661270593859691gmail-msonospacing\" align=\"center\" style=\"margin:0cm;margin-bottom:.0001pt;text-align:center\"><span style=\"font-size: 11pt; font-family: Calibri, sans-serif;\">\u00a0<o:p><\/o:p><\/span><\/p>\n<p class=\"m783831820994987818m-4229661270593859691gmail-msonospacing\" align=\"center\" style=\"margin:0cm;margin-bottom:.0001pt;text-align:center\"><span style=\"font-size: 11pt; font-family: Calibri, sans-serif;\">\u00a0<o:p><\/o:p><\/span><\/p>\n<p class=\"m783831820994987818m-4229661270593859691gmail-msonospacing\" align=\"center\" style=\"margin:0cm;margin-bottom:.0001pt;text-align:center\"><span style=\"font-size: 11pt; font-family: Calibri, sans-serif;\">\u00a0<o:p><\/o:p><\/span><\/p>\n<p class=\"m783831820994987818m-4229661270593859691gmail-msonospacing\" align=\"center\" style=\"margin:0cm;margin-bottom:.0001pt;text-align:center\"><span style=\"font-size: 11pt; font-family: Calibri, sans-serif;\">La Presidencia<o:p><\/o:p><\/span><\/p>\n<p class=\"m783831820994987818m-4229661270593859691gmail-msonospacing\" align=\"center\" style=\"margin:0cm;margin-bottom:.0001pt;text-align:center\"><span style=\"font-size: 11pt; font-family: Calibri, sans-serif;\">Conferencia Episcopal Peruana<o:p><\/o:p><\/span><\/p>\n<p>\u00a0 \u00a0\u00a0<\/p>\n<p><a href=\"http:\/\/web.hilo.org.pe\/wp-content\/uploads\/cep (1).jpg\" target=\"_blank\" rel=\"noopener\">Ver archivo adjunto<\/a><\/p>\n","protected":false},"excerpt":{"rendered":"<p>En las circunstancias actuales que vive el Per\u00fa, particularmente en la poblaci\u00f3n de Fuerabamba y las comunidades cercanas, queremos reafirmar el valor insustituible del di\u00e1logo como camino seguro para solucionar los conflictos y alcanzar la paz y el desarrollo.<\/p>\n","protected":false},"author":1,"featured_media":5502,"comment_status":"closed","ping_status":"closed","sticky":false,"template":"","format":"standard","meta":{"footnotes":""},"categories":[9],"tags":[],"class_list":["post-3231","post","type-post","status-publish","format-standard","has-post-thumbnail","hentry","category-noticias"],"_links":{"self":[{"href":"https:\/\/ceas.org.pe\/index.php\/wp-json\/wp\/v2\/posts\/3231","targetHints":{"allow":["GET"]}}],"collection":[{"href":"https:\/\/ceas.org.pe\/index.php\/wp-json\/wp\/v2\/posts"}],"about":[{"href":"https:\/\/ceas.org.pe\/index.php\/wp-json\/wp\/v2\/types\/post"}],"author":[{"embeddable":true,"href":"https:\/\/ceas.org.pe\/index.php\/wp-json\/wp\/v2\/users\/1"}],"replies":[{"embeddable":true,"href":"https:\/\/ceas.org.pe\/index.php\/wp-json\/wp\/v2\/comments?post=3231"}],"version-history":[{"count":1,"href":"https:\/\/ceas.org.pe\/index.php\/wp-json\/wp\/v2\/posts\/3231\/revisions"}],"predecessor-version":[{"id":5987,"href":"https:\/\/ceas.org.pe\/index.php\/wp-json\/wp\/v2\/posts\/3231\/revisions\/5987"}],"wp:featuredmedia":[{"embeddable":true,"href":"https:\/\/ceas.org.pe\/index.php\/wp-json\/wp\/v2\/media\/5502"}],"wp:attachment":[{"href":"https:\/\/ceas.org.pe\/index.php\/wp-json\/wp\/v2\/media?parent=3231"}],"wp:term":[{"taxonomy":"category","embeddable":true,"href":"https:\/\/ceas.org.pe\/index.php\/wp-json\/wp\/v2\/categories?post=3231"},{"taxonomy":"post_tag","embeddable":true,"href":"https:\/\/ceas.org.pe\/index.php\/wp-json\/wp\/v2\/tags?post=3231"}],"curies":[{"name":"wp","href":"https:\/\/api.w.org\/{rel}","templated":true}]}}