{"id":3230,"date":"2019-04-03T11:50:34","date_gmt":"2019-04-03T11:50:34","guid":{"rendered":""},"modified":"2026-03-11T09:11:55","modified_gmt":"2026-03-11T14:11:55","slug":"conferencia-episcopal-venezolana-denuncia-delitos-de-lesa-humanidad","status":"publish","type":"post","link":"https:\/\/ceas.org.pe\/index.php\/2019\/04\/03\/conferencia-episcopal-venezolana-denuncia-delitos-de-lesa-humanidad\/","title":{"rendered":"Conferencia Episcopal venezolana denuncia delitos de lesa humanidad"},"content":{"rendered":"<p style=\"margin: 0cm 0cm 0.0001pt; text-align: justify; background-image: initial; background-position: initial; background-size: initial; background-repeat: initial; background-attachment: initial; background-origin: initial; background-clip: initial;\"><span style=\"font-size:11.0pt;font-family:\"Calibri\",sans-serif;mso-ascii-theme-font:\nminor-latin;mso-hansi-theme-font:minor-latin;mso-bidi-theme-font:minor-latin;\ncolor:#373737\">\u201cEl pueblo est\u00e1 cansado de tantos enga\u00f1os. El Episcopado hace suyo el contenido y la intencionalidad de dichos mensajes\u201d: es un extracto del nuevo mensaje de la presidencia del episcopado venezolano, en el \u00e1mbito de la desesperanza que vive el pueblo por una crisis que no encuentra soluci\u00f3n. Los mensajes a los que se refiere la presidencia de la CEV son aquellos de los obispos locales, emitidos en el mes de marzo en lo que fuera un eco masivo del clamor de la gente elevado por los prelados de distintas regiones de Venezuela. En ellos hicieron menci\u00f3n de situaciones particulares que iban desde lo acontecido en las fronteras con Colombia y Brasil hasta las consecuencias del apag\u00f3n el\u00e9ctrico nacional.<o:p><\/o:p><\/span><\/p>\n<p style=\"margin: 0cm 0cm 0.0001pt; background-image: initial; background-position: initial; background-size: initial; background-repeat: initial; background-attachment: initial; background-origin: initial; background-clip: initial; box-sizing: border-box; -webkit-tap-highlight-color: rgba(0, 0, 0, 0);\"><span style=\"font-size:11.0pt;\nfont-family:\"Calibri\",sans-serif;mso-ascii-theme-font:minor-latin;mso-hansi-theme-font:\nminor-latin;mso-bidi-theme-font:minor-latin;color:#373737\">\u00a0<\/span><\/p>\n<p style=\"margin: 0cm 0cm 0.0001pt; text-align: justify; background-image: initial; background-position: initial; background-size: initial; background-repeat: initial; background-attachment: initial; background-origin: initial; background-clip: initial;\"><span style=\"font-size:11.0pt;font-family:\"Calibri\",sans-serif;mso-ascii-theme-font:\nminor-latin;mso-hansi-theme-font:minor-latin;mso-bidi-theme-font:minor-latin;\ncolor:#373737\">En el nuevo mensaje los obispos subrayan con firmeza que \u201c<b style=\"box-sizing: border-box;-webkit-tap-highlight-color: rgba(0, 0, 0, 0)\">tanto lo dicho por los hermanos Obispos como los mensajes de la Conferencia expresan el sentir del Santo Padre Francisco<\/b>\u201d. \u00a0<o:p><\/o:p><\/span><\/p>\n<h2 style=\"margin-top: 0cm; line-height: normal; background-image: initial; background-position: initial; background-size: initial; background-repeat: initial; background-attachment: initial; background-origin: initial; background-clip: initial; box-sizing: border-box; -webkit-tap-highlight-color: rgba(0, 0, 0, 0);\"><span style=\"font-size:11.0pt;\nfont-family:\"Calibri\",sans-serif;mso-ascii-theme-font:minor-latin;mso-hansi-theme-font:\nminor-latin;mso-bidi-theme-font:minor-latin;color:#373737\">\u00a0<\/span><\/h2>\n<h2 style=\"margin-top: 0cm; text-align: justify; line-height: normal; background-image: initial; background-position: initial; background-size: initial; background-repeat: initial; background-attachment: initial; background-origin: initial; background-clip: initial;\"><b><span style=\"font-size:11.0pt;\nfont-family:\"Calibri\",sans-serif;mso-ascii-theme-font:minor-latin;mso-hansi-theme-font:\nminor-latin;mso-bidi-theme-font:minor-latin;color:#373737\">Dignidad de la persona humana y derechos inalienables<o:p><\/o:p><\/span><\/b><\/h2>\n<p style=\"margin: 0cm 0cm 0.0001pt; background-image: initial; background-position: initial; background-size: initial; background-repeat: initial; background-attachment: initial; background-origin: initial; background-clip: initial; box-sizing: border-box; -webkit-tap-highlight-color: rgba(0, 0, 0, 0);\"><span style=\"font-size:11.0pt;\nfont-family:\"Calibri\",sans-serif;mso-ascii-theme-font:minor-latin;mso-hansi-theme-font:\nminor-latin;mso-bidi-theme-font:minor-latin;color:#373737\">La presidencia de la CEV parte, precisamente, de la dignidad de la persona humana y sus derechos inalienables, \u201cel primero y fundamental el de la vida -recuerdan- de donde surgen todos los dem\u00e1s\u201d. Y hacen presente que \u201cla defensa, proclamaci\u00f3n y desarrollo de los derechos humanos garantizan el bien com\u00fan de toda la sociedad, sin excepci\u00f3n alguna para nadie\u201d.<o:p><\/o:p><\/span><\/p>\n<p class=\"MsoNormal\" style=\"margin-bottom:0cm;margin-bottom:.0001pt;text-align:\njustify;line-height:normal\"><o:p>\u00a0<\/o:p><\/p>\n<p class=\"MsoNormal\" style=\"margin-bottom:0cm;margin-bottom:.0001pt;text-align:\njustify;line-height:normal\"><b>Delitos de lesa humanidad<o:p><\/o:p><\/b><\/p>\n<p class=\"MsoNormal\" style=\"margin-bottom:0cm;margin-bottom:.0001pt;text-align:\njustify;line-height:normal\"><span style=\"color: rgb(55, 55, 55); background-image: initial; background-position: initial; background-size: initial; background-repeat: initial; background-attachment: initial; background-origin: initial; background-clip: initial;\">En este sentido, tras constatar que \u201clos derechos humanos son irrespetados de diversos modos y, en ocasiones, se llega a cometer delitos de lesa humanidad\u201d, denuncian, una vez m\u00e1s, que esto lamentablemente \u201cse ha venido haciendo en nuestra patria bajo la mirada complaciente de las autoridades que deben velar por el recto cumplimiento y defensa de los derechos humanos\u201d.<\/span><o:p><\/o:p><\/p>\n<p class=\"MsoNormal\" style=\"margin-bottom:0cm;margin-bottom:.0001pt;text-align:\njustify;line-height:normal\"><span style=\"color: rgb(55, 55, 55); background-image: initial; background-position: initial; background-size: initial; background-repeat: initial; background-attachment: initial; background-origin: initial; background-clip: initial;\"><o:p>\u00a0<\/o:p><\/span><\/p>\n<p class=\"MsoNormal\" style=\"margin-bottom:0cm;margin-bottom:.0001pt;text-align:\njustify;line-height:normal\"><span style=\"color: rgb(55, 55, 55); background-image: initial; background-position: initial; background-size: initial; background-repeat: initial; background-attachment: initial; background-origin: initial; background-clip: initial;\">\u201cEntre esos -cr\u00edmenes de lesa humanidad- pueden considerarse numerosas situaciones sobre las que hemos alertado en varios documentos del Episcopado\u201d, dicen, y mencionan algunas de ellas:\u00a0\u201cEl asesinato y represi\u00f3n de los ind\u00edgenas pemones y otras etnias del sur del pa\u00eds, a quienes adem\u00e1s se les irrespeta sistem\u00e1ticamente sus culturas; la deportaci\u00f3n forzosa de colombianos y venezolanos, sin los procedimientos de ley cuando en 2016 se cerr\u00f3 la frontera con argumentos poco cre\u00edbles; la encarcelaci\u00f3n u otra privaci\u00f3n grave de la libertad f\u00edsica en violaci\u00f3n de normas fundamentales; la tortura que se realiza en contra de detenidos por motivos pol\u00edticos; la imposici\u00f3n intencional de condiciones de vida como la privaci\u00f3n del acceso a alimentos y medicinas; la desaparici\u00f3n forzada de personas, es decir, la aprehensi\u00f3n, detenci\u00f3n o secuestro por parte del \u00a0Estado, con su autorizaci\u00f3n, apoyo o aquiescencia, seguido de la negativa a informar sobre la situaci\u00f3n y lugar de reclusi\u00f3n\u201d.<\/span><o:p><\/o:p><\/p>\n<h2 style=\"margin-top: 0cm; text-align: justify; line-height: normal; background-image: initial; background-position: initial; background-size: initial; background-repeat: initial; background-attachment: initial; background-origin: initial; background-clip: initial;\"><span style=\"font-size:11.0pt;font-family:\"Calibri\",sans-serif;\nmso-ascii-theme-font:minor-latin;mso-hansi-theme-font:minor-latin;mso-bidi-theme-font:\nminor-latin;color:#373737\">\u00a0<\/span><\/h2>\n<h2 style=\"margin-top: 0cm; text-align: justify; line-height: normal; background-image: initial; background-position: initial; background-size: initial; background-repeat: initial; background-attachment: initial; background-origin: initial; background-clip: initial;\"><b><span style=\"font-size:11.0pt;\nfont-family:\"Calibri\",sans-serif;mso-ascii-theme-font:minor-latin;mso-hansi-theme-font:\nminor-latin;mso-bidi-theme-font:minor-latin;color:#373737\">Menoscabo o violaci\u00f3n de derechos y responsabilidad penal<o:p><\/o:p><\/span><\/b><\/h2>\n<p style=\"margin: 0cm 0cm 0.0001pt; background-image: initial; background-position: initial; background-size: initial; background-repeat: initial; background-attachment: initial; background-origin: initial; background-clip: initial; box-sizing: border-box; -webkit-tap-highlight-color: rgba(0, 0, 0, 0);\"><span style=\"font-size:11.0pt;\nfont-family:\"Calibri\",sans-serif;mso-ascii-theme-font:minor-latin;mso-hansi-theme-font:\nminor-latin;mso-bidi-theme-font:minor-latin;color:#373737\">Los obispos, aferrados a la Constituci\u00f3n Nacional del pa\u00eds, que en su art\u00edculo 25 declara que \u201cTodo acto dictado en ejercicio del Poder P\u00fablico que viole o menoscabe los derechos garantizados por esta Constituci\u00f3n y la ley es nulo, y los funcionarios p\u00fablicos y funcionarias p\u00fablicas que lo ordenen o ejecuten incurren en responsabilidad penal, civil y administrativa, seg\u00fan los casos, sin que les sirvan de excusa \u00f3rdenes superiores\u201d, recuerdan tambi\u00e9n que \u201cTodos los revestidos de autoridad que hayan incurrido o favorecido los delitos antes mencionados y otros del mismo talante son responsables ante la ley humana, pero, sobre todo, ante Dios, quien les premiar\u00e1 o condenar\u00e1 de acuerdo a lo que -hayan hecho a uno de mis hermanos peque\u00f1os- (Mt 25,40)\u201d.<o:p><\/o:p><\/span><\/p>\n<p style=\"margin: 0cm 0cm 0.0001pt; text-align: justify; background-image: initial; background-position: initial; background-size: initial; background-repeat: initial; background-attachment: initial; background-origin: initial; background-clip: initial;\"><span style=\"font-size:11.0pt;font-family:\"Calibri\",sans-serif;mso-ascii-theme-font:\nminor-latin;mso-hansi-theme-font:minor-latin;mso-bidi-theme-font:minor-latin;\ncolor:#373737\">\u00a0<\/span><\/p>\n<p style=\"margin: 0cm 0cm 0.0001pt; background-image: initial; background-position: initial; background-size: initial; background-repeat: initial; background-attachment: initial; background-origin: initial; background-clip: initial; box-sizing: border-box; -webkit-tap-highlight-color: rgba(0, 0, 0, 0);\"><span style=\"font-size:11.0pt;\nfont-family:\"Calibri\",sans-serif;mso-ascii-theme-font:minor-latin;mso-hansi-theme-font:\nminor-latin;mso-bidi-theme-font:minor-latin;color:#373737\">A la Fuerza Armada Nacional, apoyados tambi\u00e9n en la Constituci\u00f3n Nacional, le recuerdan sus funciones y les reiteran su invitaci\u00f3n a \u201csentirse parte de un pueblo al que hay que defender y servir, actuando de acuerdo a su propia conciencia\u201d.<o:p><\/o:p><\/span><\/p>\n<h2 style=\"margin-top: 0cm; line-height: normal; background-image: initial; background-position: initial; background-size: initial; background-repeat: initial; background-attachment: initial; background-origin: initial; background-clip: initial; box-sizing: border-box; -webkit-tap-highlight-color: rgba(0, 0, 0, 0);\"><span style=\"font-size:11.0pt;\nfont-family:\"Calibri\",sans-serif;mso-ascii-theme-font:minor-latin;mso-hansi-theme-font:\nminor-latin;mso-bidi-theme-font:minor-latin;color:#373737\">\u00a0<\/span><\/h2>\n<h2 style=\"margin-top: 0cm; text-align: justify; line-height: normal; background-image: initial; background-position: initial; background-size: initial; background-repeat: initial; background-attachment: initial; background-origin: initial; background-clip: initial;\"><b><span style=\"font-size:11.0pt;\nfont-family:\"Calibri\",sans-serif;mso-ascii-theme-font:minor-latin;mso-hansi-theme-font:\nminor-latin;mso-bidi-theme-font:minor-latin;color:#373737\">Grave, ilegal e irresponsable el llamado a los \u00abcolectivos\u00bb<o:p><\/o:p><\/span><\/b><\/h2>\n<p style=\"margin: 0cm 0cm 0.0001pt; text-align: justify; background-image: initial; background-position: initial; background-size: initial; background-repeat: initial; background-attachment: initial; background-origin: initial; background-clip: initial;\"><span style=\"font-size:11.0pt;font-family:\"Calibri\",sans-serif;mso-ascii-theme-font:\nminor-latin;mso-hansi-theme-font:minor-latin;mso-bidi-theme-font:minor-latin;\ncolor:#373737\">En relaci\u00f3n a las leg\u00edtimas y m\u00faltiples protestas de los ciudadanos, que \u201cmanifiestan el descontento generalizado ante la falta de respuestas de los organismos del Estado\u201d, se hacen eco del clamor de la gente que pide un cambio pol\u00edtico ante el empeoramiento de la situaci\u00f3n, y califican de grave, ilegal e irresponsable el llamado a los \u201ccolectivos\u201d a reprimir a la gente cuando reclama leg\u00edtimamente sus derechos fundamentales.<o:p><\/o:p><\/span><\/p>\n<h2 style=\"margin-top: 0cm; line-height: normal; background-image: initial; background-position: initial; background-size: initial; background-repeat: initial; background-attachment: initial; background-origin: initial; background-clip: initial; box-sizing: border-box; -webkit-tap-highlight-color: rgba(0, 0, 0, 0);\"><span style=\"font-size:11.0pt;\nfont-family:\"Calibri\",sans-serif;mso-ascii-theme-font:minor-latin;mso-hansi-theme-font:\nminor-latin;mso-bidi-theme-font:minor-latin;color:#373737\">\u00a0<\/span><\/h2>\n<h2 style=\"margin-top: 0cm; text-align: justify; line-height: normal; background-image: initial; background-position: initial; background-size: initial; background-repeat: initial; background-attachment: initial; background-origin: initial; background-clip: initial;\"><b><span style=\"font-size:11.0pt;\nfont-family:\"Calibri\",sans-serif;mso-ascii-theme-font:minor-latin;mso-hansi-theme-font:\nminor-latin;mso-bidi-theme-font:minor-latin;color:#373737\">Quienes atentan contra los hermanos salgan de la oscuridad<o:p><\/o:p><\/span><\/b><\/h2>\n<p style=\"margin: 0cm 0cm 0.0001pt; background-image: initial; background-position: initial; background-size: initial; background-repeat: initial; background-attachment: initial; background-origin: initial; background-clip: initial; box-sizing: border-box; -webkit-tap-highlight-color: rgba(0, 0, 0, 0);\"><span style=\"font-size:11.0pt;\nfont-family:\"Calibri\",sans-serif;mso-ascii-theme-font:minor-latin;mso-hansi-theme-font:\nminor-latin;mso-bidi-theme-font:minor-latin;color:#373737\">Por \u00faltimo, en este tiempo de Cuaresma, en que Cristo nos invita a la conversi\u00f3n, invitan a \u201csalir de su oscuridad a quienes est\u00e1n atentando contra los hermanos con delitos de lesa humanidad\u201d: \u201cPara ello, es necesario tender puentes y derribar muros de divisi\u00f3n, en la edificaci\u00f3n de una patria que sea casa para todos. Es nuestro desaf\u00edo, \u00bflo asumiremos?\u201d, preguntan.<o:p><\/o:p><\/span><\/p>\n<p style=\"margin: 0cm 0cm 0.0001pt; background-image: initial; background-position: initial; background-size: initial; background-repeat: initial; background-attachment: initial; background-origin: initial; background-clip: initial; box-sizing: border-box; -webkit-tap-highlight-color: rgba(0, 0, 0, 0);\"><span style=\"font-size:11.0pt;\nfont-family:\"Calibri\",sans-serif;mso-ascii-theme-font:minor-latin;mso-hansi-theme-font:\nminor-latin;mso-bidi-theme-font:minor-latin;color:#373737\">\u00a0<\/span><\/p>\n<p style=\"margin: 0cm 0cm 0.0001pt; text-align: justify; background-image: initial; background-position: initial; background-size: initial; background-repeat: initial; background-attachment: initial; background-origin: initial; background-clip: initial;\"><span style=\"font-size:11.0pt;font-family:\"Calibri\",sans-serif;mso-ascii-theme-font:\nminor-latin;mso-hansi-theme-font:minor-latin;mso-bidi-theme-font:minor-latin;\ncolor:#373737\">El mensaje est\u00e1 firmado por la Presidencia de la CEV, en la persona de Mons. Jos\u00e9 Luis Azuaje Ayala, Arzobispo de Maracaibo y Presidente; Mons. Mario Moronta Rodr\u00edguez, Obispo de San Crist\u00f3bal y 1\u00b0 Vicepresidente; Mons. Ra\u00fal Biord Castillo, Obispo de La Guaira y 2\u00b0 Vicepresidente, y Mons. Jos\u00e9 Trinidad Fern\u00e1ndez Angulo, Obispo Auxiliar de Caracas y Secretario General de la CEV.<o:p><\/o:p><\/span><\/p>\n<p class=\"MsoNormal\" style=\"margin-bottom:0cm;margin-bottom:.0001pt;text-align:\njustify;line-height:normal\"><o:p>\u00a0<\/o:p><\/p>\n<p><i style=\"text-align: justify;\">Tomado de: VATICAN NEWS. Por <span style=\"color: rgb(55, 55, 55); background-image: initial; background-position: initial; background-size: initial; background-repeat: initial; background-attachment: initial; background-origin: initial; background-clip: initial;\">Griselda Mutual. Ciudad del Vaticano. <\/span><span style=\"color: rgb(55, 55, 55); background-image: initial; background-position: initial; background-size: initial; background-repeat: initial; background-attachment: initial; background-origin: initial; background-clip: initial;\">03 de abril de 2019<\/span>.<\/i>\u00a0<\/p>\n<p><a href=\"http:\/\/web.hilo.org.pe\/wp-content\/uploads\/cq5dam.thumbnail.cropped.1000.563.jpeg\" target=\"_blank\" rel=\"noopener\">Ver archivo adjunto<\/a><\/p>\n","protected":false},"excerpt":{"rendered":"<p>Mensaje de los obispos de la Conferencia Episcopal Venezolana sobre la grave crisis socioecon\u00f3mica y pol\u00edtica del pa\u00eds y la violaci\u00f3n de los derechos humanos.<\/p>\n","protected":false},"author":1,"featured_media":5502,"comment_status":"closed","ping_status":"closed","sticky":false,"template":"","format":"standard","meta":{"footnotes":""},"categories":[9],"tags":[],"class_list":["post-3230","post","type-post","status-publish","format-standard","has-post-thumbnail","hentry","category-noticias"],"_links":{"self":[{"href":"https:\/\/ceas.org.pe\/index.php\/wp-json\/wp\/v2\/posts\/3230","targetHints":{"allow":["GET"]}}],"collection":[{"href":"https:\/\/ceas.org.pe\/index.php\/wp-json\/wp\/v2\/posts"}],"about":[{"href":"https:\/\/ceas.org.pe\/index.php\/wp-json\/wp\/v2\/types\/post"}],"author":[{"embeddable":true,"href":"https:\/\/ceas.org.pe\/index.php\/wp-json\/wp\/v2\/users\/1"}],"replies":[{"embeddable":true,"href":"https:\/\/ceas.org.pe\/index.php\/wp-json\/wp\/v2\/comments?post=3230"}],"version-history":[{"count":1,"href":"https:\/\/ceas.org.pe\/index.php\/wp-json\/wp\/v2\/posts\/3230\/revisions"}],"predecessor-version":[{"id":5988,"href":"https:\/\/ceas.org.pe\/index.php\/wp-json\/wp\/v2\/posts\/3230\/revisions\/5988"}],"wp:featuredmedia":[{"embeddable":true,"href":"https:\/\/ceas.org.pe\/index.php\/wp-json\/wp\/v2\/media\/5502"}],"wp:attachment":[{"href":"https:\/\/ceas.org.pe\/index.php\/wp-json\/wp\/v2\/media?parent=3230"}],"wp:term":[{"taxonomy":"category","embeddable":true,"href":"https:\/\/ceas.org.pe\/index.php\/wp-json\/wp\/v2\/categories?post=3230"},{"taxonomy":"post_tag","embeddable":true,"href":"https:\/\/ceas.org.pe\/index.php\/wp-json\/wp\/v2\/tags?post=3230"}],"curies":[{"name":"wp","href":"https:\/\/api.w.org\/{rel}","templated":true}]}}