{"id":3229,"date":"2019-04-03T11:32:08","date_gmt":"2019-04-03T11:32:08","guid":{"rendered":""},"modified":"2026-03-11T09:11:55","modified_gmt":"2026-03-11T14:11:55","slug":"el-papa-francisco-sobre-deporte-ese-lenguaje-universal-que-abraza-une-y-supera-conflictos","status":"publish","type":"post","link":"https:\/\/ceas.org.pe\/index.php\/2019\/04\/03\/el-papa-francisco-sobre-deporte-ese-lenguaje-universal-que-abraza-une-y-supera-conflictos\/","title":{"rendered":"El Papa Francisco sobre deporte: ese lenguaje universal que abraza, une y supera conflictos"},"content":{"rendered":"<p style=\"margin: 0cm 0cm 0.0001pt; text-align: justify; background-image: initial; background-position: initial; background-size: initial; background-repeat: initial; background-attachment: initial; background-origin: initial; background-clip: initial;\"><span style=\"font-size:11.0pt;font-family:\"Calibri\",sans-serif;mso-ascii-theme-font:\nminor-latin;mso-hansi-theme-font:minor-latin;mso-bidi-theme-font:minor-latin;\ncolor:#373737\">\u201cEl deporte es un lenguaje universal que abraza a todos los pueblos y contribuye a superar los conflictos y a unir a las personas\u201d. Esta ma\u00f1ana, al final de la tradicional Audiencia General de los mi\u00e9rcoles, Su Santidad el Papa Francisco ha recordado el VI D\u00eda Mundial del Deporte para la Paz y el Desarrollo, establecido por las Naciones Unidas para ser celebrado cada 6 de abril.<o:p><\/o:p><\/span><\/p>\n<p style=\"margin: 0cm 0cm 0.0001pt; text-align: justify; background-image: initial; background-position: initial; background-size: initial; background-repeat: initial; background-attachment: initial; background-origin: initial; background-clip: initial;\"><span style=\"font-size:11.0pt;font-family:\"Calibri\",sans-serif;mso-ascii-theme-font:\nminor-latin;mso-hansi-theme-font:minor-latin;mso-bidi-theme-font:minor-latin;\ncolor:#373737\">\u00a0<\/span><\/p>\n<p style=\"margin: 0cm 0cm 0.0001pt; background-image: initial; background-position: initial; background-size: initial; background-repeat: initial; background-attachment: initial; background-origin: initial; background-clip: initial; box-sizing: border-box; -webkit-tap-highlight-color: rgba(0, 0, 0, 0);\"><span style=\"font-size:11.0pt;\nfont-family:\"Calibri\",sans-serif;mso-ascii-theme-font:minor-latin;mso-hansi-theme-font:\nminor-latin;mso-bidi-theme-font:minor-latin;color:#373737\">Frente a los fieles presentes en la Plaza de San Pedro, el Papa ha continuado diciendo que el deporte tambi\u00e9n es \u201cfuente de alegr\u00eda y de grandes emociones\u201d as\u00ed como \u201cuna escuela\u201d donde se forjan las virtudes para el crecimiento humano y social de las personas y las comunidades. \u201cEspero que todos \u2018entren en juego\u2019 en la vida como en el deporte\u201d ha finalizado.<o:p><\/o:p><\/span><\/p>\n<h2 style=\"margin-top: 0cm; line-height: normal; background-image: initial; background-position: initial; background-size: initial; background-repeat: initial; background-attachment: initial; background-origin: initial; background-clip: initial; box-sizing: border-box; -webkit-tap-highlight-color: rgba(0, 0, 0, 0);\"><b><span style=\"font-size:\n11.0pt;font-family:\"Calibri\",sans-serif;mso-ascii-theme-font:minor-latin;\nmso-hansi-theme-font:minor-latin;mso-bidi-theme-font:minor-latin;color:#373737\">\u00a0<\/span><\/b><\/h2>\n<h2 style=\"margin-top: 0cm; text-align: justify; line-height: normal; background-image: initial; background-position: initial; background-size: initial; background-repeat: initial; background-attachment: initial; background-origin: initial; background-clip: initial;\"><b><span style=\"font-size:11.0pt;font-family:\"Calibri\",sans-serif;\nmso-ascii-theme-font:minor-latin;mso-hansi-theme-font:minor-latin;mso-bidi-theme-font:\nminor-latin;color:#373737\">El deporte: un derecho fundamental<\/span><\/b><span style=\"font-size:11.0pt;font-family:\"Calibri\",sans-serif;mso-ascii-theme-font:\nminor-latin;mso-hansi-theme-font:minor-latin;mso-bidi-theme-font:minor-latin;\ncolor:#373737\"><o:p><\/o:p><\/span><\/h2>\n<p style=\"margin: 0cm 0cm 0.0001pt; background-image: initial; background-position: initial; background-size: initial; background-repeat: initial; background-attachment: initial; background-origin: initial; background-clip: initial; box-sizing: border-box; -webkit-tap-highlight-color: rgba(0, 0, 0, 0);\"><span style=\"font-size:11.0pt;\nfont-family:\"Calibri\",sans-serif;mso-ascii-theme-font:minor-latin;mso-hansi-theme-font:\nminor-latin;mso-bidi-theme-font:minor-latin;color:#373737\">El deporte, desde siempre, ha ocupado un papel fundamental en todas las sociedades. Se trata de un Derecho Humano que debe ser respetado y aplicado. Todos los seres humanos, hombres y mujeres, tienen derecho a su acceso y participaci\u00f3n, sin embargo, a\u00fan en pleno siglo XXI, su acceso no es respetado en algunas partes del mundo y sigue siendo uno de los \u00e1mbitos menos evolucionados en cuesti\u00f3n de igualdad, donde a ni\u00f1as y mujeres se les niega el derecho de practicarlo, teniendo que renunciar a sus beneficios.<o:p><\/o:p><\/span><\/p>\n<p style=\"margin: 0cm 0cm 0.0001pt; background-image: initial; background-position: initial; background-size: initial; background-repeat: initial; background-attachment: initial; background-origin: initial; background-clip: initial; box-sizing: border-box; -webkit-tap-highlight-color: rgba(0, 0, 0, 0);\"><span style=\"font-size:11.0pt;\nfont-family:\"Calibri\",sans-serif;mso-ascii-theme-font:minor-latin;mso-hansi-theme-font:\nminor-latin;mso-bidi-theme-font:minor-latin;color:#373737\">\u00a0<\/span><\/p>\n<p style=\"margin: 0cm 0cm 0.0001pt; text-align: justify; background-image: initial; background-position: initial; background-size: initial; background-repeat: initial; background-attachment: initial; background-origin: initial; background-clip: initial;\"><span style=\"font-size:11.0pt;font-family:\"Calibri\",sans-serif;mso-ascii-theme-font:\nminor-latin;mso-hansi-theme-font:minor-latin;mso-bidi-theme-font:minor-latin;\ncolor:#373737\">Sobre este \u00faltimo aspecto, el a\u00f1o pasado el Dicasterio para los Laicos, la Familia y la Vida asegur\u00f3 \u2013 a trav\u00e9s del documento \u201cDar lo mejor de uno mismo\u201d \u2013 que el deporte \u201cse ha convertido en un derecho para todos, no solo para los j\u00f3venes con salud y en forma\u201d y que cualquiera que lo desee participar \u201cdeber\u00eda ser capaz de hacerlo\u201d. Un documento en el que tambi\u00e9n presentan el deporte como medio para \u201ccrear una cultura de inclusi\u00f3n\u201d y que se hace especialmente patente \u201cen ni\u00f1os pobres o desplazados, en las personas con discapacidad f\u00edsica o intelectual y en personas sin techo o refugiados\u201d.<o:p><\/o:p><\/span><\/p>\n<h2 style=\"margin-top: 0cm; line-height: normal; background-image: initial; background-position: initial; background-size: initial; background-repeat: initial; background-attachment: initial; background-origin: initial; background-clip: initial; box-sizing: border-box; -webkit-tap-highlight-color: rgba(0, 0, 0, 0);\"><b><span style=\"font-size:\n11.0pt;font-family:\"Calibri\",sans-serif;mso-ascii-theme-font:minor-latin;\nmso-hansi-theme-font:minor-latin;mso-bidi-theme-font:minor-latin;color:#373737\">\u00a0<\/span><\/b><\/h2>\n<h2 style=\"margin-top: 0cm; text-align: justify; line-height: normal; background-image: initial; background-position: initial; background-size: initial; background-repeat: initial; background-attachment: initial; background-origin: initial; background-clip: initial;\"><b><span style=\"font-size:11.0pt;font-family:\"Calibri\",sans-serif;\nmso-ascii-theme-font:minor-latin;mso-hansi-theme-font:minor-latin;mso-bidi-theme-font:\nminor-latin;color:#373737\">El deporte: un medio eficaz para alcanzar la paz<\/span><\/b><span style=\"font-size:11.0pt;font-family:\"Calibri\",sans-serif;mso-ascii-theme-font:\nminor-latin;mso-hansi-theme-font:minor-latin;mso-bidi-theme-font:minor-latin;\ncolor:#373737\"><o:p><\/o:p><\/span><\/h2>\n<p style=\"margin: 0cm 0cm 0.0001pt; background-image: initial; background-position: initial; background-size: initial; background-repeat: initial; background-attachment: initial; background-origin: initial; background-clip: initial; box-sizing: border-box; -webkit-tap-highlight-color: rgba(0, 0, 0, 0);\"><span style=\"font-size:11.0pt;\nfont-family:\"Calibri\",sans-serif;mso-ascii-theme-font:minor-latin;mso-hansi-theme-font:\nminor-latin;mso-bidi-theme-font:minor-latin;color:#373737\">El deporte como lenguaje universal puede servir para promover la paz, la tolerancia y la comprensi\u00f3n m\u00e1s all\u00e1 de fronteras, culturas y religiones y a pesar de que no puede por s\u00ed mismo resolver conflictos, puede, sin embargo, ser un medio efectivo y rentable para aliviar o facilitar la vuelta a la normalidad. Sobre este v\u00ednculo entre el deporte y la paz habl\u00f3 el Papa Francisco en su intenci\u00f3n de oraci\u00f3n de agosto de 2016: \u00abcon el deporte es posible construir la cultura del encuentro entre todos por un mundo de paz\u00bb. Intenci\u00f3n en la que expres\u00f3 adem\u00e1s su deseo de que el deporte sea una pr\u00e1ctica de la dignidad humana convertida en un veh\u00edculo de fraternidad: \u201cQue el deporte fomente el encuentro fraternal entre los pueblos y contribuya a la paz en el mundo\u00bb.<o:p><\/o:p><\/span><\/p>\n<h2 style=\"margin-top: 0cm; line-height: normal; background-image: initial; background-position: initial; background-size: initial; background-repeat: initial; background-attachment: initial; background-origin: initial; background-clip: initial; box-sizing: border-box; -webkit-tap-highlight-color: rgba(0, 0, 0, 0);\"><b><span style=\"font-size:\n11.0pt;font-family:\"Calibri\",sans-serif;mso-ascii-theme-font:minor-latin;\nmso-hansi-theme-font:minor-latin;mso-bidi-theme-font:minor-latin;color:#373737\">\u00a0<\/span><\/b><\/h2>\n<h2 style=\"margin-top: 0cm; text-align: justify; line-height: normal; background-image: initial; background-position: initial; background-size: initial; background-repeat: initial; background-attachment: initial; background-origin: initial; background-clip: initial;\"><b><span style=\"font-size:11.0pt;font-family:\"Calibri\",sans-serif;\nmso-ascii-theme-font:minor-latin;mso-hansi-theme-font:minor-latin;mso-bidi-theme-font:\nminor-latin;color:#373737\">Marat\u00f3n de Roma 7 de abril de 2019<\/span><\/b><span style=\"font-size:11.0pt;font-family:\"Calibri\",sans-serif;mso-ascii-theme-font:\nminor-latin;mso-hansi-theme-font:minor-latin;mso-bidi-theme-font:minor-latin;\ncolor:#373737\"><o:p><\/o:p><\/span><\/h2>\n<p style=\"margin: 0cm 0cm 0.0001pt; background-image: initial; background-position: initial; background-size: initial; background-repeat: initial; background-attachment: initial; background-origin: initial; background-clip: initial; box-sizing: border-box; -webkit-tap-highlight-color: rgba(0, 0, 0, 0);\"><span style=\"font-size:11.0pt;\nfont-family:\"Calibri\",sans-serif;mso-ascii-theme-font:minor-latin;mso-hansi-theme-font:\nminor-latin;mso-bidi-theme-font:minor-latin;color:#373737\">Este domingo 7 de abril, la capital italiana acoger\u00e1 la XXV Marat\u00f3n Internacional en la que participar\u00e1n m\u00e1s de 10.000 personas procedentes de Italia y de otras 88 nacionalidades. Como una de las iniciativas para promover el deporte, la Marat\u00f3n ha sido organizada por la Federaci\u00f3n Italiana de Atletismo por invitaci\u00f3n y bajo el patrocinio de Roma Capitale. La carrera comprende una distancia total de 42.195 kil\u00f3metros y comenzar\u00e1 a las 8.30 am desde Via dei Fori Imperiali.<o:p><\/o:p><\/span><\/p>\n<p class=\"MsoNormal\" style=\"margin-bottom:0cm;margin-bottom:.0001pt;text-align:\njustify;line-height:normal\"><o:p>\u00a0<\/o:p><\/p>\n<p><i style=\"text-align: justify;\">Tomado de: VATICAN NEWS. Por <span style=\"color: rgb(55, 55, 55); background-image: initial; background-position: initial; background-size: initial; background-repeat: initial; background-attachment: initial; background-origin: initial; background-clip: initial;\">Mireia Bonilla. Ciudad del Vaticano. <\/span><span style=\"color: rgb(55, 55, 55); background-image: initial; background-position: initial; background-size: initial; background-repeat: initial; background-attachment: initial; background-origin: initial; background-clip: initial;\">03 de abril de 2019<\/span>.<\/i>\u00a0<\/p>\n<p><a href=\"http:\/\/web.hilo.org.pe\/wp-content\/uploads\/cq5dam.thumbnail.cropped.750.422.jpeg\" target=\"_blank\" rel=\"noopener\">Ver archivo adjunto<\/a><\/p>\n","protected":false},"excerpt":{"rendered":"<p>El Papa Francisco recuerda al final de su Audiencia General del 3 de abril de 2019 el VI D\u00eda Mundial del Deporte para la Paz y el Desarrollo que se celebra el pr\u00f3ximo 6 de abril.<\/p>\n","protected":false},"author":1,"featured_media":7855,"comment_status":"closed","ping_status":"closed","sticky":false,"template":"","format":"standard","meta":{"footnotes":""},"categories":[9],"tags":[],"class_list":["post-3229","post","type-post","status-publish","format-standard","has-post-thumbnail","hentry","category-noticias"],"_links":{"self":[{"href":"https:\/\/ceas.org.pe\/index.php\/wp-json\/wp\/v2\/posts\/3229","targetHints":{"allow":["GET"]}}],"collection":[{"href":"https:\/\/ceas.org.pe\/index.php\/wp-json\/wp\/v2\/posts"}],"about":[{"href":"https:\/\/ceas.org.pe\/index.php\/wp-json\/wp\/v2\/types\/post"}],"author":[{"embeddable":true,"href":"https:\/\/ceas.org.pe\/index.php\/wp-json\/wp\/v2\/users\/1"}],"replies":[{"embeddable":true,"href":"https:\/\/ceas.org.pe\/index.php\/wp-json\/wp\/v2\/comments?post=3229"}],"version-history":[{"count":1,"href":"https:\/\/ceas.org.pe\/index.php\/wp-json\/wp\/v2\/posts\/3229\/revisions"}],"predecessor-version":[{"id":5989,"href":"https:\/\/ceas.org.pe\/index.php\/wp-json\/wp\/v2\/posts\/3229\/revisions\/5989"}],"wp:featuredmedia":[{"embeddable":true,"href":"https:\/\/ceas.org.pe\/index.php\/wp-json\/wp\/v2\/media\/7855"}],"wp:attachment":[{"href":"https:\/\/ceas.org.pe\/index.php\/wp-json\/wp\/v2\/media?parent=3229"}],"wp:term":[{"taxonomy":"category","embeddable":true,"href":"https:\/\/ceas.org.pe\/index.php\/wp-json\/wp\/v2\/categories?post=3229"},{"taxonomy":"post_tag","embeddable":true,"href":"https:\/\/ceas.org.pe\/index.php\/wp-json\/wp\/v2\/tags?post=3229"}],"curies":[{"name":"wp","href":"https:\/\/api.w.org\/{rel}","templated":true}]}}