{"id":3228,"date":"2019-04-02T17:26:11","date_gmt":"2019-04-02T17:26:11","guid":{"rendered":""},"modified":"2026-03-11T09:11:55","modified_gmt":"2026-03-11T14:11:55","slug":"conferencia-episcopal-peruana-lamenta-fallecimiento-del-religioso-britanico-paul-mcauley-en-iquitos","status":"publish","type":"post","link":"https:\/\/ceas.org.pe\/index.php\/2019\/04\/02\/conferencia-episcopal-peruana-lamenta-fallecimiento-del-religioso-britanico-paul-mcauley-en-iquitos\/","title":{"rendered":"Conferencia Episcopal Peruana lamenta fallecimiento del religioso brit\u00e1nico Paul Mcauley en Iquitos"},"content":{"rendered":"<p class=\"m-7212939960864876418gmail-m692606012034176627gmail-msonospacing\" style=\"margin:0cm;margin-bottom:.0001pt;text-align:justify\"><span style=\"font-size: 11pt; font-family: Calibri, sans-serif;\">El Hermano Paul McAuley, presidente de la Red Ambiental Loretana y asesor de la Organizaci\u00f3n de Estudiantes de la Amazon\u00eda Peruana, fue un conocido defensor del medio ambiente, identificado plenamente con la realidad de la Regi\u00f3n Loreto y la problem\u00e1tica de los Pueblos Ind\u00edgenas. <\/span><span style=\"font-size:11.0pt;font-family:\"Calibri\",sans-serif;mso-ascii-theme-font:\nminor-latin;mso-hansi-theme-font:minor-latin;mso-bidi-theme-font:minor-latin\"><o:p><\/o:p><\/span><\/p>\n<p class=\"m-7212939960864876418gmail-m692606012034176627gmail-msonospacing\" style=\"margin:0cm;margin-bottom:.0001pt;text-align:justify;background-image:\ninitial;background-position:initial;background-size:initial;background-repeat:\ninitial;background-origin:initial;background-clip:initial\"><span style=\"font-size: 11pt; font-family: Calibri, sans-serif;\">\u00a0<\/span><span style=\"font-size:11.0pt;font-family:\"Calibri\",sans-serif;\nmso-ascii-theme-font:minor-latin;mso-hansi-theme-font:minor-latin;mso-bidi-theme-font:\nminor-latin\"><o:p><\/o:p><\/span><\/p>\n<p class=\"m-7212939960864876418gmail-m692606012034176627gmail-msonospacing\" style=\"margin:0cm;margin-bottom:.0001pt;text-align:justify;background-image:\ninitial;background-position:initial;background-size:initial;background-repeat:\ninitial;background-origin:initial;background-clip:initial\"><span style=\"font-size: 11pt; font-family: Calibri, sans-serif;\">Naci\u00f3 en Portsmouth, Inglaterra, el 29 de octubre de 1947. Fil\u00f3sofo y matem\u00e1tico con maestr\u00eda en teolog\u00eda, se traslad\u00f3 al Per\u00fa en 1995 y se intern\u00f3 en Zapallal, distrito de Puente Piedra, Lima, donde fund\u00f3 el colegio Fe y Alegr\u00eda N\u00b0 43, en un sector de asentamientos humanos. Posteriormente, trabaj\u00f3 en Moyobamba y San Jos\u00e9 de Amazonas. <\/span><span style=\"font-size:\n11.0pt;font-family:\"Calibri\",sans-serif;mso-ascii-theme-font:minor-latin;\nmso-hansi-theme-font:minor-latin;mso-bidi-theme-font:minor-latin\"><o:p><\/o:p><\/span><\/p>\n<p class=\"m-7212939960864876418gmail-m692606012034176627gmail-msonospacing\" style=\"margin:0cm;margin-bottom:.0001pt;text-align:justify;background-image:\ninitial;background-position:initial;background-size:initial;background-repeat:\ninitial;background-origin:initial;background-clip:initial\"><span style=\"font-size: 11pt; font-family: Calibri, sans-serif;\">\u00a0<\/span><span style=\"font-size:11.0pt;font-family:\"Calibri\",sans-serif;\nmso-ascii-theme-font:minor-latin;mso-hansi-theme-font:minor-latin;mso-bidi-theme-font:\nminor-latin\"><o:p><\/o:p><\/span><\/p>\n<p class=\"m-7212939960864876418gmail-m692606012034176627gmail-msonospacing\" style=\"margin:0cm;margin-bottom:.0001pt;text-align:justify;background-image:\ninitial;background-position:initial;background-size:initial;background-repeat:\ninitial;background-origin:initial;background-clip:initial\"><span style=\"font-size: 11pt; font-family: Calibri, sans-serif;\">En los \u00faltimos 19 a\u00f1os, el Hermano Paul McAuley vivi\u00f3 en Iquitos (Loreto). All\u00ed desempe\u00f1\u00f3 la labor de asesor en la radio La Voz de la Selva, del Instituto Superior Pedag\u00f3gico P\u00fablico Loreto, a cargo de los Hermanos de La Salle. Particip\u00f3 de diversos proyectos de desarrollo en los pueblos ribere\u00f1os del Amazonas y del Huallaga (San Mart\u00edn). Asimismo, dedic\u00f3 sus esfuerzos a conseguir m\u00e1s fondos para que los estudiantes ind\u00edgenas que llegaban a Iquitos a estudiar no desertaran por motivos econ\u00f3micos.<\/span><span style=\"font-size:\n11.0pt;font-family:\"Calibri\",sans-serif;mso-ascii-theme-font:minor-latin;\nmso-hansi-theme-font:minor-latin;mso-bidi-theme-font:minor-latin\"><o:p><\/o:p><\/span><\/p>\n<p class=\"m-7212939960864876418gmail-m692606012034176627gmail-msonospacing\" style=\"margin:0cm;margin-bottom:.0001pt;text-align:justify;background-image:\ninitial;background-position:initial;background-size:initial;background-repeat:\ninitial;background-origin:initial;background-clip:initial\"><span style=\"font-size: 11pt; font-family: Calibri, sans-serif;\">\u00a0<\/span><span style=\"font-size:11.0pt;font-family:\"Calibri\",sans-serif;\nmso-ascii-theme-font:minor-latin;mso-hansi-theme-font:minor-latin;mso-bidi-theme-font:\nminor-latin\"><o:p><\/o:p><\/span><\/p>\n<p class=\"m-7212939960864876418gmail-m692606012034176627gmail-msonospacing\" style=\"margin:0cm;margin-bottom:.0001pt;text-align:justify;background-image:\ninitial;background-position:initial;background-size:initial;background-repeat:\ninitial;background-origin:initial;background-clip:initial\"><span style=\"font-size: 11pt; font-family: Calibri, sans-serif;\">La Conferencia Episcopal Peruana expresa sus condolencias al Hermano Visitador, Jorge Aguilar, superior de la congregaci\u00f3n en el Per\u00fa y a todos los Hermanos de la Salle.<\/span><span style=\"font-size:11.0pt;font-family:\n\"Calibri\",sans-serif;mso-ascii-theme-font:minor-latin;mso-hansi-theme-font:\nminor-latin;mso-bidi-theme-font:minor-latin\"><o:p><\/o:p><\/span><\/p>\n<p class=\"m-7212939960864876418gmail-m692606012034176627gmail-msonospacing\" style=\"margin:0cm;margin-bottom:.0001pt;text-align:justify;background-image:\ninitial;background-position:initial;background-size:initial;background-repeat:\ninitial;background-origin:initial;background-clip:initial\"><span style=\"font-size: 11pt; font-family: Calibri, sans-serif;\">\u00a0<\/span><span style=\"font-size:11.0pt;font-family:\"Calibri\",sans-serif;\nmso-ascii-theme-font:minor-latin;mso-hansi-theme-font:minor-latin;mso-bidi-theme-font:\nminor-latin\"><o:p><\/o:p><\/span><\/p>\n<p class=\"m-7212939960864876418gmail-m692606012034176627gmail-msonospacing\" style=\"margin:0cm;margin-bottom:.0001pt;text-align:justify;background-image:\ninitial;background-position:initial;background-size:initial;background-repeat:\ninitial;background-origin:initial;background-clip:initial\"><span style=\"font-size: 11pt; font-family: Calibri, sans-serif;\">La Conferencia Episcopal Peruana invoca a las autoridades a esclarecer los hechos y hallar a los responsables de este suceso. <\/span><span style=\"font-size:11.0pt;font-family:\"Calibri\",sans-serif;mso-ascii-theme-font:\nminor-latin;mso-hansi-theme-font:minor-latin;mso-bidi-theme-font:minor-latin\"><o:p><\/o:p><\/span><\/p>\n<p class=\"m-7212939960864876418gmail-m692606012034176627gmail-msonospacing\" style=\"margin:0cm;margin-bottom:.0001pt;text-align:justify;background-image:\ninitial;background-position:initial;background-size:initial;background-repeat:\ninitial;background-origin:initial;background-clip:initial\"><span style=\"font-size: 11pt; font-family: Calibri, sans-serif;\">\u00a0<\/span><span style=\"font-size:11.0pt;font-family:\"Calibri\",sans-serif;\nmso-ascii-theme-font:minor-latin;mso-hansi-theme-font:minor-latin;mso-bidi-theme-font:\nminor-latin\"><o:p><\/o:p><\/span><\/p>\n<p class=\"m-7212939960864876418gmail-m692606012034176627gmail-msonospacing\" style=\"margin:0cm;margin-bottom:.0001pt;text-align:justify;background-image:\ninitial;background-position:initial;background-size:initial;background-repeat:\ninitial;background-origin:initial;background-clip:initial\"><i><span style=\"font-size: 11pt; font-family: Calibri, sans-serif;\">Conferencia Episcopal Peruana<\/span><\/i><i><span style=\"font-size:11.0pt;font-family:\n\"Calibri\",sans-serif;mso-ascii-theme-font:minor-latin;mso-hansi-theme-font:\nminor-latin;mso-bidi-theme-font:minor-latin\">. Oficina de Prensa. 2 de marzo de 2019.<o:p><\/o:p><\/span><\/i><\/p>\n<p><span style=\"font-family: Calibri, sans-serif; font-size: 11pt; text-align: justify;\">\u00a0<\/span>\u00a0<\/p>\n<p><a href=\"http:\/\/web.hilo.org.pe\/wp-content\/uploads\/PAUL_MC_AULEY-3 web.jpg\" target=\"_blank\" rel=\"noopener\">Ver archivo adjunto<\/a><\/p>\n","protected":false},"excerpt":{"rendered":"<p>La Conferencia Episcopal Peruana lamenta el fallecimiento del religioso brit\u00e1nico, Hermano Paul McAuley, del Instituto de los Hermanos de las Escuelas Cristianas \u2013 La Salle, quien fue encontrado sin vida este martes 2 de abril dentro de la Comunidad Estudiantil Intercultural \u201cLa Salle\u201d, ubicada en el distrito de Bel\u00e9n en Iquitos, Loreto.<\/p>\n","protected":false},"author":1,"featured_media":7951,"comment_status":"closed","ping_status":"closed","sticky":false,"template":"","format":"standard","meta":{"footnotes":""},"categories":[9],"tags":[],"class_list":["post-3228","post","type-post","status-publish","format-standard","has-post-thumbnail","hentry","category-noticias"],"_links":{"self":[{"href":"https:\/\/ceas.org.pe\/index.php\/wp-json\/wp\/v2\/posts\/3228","targetHints":{"allow":["GET"]}}],"collection":[{"href":"https:\/\/ceas.org.pe\/index.php\/wp-json\/wp\/v2\/posts"}],"about":[{"href":"https:\/\/ceas.org.pe\/index.php\/wp-json\/wp\/v2\/types\/post"}],"author":[{"embeddable":true,"href":"https:\/\/ceas.org.pe\/index.php\/wp-json\/wp\/v2\/users\/1"}],"replies":[{"embeddable":true,"href":"https:\/\/ceas.org.pe\/index.php\/wp-json\/wp\/v2\/comments?post=3228"}],"version-history":[{"count":1,"href":"https:\/\/ceas.org.pe\/index.php\/wp-json\/wp\/v2\/posts\/3228\/revisions"}],"predecessor-version":[{"id":5990,"href":"https:\/\/ceas.org.pe\/index.php\/wp-json\/wp\/v2\/posts\/3228\/revisions\/5990"}],"wp:featuredmedia":[{"embeddable":true,"href":"https:\/\/ceas.org.pe\/index.php\/wp-json\/wp\/v2\/media\/7951"}],"wp:attachment":[{"href":"https:\/\/ceas.org.pe\/index.php\/wp-json\/wp\/v2\/media?parent=3228"}],"wp:term":[{"taxonomy":"category","embeddable":true,"href":"https:\/\/ceas.org.pe\/index.php\/wp-json\/wp\/v2\/categories?post=3228"},{"taxonomy":"post_tag","embeddable":true,"href":"https:\/\/ceas.org.pe\/index.php\/wp-json\/wp\/v2\/tags?post=3228"}],"curies":[{"name":"wp","href":"https:\/\/api.w.org\/{rel}","templated":true}]}}