{"id":3226,"date":"2019-04-02T11:04:27","date_gmt":"2019-04-02T11:04:27","guid":{"rendered":""},"modified":"2026-03-11T09:11:55","modified_gmt":"2026-03-11T14:11:55","slug":"taller-de-formacion-para-prevencion-de-la-tuberculosis","status":"publish","type":"post","link":"https:\/\/ceas.org.pe\/index.php\/2019\/04\/02\/taller-de-formacion-para-prevencion-de-la-tuberculosis\/","title":{"rendered":"Taller de formaci\u00f3n para prevenci\u00f3n de la tuberculosis"},"content":{"rendered":"<p><span style=\"font-family: Calibri, sans-serif; font-size: 11pt; text-align: justify;\">Seg\u00fan la Organizaci\u00f3n Mundial de la Salud, el Per\u00fa es el segundo pa\u00eds m\u00e1s azotado por la enfermedad de la tuberculosis, seguido de Hait\u00ed (2016).<\/span><\/p>\n<p style=\"margin-top:18.0pt;margin-right:0cm;margin-bottom:7.5pt;margin-left:\n0cm;text-align:justify;box-sizing:border-box\"><span style=\"font-size:11.0pt;\nfont-family:\"Calibri\",sans-serif;mso-ascii-theme-font:minor-latin;mso-hansi-theme-font:\nminor-latin;mso-bidi-theme-font:minor-latin;color:black\">Actualmente, es el Callao la primera ciudad con m\u00e1s enfermos de tuberculosis y cuya tasa de mortalidad es la m\u00e1s alta.<o:p><\/o:p><\/span><\/p>\n<p style=\"margin-top:18.0pt;margin-right:0cm;margin-bottom:7.5pt;margin-left:\n0cm;text-align:justify;box-sizing:border-box\"><span style=\"font-size:11.0pt;\nfont-family:\"Calibri\",sans-serif;mso-ascii-theme-font:minor-latin;mso-hansi-theme-font:\nminor-latin;mso-bidi-theme-font:minor-latin;color:black\">As\u00ed como todas las instituciones competentes del sector salud buscan enfrentar esta situaci\u00f3n, la Iglesia del Callao no permanece ajena al sufrimiento que conlleva tener a un familiar con este mal.<o:p><\/o:p><\/span><\/p>\n<p style=\"margin-top:18.0pt;margin-right:0cm;margin-bottom:7.5pt;margin-left:\n0cm;text-align:justify;box-sizing:border-box\"><span style=\"font-size:11.0pt;\nfont-family:\"Calibri\",sans-serif;mso-ascii-theme-font:minor-latin;mso-hansi-theme-font:\nminor-latin;mso-bidi-theme-font:minor-latin;color:black\">Es por eso que, la Pastoral de la Salud de la Di\u00f3cesis del Callao en conjunto con la DEPASA &#8211; Regi\u00f3n Lima Callao, ofrecer\u00e1n\u00a0un Taller de Formaci\u00f3n para la prevenci\u00f3n de la tuberculosis, destinado a los promotores de la salud y agentes pastorales de la di\u00f3cesis chalaca.<o:p><\/o:p><\/span><\/p>\n<p style=\"margin-top:18.0pt;margin-right:0cm;margin-bottom:7.5pt;margin-left:\n0cm;text-align:justify;box-sizing:border-box\"><span style=\"font-size:11.0pt;\nfont-family:\"Calibri\",sans-serif;mso-ascii-theme-font:minor-latin;mso-hansi-theme-font:\nminor-latin;mso-bidi-theme-font:minor-latin;color:black\">La cita para este evento ser\u00e1 el martes 16 de abril, a las 3:00 p.m. en los salones de la Bas\u00edlica \u201cVirgen del Carmen de la Legua\u201d, ubicada entre las avenidas Faucett y Oscar Benavides (ex Colonial).<o:p><\/o:p><\/span><\/p>\n<p style=\"margin-top:18.0pt;margin-right:0cm;margin-bottom:7.5pt;margin-left:\n0cm;text-align:justify;box-sizing:border-box\"><span style=\"font-size:11.0pt;\nfont-family:\"Calibri\",sans-serif;mso-ascii-theme-font:minor-latin;mso-hansi-theme-font:\nminor-latin;mso-bidi-theme-font:minor-latin;color:black\">Este taller tiene como objetivo principal, brindar informaci\u00f3n y capacitaci\u00f3n en el \u00e1mbito parroquial para prevenir los nuevos casos de tuberculosis. Adem\u00e1s, de acompa\u00f1ar a las familias y pacientes para que recuperen su salud, mostrando el rostro misericordioso de Jesucristo.<o:p><\/o:p><\/span><\/p>\n<p class=\"MsoNormal\"><span style=\"mso-fareast-font-family:\"Times New Roman\";\nmso-bidi-font-family:Calibri;mso-bidi-theme-font:minor-latin;color:black\">Inscripciones en: <\/span><span style=\"mso-bidi-font-family:Calibri;mso-bidi-theme-font:minor-latin;\ncolor:black\">993 441 551, 429 4595 (Anexo 107). <br \/>\nPreguntar por el representante de la Pastoral de la Salud, el doctor Roberto Tarazona.\u00a0<o:p><\/o:p><\/span><\/p>\n<p class=\"MsoNormal\" style=\"box-sizing:border-box\"><i style=\"mso-bidi-font-style:\nnormal\"><span style=\"mso-bidi-font-family:Calibri;mso-bidi-theme-font:minor-latin\">Tomado de: <\/span><\/i><i style=\"mso-bidi-font-style:normal\"><span style=\"mso-fareast-font-family:\n\"Times New Roman\";mso-bidi-font-family:Calibri;mso-bidi-theme-font:minor-latin;\ncolor:black\">Di\u00f3cesis del Callao. 29 de marzo de 2019.<span style=\"text-transform:\nuppercase\"><o:p><\/o:p><\/span><\/span><\/i><\/p>\n<p class=\"MsoNormal\"><span style=\"mso-bidi-font-family:Calibri;mso-bidi-theme-font:\nminor-latin\"><o:p>\u00a0<\/o:p><\/span><\/p>\n<p><a href=\"http:\/\/web.hilo.org.pe\/wp-content\/uploads\/Tuberculosisweb.jpg\" target=\"_blank\" rel=\"noopener\">Ver archivo adjunto<\/a><\/p>\n","protected":false},"excerpt":{"rendered":"<p>La Pastoral de la Salud de la Di\u00f3cesis del Callao en conjunto con la DEPASA &#8211; Regi\u00f3n Lima Callao, ofrecer\u00e1n un Taller de Formaci\u00f3n para la prevenci\u00f3n de la tuberculosis, destinado a los promotores de la salud y agentes pastorales de la di\u00f3cesis chalaca.<br \/>\nMartes 16 de abril, a las 3:00 p.m. en los salones de la Bas\u00edlica \u201cVirgen del Carmen de la Legua\u201d.<\/p>\n","protected":false},"author":1,"featured_media":8135,"comment_status":"closed","ping_status":"closed","sticky":false,"template":"","format":"standard","meta":{"footnotes":""},"categories":[9],"tags":[],"class_list":["post-3226","post","type-post","status-publish","format-standard","has-post-thumbnail","hentry","category-noticias"],"_links":{"self":[{"href":"https:\/\/ceas.org.pe\/index.php\/wp-json\/wp\/v2\/posts\/3226","targetHints":{"allow":["GET"]}}],"collection":[{"href":"https:\/\/ceas.org.pe\/index.php\/wp-json\/wp\/v2\/posts"}],"about":[{"href":"https:\/\/ceas.org.pe\/index.php\/wp-json\/wp\/v2\/types\/post"}],"author":[{"embeddable":true,"href":"https:\/\/ceas.org.pe\/index.php\/wp-json\/wp\/v2\/users\/1"}],"replies":[{"embeddable":true,"href":"https:\/\/ceas.org.pe\/index.php\/wp-json\/wp\/v2\/comments?post=3226"}],"version-history":[{"count":1,"href":"https:\/\/ceas.org.pe\/index.php\/wp-json\/wp\/v2\/posts\/3226\/revisions"}],"predecessor-version":[{"id":5992,"href":"https:\/\/ceas.org.pe\/index.php\/wp-json\/wp\/v2\/posts\/3226\/revisions\/5992"}],"wp:featuredmedia":[{"embeddable":true,"href":"https:\/\/ceas.org.pe\/index.php\/wp-json\/wp\/v2\/media\/8135"}],"wp:attachment":[{"href":"https:\/\/ceas.org.pe\/index.php\/wp-json\/wp\/v2\/media?parent=3226"}],"wp:term":[{"taxonomy":"category","embeddable":true,"href":"https:\/\/ceas.org.pe\/index.php\/wp-json\/wp\/v2\/categories?post=3226"},{"taxonomy":"post_tag","embeddable":true,"href":"https:\/\/ceas.org.pe\/index.php\/wp-json\/wp\/v2\/tags?post=3226"}],"curies":[{"name":"wp","href":"https:\/\/api.w.org\/{rel}","templated":true}]}}