{"id":3225,"date":"2019-04-01T12:15:48","date_gmt":"2019-04-01T12:15:48","guid":{"rendered":""},"modified":"2026-03-11T09:11:55","modified_gmt":"2026-03-11T14:11:55","slug":"se-reunieron-para-dialogar-sobre-la-situacion-en-torno-al-conflicto-social-de-las-bambas","status":"publish","type":"post","link":"https:\/\/ceas.org.pe\/index.php\/2019\/04\/01\/se-reunieron-para-dialogar-sobre-la-situacion-en-torno-al-conflicto-social-de-las-bambas\/","title":{"rendered":"Se reunieron para dialogar sobre la situaci\u00f3n en torno al conflicto social de Las Bambas"},"content":{"rendered":"<p class=\"MsoNormal\" style=\"margin-bottom: 0.0001pt; line-height: normal; background-image: initial; background-position: initial; background-size: initial; background-repeat: initial; background-attachment: initial; background-origin: initial; background-clip: initial;\">Primer Ministro Del solar, Monse\u00f1or Cabrejos, Gregorio Rojas y Defensor\u00eda del Pueblo sostuvieron di\u00e1logo sobre el conflicto de Las Bambas<\/p>\n<p class=\"m692606012034176627gmail-msonospacing\" style=\"margin: 0cm 0cm 0.0001pt; text-align: justify; background-image: initial; background-position: initial; background-size: initial; background-repeat: initial; background-attachment: initial; background-origin: initial; background-clip: initial;\">\u00a0<\/p>\n<p class=\"m692606012034176627gmail-msonospacing\" style=\"margin: 0cm 0cm 0.0001pt; text-align: justify; background-image: initial; background-position: initial; background-size: initial; background-repeat: initial; background-attachment: initial; background-origin: initial; background-clip: initial;\"><span style=\"font-size: 11pt; font-family: Calibri, sans-serif;\">El di\u00e1logo se realiz\u00f3 en un ambiente de buena voluntad y entendimiento entre todos los participantes. Monse\u00f1or Cabrejos expres\u00f3 que la Conferencia Episcopal ha aceptado el pedido de las comunidades de Fuerabamba, del Poder Ejecutivo y de la Empresa minera MMG Las Bambas para realizar la labor de facilitaci\u00f3n del di\u00e1logo, con el acompa\u00f1amiento de la Defensor\u00eda del Pueblo. Asimismo, sostuvo que la cita de hoy significa un paso importante para crear las condiciones de un proceso de di\u00e1logo en relaci\u00f3n al conflicto de Las Bambas. A su turno, el Primer Ministro, agradeci\u00f3 a Monse\u00f1or Cabrejos y a la Conferencia Episcopal por apoyar el di\u00e1logo entre las partes. Luego, manifest\u00f3 la disposici\u00f3n del di\u00e1logo del Gobierno para resolver el conflicto.<\/span><o:p><\/o:p><\/p>\n<p class=\"m692606012034176627gmail-msonospacing\" style=\"margin: 0cm 0cm 0.0001pt; text-align: justify; background-image: initial; background-position: initial; background-size: initial; background-repeat: initial; background-attachment: initial; background-origin: initial; background-clip: initial;\"><span style=\"font-size: 11pt; font-family: Calibri, sans-serif;\">\u00a0<\/span><\/p>\n<p class=\"m692606012034176627gmail-msonospacing\" style=\"margin: 0cm 0cm 0.0001pt; text-align: justify; background-image: initial; background-position: initial; background-size: initial; background-repeat: initial; background-attachment: initial; background-origin: initial; background-clip: initial;\"><span style=\"font-size: 11pt; font-family: Calibri, sans-serif;\">El Presidente del Episcopado Peruano anunci\u00f3 que el pr\u00f3ximo s\u00e1bado 6 de abril habr\u00e1 una segunda reuni\u00f3n en la Sede del Episcopado Peruano entre el Gobierno, las comunidades de Fuerabamba, representados por Gregorio Rojas, la empresa minera, y la Defensor\u00eda del Pueblo.<\/span><o:p><\/o:p><\/p>\n<p class=\"m692606012034176627gmail-msonospacing\" style=\"margin: 0cm 0cm 0.0001pt; text-align: justify; background-image: initial; background-position: initial; background-size: initial; background-repeat: initial; background-attachment: initial; background-origin: initial; background-clip: initial; box-sizing: inherit;\"><span style=\"box-sizing: inherit\"><span style=\"font-size: 11pt; font-family: Calibri, sans-serif;\">\u00a0<\/span><o:p><\/o:p><\/span><\/p>\n<p class=\"m692606012034176627gmail-msonospacing\" style=\"margin: 0cm 0cm 0.0001pt; text-align: justify; background-image: initial; background-position: initial; background-size: initial; background-repeat: initial; background-attachment: initial; background-origin: initial; background-clip: initial; box-sizing: inherit;\"><span style=\"box-sizing: inherit\"><span style=\"font-size: 11pt; font-family: Calibri, sans-serif;\">En el inicio de la jornada, Monse\u00f1or Cabrejos se reuni\u00f3 por separado con los representantes de 120 comuneros de Fuerabamba, liderados por el Se\u00f1or Obispo Huaman\u00ed, ex Vicepresidente de la comunidad de Fuerabamba; con el Presidente de la Comunidad de Fuerabamba, Gregorio Rojas, y con el Defensor del Pueblo, Walter Guti\u00e9rrez.<\/span><o:p><\/o:p><\/span><\/p>\n<p class=\"MsoNormal\" style=\"margin-bottom:0cm;margin-bottom:.0001pt;line-height:\nnormal\"><o:p>\u00a0<\/o:p><\/p>\n<p class=\"MsoNormal\" style=\"margin-bottom: 0.0001pt; line-height: normal; background-image: initial; background-position: initial; background-size: initial; background-repeat: initial; background-attachment: initial; background-origin: initial; background-clip: initial;\">\u00a0<\/p>\n<p class=\"MsoNormal\" style=\"margin-bottom:0cm;margin-bottom:.0001pt;line-height:\nnormal\"><i>Tomado de: Conferencia Episcopal Peruana. 1 de abril de 2019.<o:p><\/o:p><\/i><\/p>\n<p class=\"MsoNormal\" style=\"margin-bottom: 0.0001pt; line-height: normal; background-image: initial; background-position: initial; background-size: initial; background-repeat: initial; background-attachment: initial; background-origin: initial; background-clip: initial;\"><o:p><\/o:p><\/p>\n<p><a href=\"http:\/\/web.hilo.org.pe\/wp-content\/uploads\/cep-2-1024x597.jpg\" target=\"_blank\" rel=\"noopener\">Ver archivo adjunto<\/a><\/p>\n","protected":false},"excerpt":{"rendered":"<p>El domingo 31 de marzo a las 6 p.m. se reunieron en la Sede del Episcopado Peruano el Presidente del Consejo de Ministros, Doctor Salvador del Solar, Monse\u00f1or Miguel Cabrejos, Presidente de la Conferencia Episcopal Peruana y Arzobispo de Trujillo, y el Se\u00f1or Gregorio Rojas, Presidente de la Comunidad de Fuerabamba (Apur\u00edmac) para dialogar sobre la situaci\u00f3n en torno al conflicto social de Las Bambas, que lleva m\u00e1s de 50 d\u00edas. A la reuni\u00f3n tambi\u00e9n asistieron los Ministros de Transportes y Comunicaciones, Edmer Trujillo, de Desarrollo e Inclusi\u00f3n Social, Paola Bustamante, y de Salud, Zulema G\u00e1lvez, el Defensor del Pueblo, Doctor Walter Guti\u00e9rrez y el Congresista por Apur\u00edmac, Richard Arce.<\/p>\n","protected":false},"author":1,"featured_media":8134,"comment_status":"closed","ping_status":"closed","sticky":false,"template":"","format":"standard","meta":{"footnotes":""},"categories":[9],"tags":[],"class_list":["post-3225","post","type-post","status-publish","format-standard","has-post-thumbnail","hentry","category-noticias"],"_links":{"self":[{"href":"https:\/\/ceas.org.pe\/index.php\/wp-json\/wp\/v2\/posts\/3225","targetHints":{"allow":["GET"]}}],"collection":[{"href":"https:\/\/ceas.org.pe\/index.php\/wp-json\/wp\/v2\/posts"}],"about":[{"href":"https:\/\/ceas.org.pe\/index.php\/wp-json\/wp\/v2\/types\/post"}],"author":[{"embeddable":true,"href":"https:\/\/ceas.org.pe\/index.php\/wp-json\/wp\/v2\/users\/1"}],"replies":[{"embeddable":true,"href":"https:\/\/ceas.org.pe\/index.php\/wp-json\/wp\/v2\/comments?post=3225"}],"version-history":[{"count":1,"href":"https:\/\/ceas.org.pe\/index.php\/wp-json\/wp\/v2\/posts\/3225\/revisions"}],"predecessor-version":[{"id":5993,"href":"https:\/\/ceas.org.pe\/index.php\/wp-json\/wp\/v2\/posts\/3225\/revisions\/5993"}],"wp:featuredmedia":[{"embeddable":true,"href":"https:\/\/ceas.org.pe\/index.php\/wp-json\/wp\/v2\/media\/8134"}],"wp:attachment":[{"href":"https:\/\/ceas.org.pe\/index.php\/wp-json\/wp\/v2\/media?parent=3225"}],"wp:term":[{"taxonomy":"category","embeddable":true,"href":"https:\/\/ceas.org.pe\/index.php\/wp-json\/wp\/v2\/categories?post=3225"},{"taxonomy":"post_tag","embeddable":true,"href":"https:\/\/ceas.org.pe\/index.php\/wp-json\/wp\/v2\/tags?post=3225"}],"curies":[{"name":"wp","href":"https:\/\/api.w.org\/{rel}","templated":true}]}}