{"id":3224,"date":"2019-03-28T13:53:06","date_gmt":"2019-03-28T13:53:06","guid":{"rendered":""},"modified":"2026-03-11T09:11:55","modified_gmt":"2026-03-11T14:11:55","slug":"no-a-la-criminalizacion-de-la-protesta-primero-son-los-derechos-de-la-comunidad-de-fuerabamba","status":"publish","type":"post","link":"https:\/\/ceas.org.pe\/index.php\/2019\/03\/28\/no-a-la-criminalizacion-de-la-protesta-primero-son-los-derechos-de-la-comunidad-de-fuerabamba\/","title":{"rendered":"No a la criminalizaci\u00f3n de la protesta, primero son los derechos de la Comunidad de Fuerabamba"},"content":{"rendered":"<h2 style=\"margin-top:0cm;line-height:normal;background:white\"><span style=\"font-size:11.0pt;font-family:\"Calibri\",sans-serif;mso-ascii-theme-font:\nminor-latin;mso-hansi-theme-font:minor-latin;mso-bidi-theme-font:minor-latin;\ncolor:black;mso-themecolor:text1\">PRONUNCIAMIENTO: <o:p><\/o:p><\/span><\/h2>\n<h2 style=\"margin-top:0cm;line-height:normal;background:white\"><span style=\"font-size:11.0pt;font-family:\"Calibri\",sans-serif;mso-ascii-theme-font:\nminor-latin;mso-hansi-theme-font:minor-latin;mso-bidi-theme-font:minor-latin;\ncolor:black;mso-themecolor:text1\">No a la criminalizaci\u00f3n de la protesta, primero son los derechos de la Comunidad de Fuerabamba<o:p><\/o:p><\/span><\/h2>\n<p class=\"MsoNormal\" style=\"margin-bottom:0cm;margin-bottom:.0001pt;line-height:\nnormal\"><span style=\"mso-fareast-font-family:\n\"Times New Roman\";mso-bidi-font-family:Calibri;mso-bidi-theme-font:minor-latin;\ncolor:black;mso-themecolor:text1;mso-fareast-language:ES-PE\">La Comunidad Campesina de Fuerabamba se ha esforzado por mantener un proceso de di\u00e1logo y negociaci\u00f3n con la empresa minera china, MMG Las Bambas, a cargo del proyecto minero en Apur\u00edmac, para lograr la atenci\u00f3n de sus leg\u00edtimas demandas por la afectaci\u00f3n de sus derechos fundamentales y colectivos a causa de las actividades mineras y en particular por el impacto ambiental y de salud que genera el transporte del mineral de dicha operaci\u00f3n; por las afectaciones a su territorio, en gran parte por los incumplimientos de los acuerdos por parte de la empresa, sin que haya una respuesta efectiva de parte del gobierno; lo que ha desencadenado en la actual protesta que lleva m\u00e1s de 50 d\u00edas.<o:p><\/o:p><\/span><\/p>\n<p class=\"MsoNormal\" style=\"margin-bottom:0cm;margin-bottom:.0001pt;text-align:\njustify;line-height:normal;background:white\"><span style=\"mso-fareast-font-family:\n\"Times New Roman\";mso-bidi-font-family:Calibri;mso-bidi-theme-font:minor-latin;\ncolor:black;mso-themecolor:text1;mso-fareast-language:ES-PE\">Hasta la fecha, el Estado peruano, nuevamente, no ha cumplido con asumir su rol como garante de derechos fundamentales de las poblaciones y comunidades afectadas; \u00e9sta vez en el caso del proyecto minero Las Bambas. Hace poco el Viceministro de Gobernanza Territorial de la Presidencia del Consejo de Ministros, Ra\u00fal Molina, se\u00f1al\u00f3 que la negociaci\u00f3n entre la comunidad y la empresa minera es un \u201casunto privado\u201d, donde supuestamente el Estado no tiene injerencia. \u00c9stas declaraciones develan la pol\u00edtica de abstenci\u00f3n que maneja el gobierno peruano para resguardar los derechos de las comunidades, y posturas as\u00ed son las que incitan a la conflictividad social.<o:p><\/o:p><\/span><\/p>\n<p class=\"MsoNormal\" style=\"margin-bottom:0cm;margin-bottom:.0001pt;text-align:\njustify;line-height:normal;background:white\"><span style=\"mso-fareast-font-family:\n\"Times New Roman\";mso-bidi-font-family:Calibri;mso-bidi-theme-font:minor-latin;\ncolor:black;mso-themecolor:text1;mso-fareast-language:ES-PE\">En medio de \u00e9sta permanente ausencia estatal para garantizar los derechos de las comunidades; en estos d\u00edas la Polic\u00eda Nacional (PNP) ha detenido en Lima a Gregorio Rojas Paniura, Presidente de la Comunidad Campesina de Fuerabamba; a los abogados Frank An\u00edbal Ch\u00e1vez Sotelo y Jorge Mart\u00edn Ch\u00e1vez Sotelo; y a Carlos Fernando Vargas Arizabal, por orden de la Fiscal\u00eda de Crimen Organizado de Apur\u00edmac; qui\u00e9nes son acusados por los delitos de crimen organizado y extorsi\u00f3n.<o:p><\/o:p><\/span><\/p>\n<p class=\"MsoNormal\" style=\"margin-bottom:0cm;margin-bottom:.0001pt;text-align:\njustify;line-height:normal;background:white\"><span style=\"mso-fareast-font-family:\n\"Times New Roman\";mso-bidi-font-family:Calibri;mso-bidi-theme-font:minor-latin;\ncolor:black;mso-themecolor:text1;mso-fareast-language:ES-PE\">Al respecto, desde la Red Muqui y nuestras instituciones miembros, junto a organizaciones aliadas; mostramos nuestra profunda preocupaci\u00f3n por la detenci\u00f3n del Presidente de la Comunidad Campesina de Fuerabamba, Gregorio Rojas, y de los abogados Ch\u00e1vez Sotelo; debido a la acusaci\u00f3n de que ser\u00edan parte de una \u201corganizaci\u00f3n criminal\u201d, como les imputa la Fiscal\u00eda. Respecto de los abogados; se\u00f1alamos que debe haber una investigaci\u00f3n r\u00e1pida e imparcial para determinar si existen responsabilidades. Se pueden tener diversas estrategias legales, pero consideramos que no se puede criminalizar la defensa de derechos, m\u00e1s a\u00fan cuando se trata de defensa de derechos humanos.<o:p><\/o:p><\/span><\/p>\n<p class=\"MsoNormal\" style=\"margin-bottom:0cm;margin-bottom:.0001pt;text-align:\njustify;line-height:normal;background:white\"><span style=\"mso-fareast-font-family:\n\"Times New Roman\";mso-bidi-font-family:Calibri;mso-bidi-theme-font:minor-latin;\ncolor:black;mso-themecolor:text1;mso-fareast-language:ES-PE\">Estos m\u00e9todos de criminalizaci\u00f3n donde se hace uso ileg\u00edtimo del derecho penal, son una pr\u00e1ctica estatal recurrente para desarticular la organizaci\u00f3n de comunidades que buscan exigir el respeto de sus derechos.<o:p><\/o:p><\/span><\/p>\n<p class=\"MsoNormal\" style=\"margin-bottom:0cm;margin-bottom:.0001pt;text-align:\njustify;line-height:normal;background:white\"><span style=\"mso-fareast-font-family:\n\"Times New Roman\";mso-bidi-font-family:Calibri;mso-bidi-theme-font:minor-latin;\ncolor:black;mso-themecolor:text1;mso-fareast-language:ES-PE\">Finalmente, exigimos al gobierno que reconsidere el pedido de \u201cimponer la fuerza\u201d en el caso Las Bambas; pues una posible intervenci\u00f3n de la PNP y las fuerzas armadas s\u00f3lo agudizar\u00eda m\u00e1s la actual situaci\u00f3n de conflictividad que el gobierno ya ha ocasionado con sus decisiones. Tambi\u00e9n exigimos al gobierno que agote todas las v\u00edas para desarrollar un di\u00e1logo informado y participativo.<o:p><\/o:p><\/span><\/p>\n<p class=\"MsoNormal\" style=\"margin-bottom:0cm;margin-bottom:.0001pt;text-align:\njustify;line-height:normal;background:white\"><b><span style=\"mso-fareast-font-family:\n\"Times New Roman\";mso-bidi-font-family:Calibri;mso-bidi-theme-font:minor-latin;\ncolor:black;mso-themecolor:text1;mso-fareast-language:ES-PE\"><o:p>\u00a0<\/o:p><\/span><\/b><\/p>\n<p class=\"MsoNormal\" style=\"margin-bottom:0cm;margin-bottom:.0001pt;text-align:\njustify;line-height:normal;background:white\"><b><span style=\"mso-fareast-font-family:\n\"Times New Roman\";mso-bidi-font-family:Calibri;mso-bidi-theme-font:minor-latin;\ncolor:black;mso-themecolor:text1;mso-fareast-language:ES-PE\">Firman:<\/span><\/b><span style=\"mso-fareast-font-family:\"Times New Roman\";mso-bidi-font-family:Calibri;\nmso-bidi-theme-font:minor-latin;color:black;mso-themecolor:text1;mso-fareast-language:\nES-PE\"><o:p><\/o:p><\/span><\/p>\n<p class=\"MsoNormal\" style=\"margin:0cm;margin-bottom:.0001pt;text-align:justify;\ntext-indent:0cm;line-height:normal;mso-list:l0 level1 lfo1;tab-stops:list 36.0pt;\nbackground:white\"><!--[if !supportLists]--><span style=\"font-size:10.0pt;\nmso-bidi-font-size:11.0pt;font-family:Symbol;mso-fareast-font-family:Symbol;\nmso-bidi-font-family:Symbol;color:black;mso-themecolor:text1;mso-fareast-language:\nES-PE\"><span style=\"mso-list:Ignore\">\u00b7<span style=\"font:7.0pt \"Times New Roman\"\">\u00a0\u00a0\u00a0\u00a0\u00a0\u00a0\u00a0\u00a0\u00a0\u00a0\u00a0\u00a0\u00a0\u00a0\u00a0\u00a0\u00a0\u00a0\u00a0\u00a0 <\/span><\/span><\/span><!--[endif]--><span style=\"mso-fareast-font-family:\"Times New Roman\";\nmso-bidi-font-family:Calibri;mso-bidi-theme-font:minor-latin;color:black;\nmso-themecolor:text1;mso-fareast-language:ES-PE\"><a href=\"http:\/\/www.aprodeh.org.pe\/\" target=\"_blank\"><span style=\"color:black;\nmso-themecolor:text1;text-decoration:none;text-underline:none\">Asociaci\u00f3n Pro Derechos Humanos (APRODEH)<\/span><\/a><o:p><\/o:p><\/span><\/p>\n<p class=\"MsoNormal\" style=\"margin:0cm;margin-bottom:.0001pt;text-align:justify;\ntext-indent:0cm;line-height:normal;mso-list:l0 level1 lfo1;tab-stops:list 36.0pt;\nbackground:white\"><!--[if !supportLists]--><span style=\"font-size:10.0pt;\nmso-bidi-font-size:11.0pt;font-family:Symbol;mso-fareast-font-family:Symbol;\nmso-bidi-font-family:Symbol;color:black;mso-themecolor:text1;mso-fareast-language:\nES-PE\"><span style=\"mso-list:Ignore\">\u00b7<span style=\"font:7.0pt \"Times New Roman\"\">\u00a0\u00a0\u00a0\u00a0\u00a0\u00a0\u00a0\u00a0\u00a0\u00a0\u00a0\u00a0\u00a0\u00a0\u00a0\u00a0\u00a0\u00a0\u00a0\u00a0 <\/span><\/span><\/span><!--[endif]--><span style=\"mso-fareast-font-family:\"Times New Roman\";\nmso-bidi-font-family:Calibri;mso-bidi-theme-font:minor-latin;color:black;\nmso-themecolor:text1;mso-fareast-language:ES-PE\"><a href=\"http:\/\/marianistasamas.blogspot.pe\/\" target=\"_blank\"><span style=\"color:black;mso-themecolor:text1;text-decoration:none;text-underline:\nnone\">Asociaci\u00f3n Marianista de Acci\u00f3n Social (AMAS) &#8211; La Libertad<\/span><\/a><o:p><\/o:p><\/span><\/p>\n<p class=\"MsoNormal\" style=\"margin:0cm;margin-bottom:.0001pt;text-align:justify;\ntext-indent:0cm;line-height:normal;mso-list:l0 level1 lfo1;tab-stops:list 36.0pt;\nbackground:white\"><!--[if !supportLists]--><span style=\"font-size:10.0pt;\nmso-bidi-font-size:11.0pt;font-family:Symbol;mso-fareast-font-family:Symbol;\nmso-bidi-font-family:Symbol;color:black;mso-themecolor:text1;mso-fareast-language:\nES-PE\"><span style=\"mso-list:Ignore\">\u00b7<span style=\"font:7.0pt \"Times New Roman\"\">\u00a0\u00a0\u00a0\u00a0\u00a0\u00a0\u00a0\u00a0\u00a0\u00a0\u00a0\u00a0\u00a0\u00a0\u00a0\u00a0\u00a0\u00a0\u00a0\u00a0 <\/span><\/span><\/span><!--[endif]--><span style=\"mso-fareast-font-family:\"Times New Roman\";\nmso-bidi-font-family:Calibri;mso-bidi-theme-font:minor-latin;color:black;\nmso-themecolor:text1;mso-fareast-language:ES-PE\"><a href=\"http:\/\/www.laborpascoperu.org.pe\/\" target=\"_blank\"><span style=\"color:black;mso-themecolor:text1;text-decoration:none;text-underline:\nnone\">Centro de Cultura Popular Labor (Pasco)<\/span><\/a><o:p><\/o:p><\/span><\/p>\n<p class=\"MsoNormal\" style=\"margin:0cm;margin-bottom:.0001pt;text-align:justify;\ntext-indent:0cm;line-height:normal;mso-list:l0 level1 lfo1;tab-stops:list 36.0pt;\nbackground:white\"><!--[if !supportLists]--><span style=\"font-size:10.0pt;\nmso-bidi-font-size:11.0pt;font-family:Symbol;mso-fareast-font-family:Symbol;\nmso-bidi-font-family:Symbol;color:black;mso-themecolor:text1;mso-fareast-language:\nES-PE\"><span style=\"mso-list:Ignore\">\u00b7<span style=\"font:7.0pt \"Times New Roman\"\">\u00a0\u00a0\u00a0\u00a0\u00a0\u00a0\u00a0\u00a0\u00a0\u00a0\u00a0\u00a0\u00a0\u00a0\u00a0\u00a0\u00a0\u00a0\u00a0\u00a0 <\/span><\/span><\/span><!--[endif]--><span style=\"mso-fareast-font-family:\"Times New Roman\";\nmso-bidi-font-family:Calibri;mso-bidi-theme-font:minor-latin;color:black;\nmso-themecolor:text1;mso-fareast-language:ES-PE\"><a href=\"http:\/\/www.ceas.org.pe\/\" target=\"_blank\"><span style=\"color:black;\nmso-themecolor:text1;text-decoration:none;text-underline:none\">Comisi\u00f3n Episcopal de Acci\u00f3n Social (CEAS)<\/span><\/a><o:p><\/o:p><\/span><\/p>\n<p class=\"MsoNormal\" style=\"margin:0cm;margin-bottom:.0001pt;text-align:justify;\ntext-indent:0cm;line-height:normal;mso-list:l0 level1 lfo1;tab-stops:list 36.0pt;\nbackground:white\"><!--[if !supportLists]--><span style=\"font-size:10.0pt;\nmso-bidi-font-size:11.0pt;font-family:Symbol;mso-fareast-font-family:Symbol;\nmso-bidi-font-family:Symbol;color:black;mso-themecolor:text1;mso-fareast-language:\nES-PE\"><span style=\"mso-list:Ignore\">\u00b7<span style=\"font:7.0pt \"Times New Roman\"\">\u00a0\u00a0\u00a0\u00a0\u00a0\u00a0\u00a0\u00a0\u00a0\u00a0\u00a0\u00a0\u00a0\u00a0\u00a0\u00a0\u00a0\u00a0\u00a0\u00a0 <\/span><\/span><\/span><!--[endif]--><span style=\"mso-fareast-font-family:\"Times New Roman\";\nmso-bidi-font-family:Calibri;mso-bidi-theme-font:minor-latin;color:black;\nmso-themecolor:text1;mso-fareast-language:ES-PE\"><a href=\"http:\/\/cooperaccion.org.pe\/\" target=\"_blank\"><span style=\"color:black;\nmso-themecolor:text1;text-decoration:none;text-underline:none\">CooperAcci\u00f3n &#8211; Acci\u00f3n Solidaria para el Desarrollo<\/span><\/a><o:p><\/o:p><\/span><\/p>\n<p class=\"MsoNormal\" style=\"margin:0cm;margin-bottom:.0001pt;text-align:justify;\ntext-indent:0cm;line-height:normal;mso-list:l0 level1 lfo1;tab-stops:list 36.0pt;\nbackground:white\"><!--[if !supportLists]--><span style=\"font-size:10.0pt;\nmso-bidi-font-size:11.0pt;font-family:Symbol;mso-fareast-font-family:Symbol;\nmso-bidi-font-family:Symbol;color:black;mso-themecolor:text1;mso-fareast-language:\nES-PE\"><span style=\"mso-list:Ignore\">\u00b7<span style=\"font:7.0pt \"Times New Roman\"\">\u00a0\u00a0\u00a0\u00a0\u00a0\u00a0\u00a0\u00a0\u00a0\u00a0\u00a0\u00a0\u00a0\u00a0\u00a0\u00a0\u00a0\u00a0\u00a0\u00a0 <\/span><\/span><\/span><!--[endif]--><span style=\"mso-fareast-font-family:\"Times New Roman\";\nmso-bidi-font-family:Calibri;mso-bidi-theme-font:minor-latin;color:black;\nmso-themecolor:text1;mso-fareast-language:ES-PE\"><a href=\"http:\/\/derechoshumanos.pe\/\" target=\"_blank\"><span style=\"color:black;\nmso-themecolor:text1;text-decoration:none;text-underline:none\">Coordinadora Nacional de Derechos Humanos (CNDDHH)<\/span><\/a><o:p><\/o:p><\/span><\/p>\n<p class=\"MsoNormal\" style=\"margin:0cm;margin-bottom:.0001pt;text-align:justify;\ntext-indent:0cm;line-height:normal;mso-list:l0 level1 lfo1;tab-stops:list 36.0pt;\nbackground:white\"><!--[if !supportLists]--><span style=\"font-size:10.0pt;\nmso-bidi-font-size:11.0pt;font-family:Symbol;mso-fareast-font-family:Symbol;\nmso-bidi-font-family:Symbol;color:black;mso-themecolor:text1;mso-fareast-language:\nES-PE\"><span style=\"mso-list:Ignore\">\u00b7<span style=\"font:7.0pt \"Times New Roman\"\">\u00a0\u00a0\u00a0\u00a0\u00a0\u00a0\u00a0\u00a0\u00a0\u00a0\u00a0\u00a0\u00a0\u00a0\u00a0\u00a0\u00a0\u00a0\u00a0\u00a0 <\/span><\/span><\/span><!--[endif]--><span style=\"mso-fareast-font-family:\"Times New Roman\";\nmso-bidi-font-family:Calibri;mso-bidi-theme-font:minor-latin;color:black;\nmso-themecolor:text1;mso-fareast-language:ES-PE\"><a href=\"http:\/\/dhsf-cusco.blogspot.pe\/\" target=\"_blank\"><span style=\"color:black;\nmso-themecolor:text1;text-decoration:none;text-underline:none\">Derechos Humanos Sin Fronteras (DHSF) &#8211; Cusco<\/span><\/a><o:p><\/o:p><\/span><\/p>\n<p class=\"MsoNormal\" style=\"margin:0cm;margin-bottom:.0001pt;text-align:justify;\ntext-indent:0cm;line-height:normal;mso-list:l0 level1 lfo1;tab-stops:list 36.0pt;\nbackground:white\"><!--[if !supportLists]--><span style=\"font-size:10.0pt;\nmso-bidi-font-size:11.0pt;font-family:Symbol;mso-fareast-font-family:Symbol;\nmso-bidi-font-family:Symbol;color:black;mso-themecolor:text1;mso-fareast-language:\nES-PE\"><span style=\"mso-list:Ignore\">\u00b7<span style=\"font:7.0pt \"Times New Roman\"\">\u00a0\u00a0\u00a0\u00a0\u00a0\u00a0\u00a0\u00a0\u00a0\u00a0\u00a0\u00a0\u00a0\u00a0\u00a0\u00a0\u00a0\u00a0\u00a0\u00a0 <\/span><\/span><\/span><!--[endif]--><span style=\"mso-fareast-font-family:\"Times New Roman\";\nmso-bidi-font-family:Calibri;mso-bidi-theme-font:minor-latin;color:black;\nmso-themecolor:text1;mso-fareast-language:ES-PE\"><a href=\"http:\/\/www.fedepaz.org\/\" target=\"_blank\"><span style=\"color:black;\nmso-themecolor:text1;text-decoration:none;text-underline:none\">Fundaci\u00f3n Ecum\u00e9nica para el Desarrollo y la Paz (FEDEPAZ)<\/span><\/a><o:p><\/o:p><\/span><\/p>\n<p class=\"MsoNormal\" style=\"margin:0cm;margin-bottom:.0001pt;text-align:justify;\ntext-indent:0cm;line-height:normal;mso-list:l0 level1 lfo1;tab-stops:list 36.0pt;\nbackground:white\"><!--[if !supportLists]--><span style=\"font-size:10.0pt;\nmso-bidi-font-size:11.0pt;font-family:Symbol;mso-fareast-font-family:Symbol;\nmso-bidi-font-family:Symbol;color:black;mso-themecolor:text1;mso-fareast-language:\nES-PE\"><span style=\"mso-list:Ignore\">\u00b7<span style=\"font:7.0pt \"Times New Roman\"\">\u00a0\u00a0\u00a0\u00a0\u00a0\u00a0\u00a0\u00a0\u00a0\u00a0\u00a0\u00a0\u00a0\u00a0\u00a0\u00a0\u00a0\u00a0\u00a0\u00a0 <\/span><\/span><\/span><!--[endif]--><span style=\"mso-fareast-font-family:\"Times New Roman\";\nmso-bidi-font-family:Calibri;mso-bidi-theme-font:minor-latin;color:black;\nmso-themecolor:text1;mso-fareast-language:ES-PE\"><a href=\"http:\/\/www.grufides.org\/\" target=\"_blank\"><span style=\"color:black;\nmso-themecolor:text1;text-decoration:none;text-underline:none\">Grupo de Formaci\u00f3n e Intervenci\u00f3n para el Desarrollo Sostenible (GRUFIDES) &#8211; Cajamarca<\/span><\/a><o:p><\/o:p><\/span><\/p>\n<p class=\"MsoNormal\" style=\"margin:0cm;margin-bottom:.0001pt;text-align:justify;\ntext-indent:0cm;line-height:normal;mso-list:l0 level1 lfo1;tab-stops:list 36.0pt;\nbackground:white\"><!--[if !supportLists]--><span style=\"font-size:10.0pt;\nmso-bidi-font-size:11.0pt;font-family:Symbol;mso-fareast-font-family:Symbol;\nmso-bidi-font-family:Symbol;color:black;mso-themecolor:text1;mso-fareast-language:\nES-PE\"><span style=\"mso-list:Ignore\">\u00b7<span style=\"font:7.0pt \"Times New Roman\"\">\u00a0\u00a0\u00a0\u00a0\u00a0\u00a0\u00a0\u00a0\u00a0\u00a0\u00a0\u00a0\u00a0\u00a0\u00a0\u00a0\u00a0\u00a0\u00a0\u00a0 <\/span><\/span><\/span><!--[endif]--><span style=\"mso-fareast-font-family:\"Times New Roman\";\nmso-bidi-font-family:Calibri;mso-bidi-theme-font:minor-latin;color:black;\nmso-themecolor:text1;mso-fareast-language:ES-PE\"><a href=\"http:\/\/www.propuestaciudadana.org.pe\/\" target=\"_blank\"><span style=\"color:black;mso-themecolor:text1;text-decoration:none;text-underline:\nnone\">Grupo Propuesta Ciudadana<\/span><\/a><o:p><\/o:p><\/span><\/p>\n<p class=\"MsoNormal\" style=\"margin:0cm;margin-bottom:.0001pt;text-align:justify;\ntext-indent:0cm;line-height:normal;mso-list:l0 level1 lfo1;tab-stops:list 36.0pt;\nbackground:white\"><!--[if !supportLists]--><span style=\"font-size:10.0pt;\nmso-bidi-font-size:11.0pt;font-family:Symbol;mso-fareast-font-family:Symbol;\nmso-bidi-font-family:Symbol;color:black;mso-themecolor:text1;mso-fareast-language:\nES-PE\"><span style=\"mso-list:Ignore\">\u00b7<span style=\"font:7.0pt \"Times New Roman\"\">\u00a0\u00a0\u00a0\u00a0\u00a0\u00a0\u00a0\u00a0\u00a0\u00a0\u00a0\u00a0\u00a0\u00a0\u00a0\u00a0\u00a0\u00a0\u00a0\u00a0 <\/span><\/span><\/span><!--[endif]--><span style=\"mso-fareast-font-family:\"Times New Roman\";\nmso-bidi-font-family:Calibri;mso-bidi-theme-font:minor-latin;color:black;\nmso-themecolor:text1;mso-fareast-language:ES-PE\">Instituto Ambientalista Natura (Ancash)<o:p><\/o:p><\/span><\/p>\n<p class=\"MsoNormal\" style=\"margin:0cm;margin-bottom:.0001pt;text-align:justify;\ntext-indent:0cm;line-height:normal;mso-list:l0 level1 lfo1;tab-stops:list 36.0pt;\nbackground:white\"><!--[if !supportLists]--><span style=\"font-size:10.0pt;\nmso-bidi-font-size:11.0pt;font-family:Symbol;mso-fareast-font-family:Symbol;\nmso-bidi-font-family:Symbol;color:black;mso-themecolor:text1;mso-fareast-language:\nES-PE\"><span style=\"mso-list:Ignore\">\u00b7<span style=\"font:7.0pt \"Times New Roman\"\">\u00a0\u00a0\u00a0\u00a0\u00a0\u00a0\u00a0\u00a0\u00a0\u00a0\u00a0\u00a0\u00a0\u00a0\u00a0\u00a0\u00a0\u00a0\u00a0\u00a0 <\/span><\/span><\/span><!--[endif]--><span style=\"mso-fareast-font-family:\"Times New Roman\";\nmso-bidi-font-family:Calibri;mso-bidi-theme-font:minor-latin;color:black;\nmso-themecolor:text1;mso-fareast-language:ES-PE\"><a href=\"http:\/\/www.arzobispadodehuancayo.org\/?idt=15&#038;id=104&#038;web=Pastoral-Social\" target=\"_blank\"><span style=\"color:black;mso-themecolor:text1;text-decoration:\nnone;text-underline:none\">Pastoral de la Dignidad Humana Arzobispado de Huancayo (PASSDIH) &#8211; Jun\u00edn<\/span><\/a><o:p><\/o:p><\/span><\/p>\n<p class=\"MsoNormal\" style=\"margin:0cm;margin-bottom:.0001pt;text-align:justify;\ntext-indent:0cm;line-height:normal;mso-list:l0 level1 lfo1;tab-stops:list 36.0pt;\nbackground:white\"><!--[if !supportLists]--><span style=\"font-size:10.0pt;\nmso-bidi-font-size:11.0pt;font-family:Symbol;mso-fareast-font-family:Symbol;\nmso-bidi-font-family:Symbol;color:black;mso-themecolor:text1;mso-fareast-language:\nES-PE\"><span style=\"mso-list:Ignore\">\u00b7<span style=\"font:7.0pt \"Times New Roman\"\">\u00a0\u00a0\u00a0\u00a0\u00a0\u00a0\u00a0\u00a0\u00a0\u00a0\u00a0\u00a0\u00a0\u00a0\u00a0\u00a0\u00a0\u00a0\u00a0\u00a0 <\/span><\/span><\/span><!--[endif]--><span style=\"mso-fareast-font-family:\"Times New Roman\";\nmso-bidi-font-family:Calibri;mso-bidi-theme-font:minor-latin;color:black;\nmso-themecolor:text1;mso-fareast-language:ES-PE\"><a href=\"http:\/\/manosperu.org\/\" target=\"_blank\"><span style=\"color:black;mso-themecolor:text1;text-decoration:\nnone;text-underline:none\">Red Uniendo Manos Per\u00fa (Jun\u00edn)<\/span><\/a><o:p><\/o:p><\/span><\/p>\n<p class=\"MsoNormal\" style=\"margin:0cm;margin-bottom:.0001pt;text-align:justify;\ntext-indent:0cm;line-height:normal;mso-list:l0 level1 lfo1;tab-stops:list 36.0pt;\nbackground:white\"><!--[if !supportLists]--><span style=\"font-size:10.0pt;\nmso-bidi-font-size:11.0pt;font-family:Symbol;mso-fareast-font-family:Symbol;\nmso-bidi-font-family:Symbol;color:black;mso-themecolor:text1;mso-fareast-language:\nES-PE\"><span style=\"mso-list:Ignore\">\u00b7<span style=\"font:7.0pt \"Times New Roman\"\">\u00a0\u00a0\u00a0\u00a0\u00a0\u00a0\u00a0\u00a0\u00a0\u00a0\u00a0\u00a0\u00a0\u00a0\u00a0\u00a0\u00a0\u00a0\u00a0\u00a0 <\/span><\/span><\/span><!--[endif]--><span style=\"mso-fareast-font-family:\"Times New Roman\";\nmso-bidi-font-family:Calibri;mso-bidi-theme-font:minor-latin;color:black;\nmso-themecolor:text1;mso-fareast-language:ES-PE\"><a href=\"http:\/\/www.redad.org\/\" target=\"_blank\"><span style=\"color:black;mso-themecolor:text1;text-decoration:\nnone;text-underline:none\">Red Regional Agua, Desarrollo y Democracia de Piura &#8211; Piura<\/span><\/a><o:p><\/o:p><\/span><\/p>\n<p class=\"MsoNormal\" style=\"margin:0cm;margin-bottom:.0001pt;text-align:justify;\ntext-indent:0cm;line-height:normal;mso-list:l0 level1 lfo1;tab-stops:list 36.0pt;\nbackground:white\"><!--[if !supportLists]--><span style=\"font-size:10.0pt;\nmso-bidi-font-size:11.0pt;font-family:Symbol;mso-fareast-font-family:Symbol;\nmso-bidi-font-family:Symbol;color:black;mso-themecolor:text1;mso-fareast-language:\nES-PE\"><span style=\"mso-list:Ignore\">\u00b7<span style=\"font:7.0pt \"Times New Roman\"\">\u00a0\u00a0\u00a0\u00a0\u00a0\u00a0\u00a0\u00a0\u00a0\u00a0\u00a0\u00a0\u00a0\u00a0\u00a0\u00a0\u00a0\u00a0\u00a0\u00a0 <\/span><\/span><\/span><!--[endif]--><span style=\"mso-fareast-font-family:\"Times New Roman\";\nmso-bidi-font-family:Calibri;mso-bidi-theme-font:minor-latin;color:black;\nmso-themecolor:text1;mso-fareast-language:ES-PE\">Vicar\u00eda de la Pastoral Minera de Pasco &#8211; Pasco<o:p><\/o:p><\/span><\/p>\n<p class=\"MsoNormal\" style=\"margin-bottom:0cm;margin-bottom:.0001pt;text-align:\njustify;line-height:normal;background:white\"><span style=\"mso-fareast-font-family:\n\"Times New Roman\";mso-bidi-font-family:Calibri;mso-bidi-theme-font:minor-latin;\ncolor:black;mso-themecolor:text1;mso-fareast-language:ES-PE\">y tambi\u00e9n<o:p><\/o:p><\/span><\/p>\n<p class=\"MsoNormal\" style=\"margin:0cm;margin-bottom:.0001pt;text-align:justify;\ntext-indent:0cm;line-height:normal;mso-list:l1 level1 lfo2;tab-stops:list 36.0pt;\nbackground:white\"><!--[if !supportLists]--><span style=\"font-size:10.0pt;\nmso-bidi-font-size:11.0pt;font-family:Symbol;mso-fareast-font-family:Symbol;\nmso-bidi-font-family:Symbol;color:black;mso-themecolor:text1;mso-fareast-language:\nES-PE\"><span style=\"mso-list:Ignore\">\u00b7<span style=\"font:7.0pt \"Times New Roman\"\">\u00a0\u00a0\u00a0\u00a0\u00a0\u00a0\u00a0\u00a0\u00a0\u00a0\u00a0\u00a0\u00a0\u00a0\u00a0\u00a0\u00a0\u00a0\u00a0\u00a0 <\/span><\/span><\/span><!--[endif]--><span style=\"mso-fareast-font-family:\"Times New Roman\";\nmso-bidi-font-family:Calibri;mso-bidi-theme-font:minor-latin;color:black;\nmso-themecolor:text1;mso-fareast-language:ES-PE\"><a href=\"https:\/\/www.facebook.com\/estudioscriticosderecho\/\"><span style=\"color:black;mso-themecolor:text1;text-decoration:none;text-underline:\nnone\">Circulo de Estudios Cr\u00edticos del Derecho<\/span><\/a><o:p><\/o:p><\/span><\/p>\n<p class=\"MsoNormal\" style=\"margin-bottom:0cm;margin-bottom:.0001pt;line-height:\nnormal\"><span style=\"mso-bidi-font-family:Calibri;mso-bidi-theme-font:minor-latin;\ncolor:black;mso-themecolor:text1\"><o:p>\u00a0<\/o:p><\/span><\/p>\n<p><a href=\"http:\/\/web.hilo.org.pe\/wp-content\/uploads\/Bambas.jpg\" target=\"_blank\" rel=\"noopener\">Ver archivo adjunto<\/a><\/p>\n","protected":false},"excerpt":{"rendered":"<p>La Red Muqui y las instituciones miembros, junto a organizaciones aliadas; expresan su profunda preocupaci\u00f3n por la Comunidad de Fuerabamba.<\/p>\n","protected":false},"author":1,"featured_media":7936,"comment_status":"closed","ping_status":"closed","sticky":false,"template":"","format":"standard","meta":{"footnotes":""},"categories":[9],"tags":[],"class_list":["post-3224","post","type-post","status-publish","format-standard","has-post-thumbnail","hentry","category-noticias"],"_links":{"self":[{"href":"https:\/\/ceas.org.pe\/index.php\/wp-json\/wp\/v2\/posts\/3224","targetHints":{"allow":["GET"]}}],"collection":[{"href":"https:\/\/ceas.org.pe\/index.php\/wp-json\/wp\/v2\/posts"}],"about":[{"href":"https:\/\/ceas.org.pe\/index.php\/wp-json\/wp\/v2\/types\/post"}],"author":[{"embeddable":true,"href":"https:\/\/ceas.org.pe\/index.php\/wp-json\/wp\/v2\/users\/1"}],"replies":[{"embeddable":true,"href":"https:\/\/ceas.org.pe\/index.php\/wp-json\/wp\/v2\/comments?post=3224"}],"version-history":[{"count":1,"href":"https:\/\/ceas.org.pe\/index.php\/wp-json\/wp\/v2\/posts\/3224\/revisions"}],"predecessor-version":[{"id":5994,"href":"https:\/\/ceas.org.pe\/index.php\/wp-json\/wp\/v2\/posts\/3224\/revisions\/5994"}],"wp:featuredmedia":[{"embeddable":true,"href":"https:\/\/ceas.org.pe\/index.php\/wp-json\/wp\/v2\/media\/7936"}],"wp:attachment":[{"href":"https:\/\/ceas.org.pe\/index.php\/wp-json\/wp\/v2\/media?parent=3224"}],"wp:term":[{"taxonomy":"category","embeddable":true,"href":"https:\/\/ceas.org.pe\/index.php\/wp-json\/wp\/v2\/categories?post=3224"},{"taxonomy":"post_tag","embeddable":true,"href":"https:\/\/ceas.org.pe\/index.php\/wp-json\/wp\/v2\/tags?post=3224"}],"curies":[{"name":"wp","href":"https:\/\/api.w.org\/{rel}","templated":true}]}}