{"id":3223,"date":"2019-03-22T15:03:52","date_gmt":"2019-03-22T15:03:52","guid":{"rendered":""},"modified":"2026-03-11T09:11:55","modified_gmt":"2026-03-11T14:11:55","slug":"con-alegria-y-gozo-ceas-celebra-54-anos-de-servicio","status":"publish","type":"post","link":"https:\/\/ceas.org.pe\/index.php\/2019\/03\/22\/con-alegria-y-gozo-ceas-celebra-54-anos-de-servicio\/","title":{"rendered":"Con alegr\u00eda y gozo CEAS celebra 54 a\u00f1os de servicio"},"content":{"rendered":"<p class=\"MsoNormal\" style=\"margin-bottom:0cm;margin-bottom:.0001pt;text-align:\njustify;line-height:normal\">El martes 12 de marzo, fue el d\u00eda elegido para desarrollar las actividades conmemorativas por el 54 aniversario institucional de la Comisi\u00f3n Episcopal de Acci\u00f3n Social -CEAS-, se inici\u00f3 con una Eucarist\u00eda de Acci\u00f3n de Gracias, que fue presida por el Arzobispo de Lima, Monse\u00f1or Carlos Castillo y concelebrada por Monse\u00f1or Arturo Colgan, Monse\u00f1or Fortunato Pablo, Monse\u00f1or Ciro Quispe y por el Presidente de CEAS, Monse\u00f1or Jorge Izaguirre.<o:p><\/o:p><\/p>\n<p class=\"MsoNormal\" style=\"margin-bottom:0cm;margin-bottom:.0001pt;text-align:\njustify;line-height:normal\">Durante la Homil\u00eda Monse\u00f1or Carlos Castillo, nos habl\u00f3 que en este momento especial en nuestra historia, debemos decir \u201cS\u00ed a la apertura hist\u00f3rica del pobre y por tanto al Papa Francisco, para hacer posible que nosotros tengamos la grandeza de ensanchar el camino y recurrir a los pobres de la tierra para que den su palabra en este momento hist\u00f3rico y decisivo, que es tarea de todos, porque es la ecolog\u00eda la que se est\u00e1 destruyendo, es el mundo que puede desaparecer y somos nosotros, que unidos en el coraz\u00f3n de la vida de los pobres y escuchando la opini\u00f3n y el sentido de los pobres, los que podemos parar este asunto y transformarlo en una dicha y en un jard\u00edn del Ed\u00e9n otra vez\u2026 y esa es la tarea de CEAS, que tiene y ha tenido durante estos a\u00f1os\u201d. Se refiri\u00f3 tambi\u00e9n a \u201cRecordar y mantener la memoria del siervo sufriente y a partir de ella identificarse con los que sufren, intensificar los distintos modos de actuar precisos para poder estar con la gente y producir la capacidad de tomar conciencia de nuestra dignidad y eso es lo que nos llena a todos los que trabajamos y hemos trabajado en CEAS\u201d. Finalmente Monse\u00f1or Castillo indico que esta celebraci\u00f3n de los 54 a\u00f1os sea un renacer a una nueva vida de la Iglesia y que sigamos aportando durante a\u00f1os con paciencia, con tens\u00f3n, con hondura como lo ha hecho esta comisi\u00f3n episcopal.<o:p><\/o:p><\/p>\n<p class=\"MsoNormal\" style=\"margin-bottom:0cm;margin-bottom:.0001pt;text-align:\njustify;line-height:normal\"><span style=\"background-image: initial; background-position: initial; background-size: initial; background-repeat: initial; background-attachment: initial; background-origin: initial; background-clip: initial;\">Esta c\u00e1lida y linda celebraci\u00f3n, estuvo tambi\u00e9n acompa\u00f1ada por los sacerdotes amigos: P. Noel Kerins, P. Mart\u00edn Salgado, P. Vicente Venegas, P. Richard Mu\u00f1oz y el P. Enrique Gonzales, Secretario Ejecutivo de CEAS, que dieron gran realce a la celebraci\u00f3n, as\u00ed como la concurrida presencia de muchas amistades, quienes nos acompa\u00f1aron la noche del martes en el local de CEAS.<\/span><o:p><\/o:p><\/p>\n<p class=\"MsoNormal\" style=\"margin-bottom:0cm;margin-bottom:.0001pt;text-align:\njustify;line-height:normal\"><span style=\"background-image: initial; background-position: initial; background-size: initial; background-repeat: initial; background-attachment: initial; background-origin: initial; background-clip: initial;\">Luego se dio inicio a un Conversatorio, que fue denominado \u201cDe Laudato Si al S\u00ednodo Panamaz\u00f3nico\u201d, la Licenciada Laura Vargas Valc\u00e1rcel, Ex Secretaria Ejecutiva de CEAS, resalt\u00f3 que \u201cEste sistema no lo aguanta nadie, que tenemos que hacer un corte real, una verdadera conversi\u00f3n ecol\u00f3gica y nos invita a tomar dolorosa conciencia de lo que estamos viviendo, tomemos la decisi\u00f3n de hacer los cambios necesarios tal como nos recomienda Laudato Si, nos invita a escuchar el clamor de los pobres y el clamor de la tierra, que es un solo clamor, porque esta tierra est\u00e1 siendo victimizada por una l\u00f3gica depredadora y consumista que todo lo vuelve basura, tal como lo dice el Papa Francisco en Laudato Si, -hemos convertido el planeta en un inmenso dep\u00f3sito de porquer\u00eda-. Finalmente, nos dice Laura Vargas, que el Papa Francisco nos invita a luchar con la globalizaci\u00f3n de la indiferencia, asumirnos como pa\u00eds amaz\u00f3nico y reconocerlo como una hermosa bendici\u00f3n, con una maravillosa diversidad, que es tambi\u00e9n un lugar teol\u00f3gico y que Dios nos habla desde la diversidad.\u00a0 Tomar en serio la interculturaci\u00f3n del Evangelio, as\u00ed como tambi\u00e9n pedir perd\u00f3n por nuestros errores, recuperar la mirada contemplativa que tienen los pueblos ind\u00edgenas y aprender de la sabidur\u00eda de nuestros pueblos enfatiz\u00f3.<\/span><o:p><\/o:p><\/p>\n<p class=\"MsoNormal\" style=\"margin-bottom:0cm;margin-bottom:.0001pt;text-align:\njustify;line-height:normal\"><span style=\"background-image: initial; background-position: initial; background-size: initial; background-repeat: initial; background-attachment: initial; background-origin: initial; background-clip: initial;\">Monse\u00f1or Carlos Castillo Mattasoglio, Arzobispo de Lima, por su parte nos dijo que el Papa Francisco ha asumido con profundidad el modo como se entiende cambiar y hacer la historia. \u201cLa revelaci\u00f3n nuestra es que Dios act\u00faa por medio de la conversi\u00f3n y que esa acci\u00f3n hist\u00f3rica se manifiesta en lo insignificante, en una fe para enfrentar momentos de gran adversidad. El cambio hist\u00f3rico desde el punto de la fe, es un cambio siempre de grandes conversiones. Es el pueblo creyente, que va asumiendo conscientemente y ensanchando la posibilidad de abrirse horizontes nuevos, est\u00e1n haciendo una manera nueva de pensar y ahondar lo que estamos viviendo. Es cambiar la ecolog\u00eda, a trav\u00e9s de construir hoy el hombre y la mujer nuevos\u201d. Nos record\u00f3 lo que el Papa Francisco nos quiere decir: \u201cNosotros tenemos que asumir en medio del problema ecol\u00f3gico, la tragedia humana como nuestra y colocarnos en el medio de los pobres, conscientemente por una decisi\u00f3n libre de anonadarnos, es el anonadamiento el camino de la transformaci\u00f3n de la historia\u201d este es el gran desaf\u00edo planteado.<\/span><o:p><\/o:p><\/p>\n<p class=\"MsoNormal\" style=\"margin-bottom: 0.0001pt; text-align: justify; line-height: normal; background-image: initial; background-position: initial; background-size: initial; background-repeat: initial; background-attachment: initial; background-origin: initial; background-clip: initial;\"><span style=\"mso-fareast-font-family:\n\"Times New Roman\";mso-bidi-font-family:Calibri;mso-bidi-theme-font:minor-latin;\ncolor:#212529;mso-fareast-language:ES-PE\">Dentro del marco de la celebraci\u00f3n, Laura Vargas, compa\u00f1era y amiga recibi\u00f3 un profundo\u00a0reconocimiento por su amplia labor y valioso aporte en CEAS por 30 a\u00f1os.<o:p><\/o:p><\/span><\/p>\n<p class=\"MsoNormal\" style=\"margin-bottom: 0.0001pt; text-align: justify; line-height: normal; background-image: initial; background-position: initial; background-size: initial; background-repeat: initial; background-attachment: initial; background-origin: initial; background-clip: initial;\"><span style=\"mso-fareast-font-family:\n\"Times New Roman\";mso-bidi-font-family:Calibri;mso-bidi-theme-font:minor-latin;\ncolor:#212529;mso-fareast-language:ES-PE\">Agradecemos a todos quienes nos hicieron llegar sus saludos afectuosos y agradecer tambi\u00e9n por los presentes recibidos ya que nos hacen sentirnos cercanos y comprometidos en la Construcci\u00f3n de Paz.<o:p><\/o:p><\/span><\/p>\n<p class=\"MsoNormal\" style=\"margin-bottom: 0.0001pt; text-align: justify; line-height: normal; background-image: initial; background-position: initial; background-size: initial; background-repeat: initial; background-attachment: initial; background-origin: initial; background-clip: initial;\"><span style=\"mso-fareast-font-family:\n\"Times New Roman\";mso-bidi-font-family:Calibri;mso-bidi-theme-font:minor-latin;\ncolor:#212529;mso-fareast-language:ES-PE\">Recordemos que CEAS fue creada, un 11 de marzo de 1965, en el marco del Concilio Vaticano II, a\u00f1o de la promulgaci\u00f3n de la Constituci\u00f3n Pastoral sobre la Iglesia en el mundo, \u201cGaudium et spes\u201d, como Comisi\u00f3n Episcopal de Acci\u00f3n Social &#8211; CEAS, \u00f3rgano de la Conferencia Episcopal Peruana.<o:p><\/o:p><\/span><\/p>\n<p class=\"MsoNormal\" style=\"margin-bottom: 0.0001pt; text-align: justify; line-height: normal; background-image: initial; background-position: initial; background-size: initial; background-repeat: initial; background-attachment: initial; background-origin: initial; background-clip: initial;\">\u00a0<\/p>\n<p><i style=\"text-align: justify;\"><span style=\"mso-fareast-font-family:\n\"Times New Roman\";mso-bidi-font-family:Calibri;mso-bidi-theme-font:minor-latin;\ncolor:#212529;mso-fareast-language:ES-PE\">CEAS, 16 de marzo de 2019.<\/span><\/i><span style=\"text-align: justify; color: rgb(33, 37, 41);\">\u00a0<\/span>\u00a0<\/p>\n<p><a href=\"http:\/\/web.hilo.org.pe\/wp-content\/uploads\/IMG 18 web.jpg\" target=\"_blank\" rel=\"noopener\">Ver archivo adjunto<\/a><\/p>\n","protected":false},"excerpt":{"rendered":"<p>El martes 12 de marzo, fue el d\u00eda elegido para desarrollar las actividades conmemorativas por el 54 aniversario institucional de la Comisi\u00f3n Episcopal de Acci\u00f3n Social -CEAS-, se inici\u00f3 con una Eucarist\u00eda de Acci\u00f3n de Gracias, que fue presida por el Arzobispo de Lima, Monse\u00f1or Carlos Castillo. Luego se dio inicio a un Conversatorio, que fue denominado \u201cDe Laudato Si al S\u00ednodo Panamaz\u00f3nico\u201d.<\/p>\n","protected":false},"author":1,"featured_media":7992,"comment_status":"closed","ping_status":"closed","sticky":false,"template":"","format":"standard","meta":{"footnotes":""},"categories":[9],"tags":[],"class_list":["post-3223","post","type-post","status-publish","format-standard","has-post-thumbnail","hentry","category-noticias"],"_links":{"self":[{"href":"https:\/\/ceas.org.pe\/index.php\/wp-json\/wp\/v2\/posts\/3223","targetHints":{"allow":["GET"]}}],"collection":[{"href":"https:\/\/ceas.org.pe\/index.php\/wp-json\/wp\/v2\/posts"}],"about":[{"href":"https:\/\/ceas.org.pe\/index.php\/wp-json\/wp\/v2\/types\/post"}],"author":[{"embeddable":true,"href":"https:\/\/ceas.org.pe\/index.php\/wp-json\/wp\/v2\/users\/1"}],"replies":[{"embeddable":true,"href":"https:\/\/ceas.org.pe\/index.php\/wp-json\/wp\/v2\/comments?post=3223"}],"version-history":[{"count":1,"href":"https:\/\/ceas.org.pe\/index.php\/wp-json\/wp\/v2\/posts\/3223\/revisions"}],"predecessor-version":[{"id":5996,"href":"https:\/\/ceas.org.pe\/index.php\/wp-json\/wp\/v2\/posts\/3223\/revisions\/5996"}],"wp:featuredmedia":[{"embeddable":true,"href":"https:\/\/ceas.org.pe\/index.php\/wp-json\/wp\/v2\/media\/7992"}],"wp:attachment":[{"href":"https:\/\/ceas.org.pe\/index.php\/wp-json\/wp\/v2\/media?parent=3223"}],"wp:term":[{"taxonomy":"category","embeddable":true,"href":"https:\/\/ceas.org.pe\/index.php\/wp-json\/wp\/v2\/categories?post=3223"},{"taxonomy":"post_tag","embeddable":true,"href":"https:\/\/ceas.org.pe\/index.php\/wp-json\/wp\/v2\/tags?post=3223"}],"curies":[{"name":"wp","href":"https:\/\/api.w.org\/{rel}","templated":true}]}}