{"id":3222,"date":"2019-03-28T13:26:32","date_gmt":"2019-03-28T13:26:32","guid":{"rendered":""},"modified":"2026-03-11T09:11:55","modified_gmt":"2026-03-11T14:11:55","slug":"pronunciamiento-de-la-prelatura-de-chuquibambilla-sobre-conflicto-social-en-las-bambas","status":"publish","type":"post","link":"https:\/\/ceas.org.pe\/index.php\/2019\/03\/28\/pronunciamiento-de-la-prelatura-de-chuquibambilla-sobre-conflicto-social-en-las-bambas\/","title":{"rendered":"Pronunciamiento de la Prelatura de Chuquibambilla sobre conflicto social en Las Bambas"},"content":{"rendered":"<p class=\"MsoNormal\" style=\"margin: 6pt 0cm; text-align: justify; line-height: normal; background-image: initial; background-position: initial; background-size: initial; background-repeat: initial; background-attachment: initial; background-origin: initial; background-clip: initial;\">La Iglesia Cat\u00f3lica en su Prelatura de Chuquibambilla, que comprende las tres provincias altas del departamento de Apur\u00edmac: Cotambambas, Antabamba y Grau; frente al conflicto social que se viene suscitando en la comunidad de Fuerabamba y en el fundo Yavi Yavi, hace llegar a la opini\u00f3n p\u00fablica, local, nacional e internacional el siguiente pronunciamiento:<o:p><\/o:p><\/p>\n<p class=\"MsoNormal\" style=\"margin-left: 21.3pt; text-align: justify; text-indent: -18pt; line-height: normal; background-image: initial; background-position: initial; background-size: initial; background-repeat: initial; background-attachment: initial; background-origin: initial; background-clip: initial;\"><!--[if !supportLists]-->1.<span style=\"font-variant-numeric: normal; font-variant-east-asian: normal; font-stretch: normal; font-size: 7pt; line-height: normal; font-family: \"Times New Roman\";\">\u00a0\u00a0\u00a0\u00a0\u00a0\u00a0 <\/span><!--[endif]-->Exhortamos a la tranquilidad y que prime el di\u00e1logo como el mejor camino y herramienta para la soluci\u00f3n de conflictos.<o:p><\/o:p><\/p>\n<p class=\"MsoNormal\" style=\"margin-left: 21.3pt; text-align: justify; text-indent: -18pt; line-height: normal; background-image: initial; background-position: initial; background-size: initial; background-repeat: initial; background-attachment: initial; background-origin: initial; background-clip: initial;\"><!--[if !supportLists]-->2.<span style=\"font-variant-numeric: normal; font-variant-east-asian: normal; font-stretch: normal; font-size: 7pt; line-height: normal; font-family: \"Times New Roman\";\">\u00a0\u00a0\u00a0\u00a0\u00a0\u00a0 <\/span><!--[endif]-->Es necesario que todos los afectados se sientan involucrados en un proceso de tranquilidad y paz social, buscando siempre los intereses de la poblaci\u00f3n.<o:p><\/o:p><\/p>\n<p class=\"MsoNormal\" style=\"margin-left: 21.3pt; text-align: justify; text-indent: -18pt; line-height: normal; background-image: initial; background-position: initial; background-size: initial; background-repeat: initial; background-attachment: initial; background-origin: initial; background-clip: initial;\"><!--[if !supportLists]-->3.<span style=\"font-variant-numeric: normal; font-variant-east-asian: normal; font-stretch: normal; font-size: 7pt; line-height: normal; font-family: \"Times New Roman\";\">\u00a0\u00a0\u00a0\u00a0\u00a0\u00a0 <\/span><!--[endif]-->Exhortamos al Estado Peruano, la empresa minera MMG Las Bambas y las Comunidades involucradas en el conflicto a seguir buscando puentes de di\u00e1logo, focalizando a los interlocutores adecuados para los acuerdos concretos.<o:p><\/o:p><\/p>\n<p class=\"MsoNormal\" style=\"margin-left: 21.3pt; text-align: justify; text-indent: -18pt; line-height: normal; background-image: initial; background-position: initial; background-size: initial; background-repeat: initial; background-attachment: initial; background-origin: initial; background-clip: initial;\"><!--[if !supportLists]-->4.<span style=\"font-variant-numeric: normal; font-variant-east-asian: normal; font-stretch: normal; font-size: 7pt; line-height: normal; font-family: \"Times New Roman\";\">\u00a0\u00a0\u00a0\u00a0\u00a0\u00a0 <\/span><!--[endif]-->Hacemos una invitaci\u00f3n a las autoridades competentes, a recorrer las v\u00edas de transporte de los lugares afectados para conocer la realidad y el sentir de las comunidades campesinas.<o:p><\/o:p><\/p>\n<p class=\"MsoNormal\" style=\"margin-left: 21.3pt; text-align: justify; text-indent: -18pt; line-height: normal; background-image: initial; background-position: initial; background-size: initial; background-repeat: initial; background-attachment: initial; background-origin: initial; background-clip: initial;\"><!--[if !supportLists]-->5.<span style=\"font-variant-numeric: normal; font-variant-east-asian: normal; font-stretch: normal; font-size: 7pt; line-height: normal; font-family: \"Times New Roman\";\">\u00a0\u00a0\u00a0\u00a0\u00a0\u00a0 <\/span><!--[endif]-->Pedimos a las autoridades como el Ministerio P\u00fablico, Poder Judicial, fuerzas policiales y militares, el respeto del ejercicio de los derechos humanos y fundamentales de todas las personas inmersas en la zona de conflicto social. Es de suma importancia que las comunidades campesinas afectadas sientan que se est\u00e1 velando por sus derechos\u00a0y por tanto se les est\u00e1 haciendo justicia.<o:p><\/o:p><\/p>\n<p class=\"MsoNormal\" style=\"margin-left: 21.3pt; text-align: justify; text-indent: -18pt; line-height: normal; background-image: initial; background-position: initial; background-size: initial; background-repeat: initial; background-attachment: initial; background-origin: initial; background-clip: initial;\"><!--[if !supportLists]-->6.<span style=\"font-variant-numeric: normal; font-variant-east-asian: normal; font-stretch: normal; font-size: 7pt; line-height: normal; font-family: \"Times New Roman\";\">\u00a0\u00a0\u00a0\u00a0\u00a0\u00a0 <\/span><!--[endif]-->En fin de mantener una convivencia pac\u00edfica y sostenible, la empresa minera MMG Las Bambas en el marco de la responsabilidad social, debe mantener una relaci\u00f3n \u201csocialmente aceptable\u201d con las comunidades del \u00e1rea de influencia del proyecto, generando un desarrollo socio-econ\u00f3mico sustentable y ambientalmente amigable.<o:p><\/o:p><\/p>\n<p class=\"MsoNormal\" style=\"margin-left: 21.3pt; text-align: justify; text-indent: -18pt; line-height: normal; background-image: initial; background-position: initial; background-size: initial; background-repeat: initial; background-attachment: initial; background-origin: initial; background-clip: initial;\"><!--[if !supportLists]-->7.<span style=\"font-variant-numeric: normal; font-variant-east-asian: normal; font-stretch: normal; font-size: 7pt; line-height: normal; font-family: \"Times New Roman\";\">\u00a0\u00a0\u00a0\u00a0\u00a0\u00a0 <\/span><!--[endif]-->En mesa de di\u00e1logo con los interlocutores pertinentes, pedimos que se haga memoria del cumplimiento en la implementaci\u00f3n del Plan de Desarrollo de la Provincia de Cotabambas, aprobado en la comunidad de Quehuira el 22 de octubre de 2016.<o:p><\/o:p><\/p>\n<p class=\"MsoNormal\" style=\"margin-left: 21.3pt; text-align: justify; text-indent: -18pt; line-height: normal; background-image: initial; background-position: initial; background-size: initial; background-repeat: initial; background-attachment: initial; background-origin: initial; background-clip: initial;\"><!--[if !supportLists]-->8.<span style=\"font-variant-numeric: normal; font-variant-east-asian: normal; font-stretch: normal; font-size: 7pt; line-height: normal; font-family: \"Times New Roman\";\">\u00a0\u00a0\u00a0\u00a0\u00a0\u00a0 <\/span><!--[endif]-->Finalmente, exhortamos a poner toda su confianza en Jes\u00fas el Buen Pastor que da la vida por sus ovejas, la Iglesia Cat\u00f3lica, siempre estar\u00e1 disponible a brindar puentes de di\u00e1logo para mediar y buscar la justicia de nuestros pueblos.<o:p><\/o:p><\/p>\n<p class=\"MsoNormal\" style=\"text-align: justify; line-height: normal; background-image: initial; background-position: initial; background-size: initial; background-repeat: initial; background-attachment: initial; background-origin: initial; background-clip: initial;\">Creemos que la buena noticia de Cristo acogida en nuestros corazones, nos ayudar\u00e1 como pueblo a superar nuestras dificultades y encontraremos la fuerza para enfrentarlos de una manera distinta.<o:p><\/o:p><\/p>\n<p class=\"MsoNormal\" style=\"margin: 6pt 0cm; line-height: normal; background-image: initial; background-position: initial; background-size: initial; background-repeat: initial; background-attachment: initial; background-origin: initial; background-clip: initial;\">Chuquibambilla, 28 de marzo del 2019.<o:p><\/o:p><\/p>\n<p class=\"MsoNormal\" style=\"margin: 6pt 0cm; line-height: normal; background-image: initial; background-position: initial; background-size: initial; background-repeat: initial; background-attachment: initial; background-origin: initial; background-clip: initial;\"><o:p>\u00a0<\/o:p><\/p>\n<p class=\"MsoNormal\" style=\"margin: 6pt 0cm; line-height: normal; background-image: initial; background-position: initial; background-size: initial; background-repeat: initial; background-attachment: initial; background-origin: initial; background-clip: initial;\">Mons. Edinson Edgardo Farf\u00e1n C\u00f3rdova, OSA\u00a0\u00a0<br \/>\nAdministrador Apost\u00f3lico de la Prelatura de Chuquibambilla<o:p><\/o:p><\/p>\n<p><span style=\"text-align: justify;\">\u00a0<\/span>\u00a0<\/p>\n<p><a href=\"http:\/\/web.hilo.org.pe\/wp-content\/uploads\/Pronunciamiento PRELATURA DE CHUQUIBAMBILLAWEB.jpg\" target=\"_blank\" rel=\"noopener\">Ver archivo adjunto<\/a><\/p>\n","protected":false},"excerpt":{"rendered":"<p>La Iglesia Cat\u00f3lica en su Prelatura de Chuquibambilla, que comprende las tres provincias altas del departamento de Apur\u00edmac: Cotambambas, Antabamba y Grau; hace llegar a la opini\u00f3n frente al conflicto social que se viene suscitando en la comunidad de Fuerabamba y en el fundo Yavi Yavi.<\/p>\n","protected":false},"author":1,"featured_media":7950,"comment_status":"closed","ping_status":"closed","sticky":false,"template":"","format":"standard","meta":{"footnotes":""},"categories":[9],"tags":[],"class_list":["post-3222","post","type-post","status-publish","format-standard","has-post-thumbnail","hentry","category-noticias"],"_links":{"self":[{"href":"https:\/\/ceas.org.pe\/index.php\/wp-json\/wp\/v2\/posts\/3222","targetHints":{"allow":["GET"]}}],"collection":[{"href":"https:\/\/ceas.org.pe\/index.php\/wp-json\/wp\/v2\/posts"}],"about":[{"href":"https:\/\/ceas.org.pe\/index.php\/wp-json\/wp\/v2\/types\/post"}],"author":[{"embeddable":true,"href":"https:\/\/ceas.org.pe\/index.php\/wp-json\/wp\/v2\/users\/1"}],"replies":[{"embeddable":true,"href":"https:\/\/ceas.org.pe\/index.php\/wp-json\/wp\/v2\/comments?post=3222"}],"version-history":[{"count":1,"href":"https:\/\/ceas.org.pe\/index.php\/wp-json\/wp\/v2\/posts\/3222\/revisions"}],"predecessor-version":[{"id":5995,"href":"https:\/\/ceas.org.pe\/index.php\/wp-json\/wp\/v2\/posts\/3222\/revisions\/5995"}],"wp:featuredmedia":[{"embeddable":true,"href":"https:\/\/ceas.org.pe\/index.php\/wp-json\/wp\/v2\/media\/7950"}],"wp:attachment":[{"href":"https:\/\/ceas.org.pe\/index.php\/wp-json\/wp\/v2\/media?parent=3222"}],"wp:term":[{"taxonomy":"category","embeddable":true,"href":"https:\/\/ceas.org.pe\/index.php\/wp-json\/wp\/v2\/categories?post=3222"},{"taxonomy":"post_tag","embeddable":true,"href":"https:\/\/ceas.org.pe\/index.php\/wp-json\/wp\/v2\/tags?post=3222"}],"curies":[{"name":"wp","href":"https:\/\/api.w.org\/{rel}","templated":true}]}}