{"id":3221,"date":"2019-03-20T12:53:37","date_gmt":"2019-03-20T12:53:37","guid":{"rendered":""},"modified":"2026-03-11T09:11:55","modified_gmt":"2026-03-11T14:11:55","slug":"repam-y-organismos-internacionales-en-washington-amazonia-futuro-del-planeta","status":"publish","type":"post","link":"https:\/\/ceas.org.pe\/index.php\/2019\/03\/20\/repam-y-organismos-internacionales-en-washington-amazonia-futuro-del-planeta\/","title":{"rendered":"REPAM y organismos internacionales en Washington. Amazonia futuro del planeta"},"content":{"rendered":"<p style=\"margin: 0cm 0cm 0.0001pt; text-align: justify; background-image: initial; background-position: initial; background-size: initial; background-repeat: initial; background-attachment: initial; background-origin: initial; background-clip: initial;\"><span style=\"font-size:11.0pt;font-family:\"Calibri\",sans-serif;mso-ascii-theme-font:\nminor-latin;mso-hansi-theme-font:minor-latin;mso-bidi-theme-font:minor-latin;\ncolor:#373737\">En la ciudad de Washington, la Universidad de Georgetown acoge este evento que busca \u201creflexionar y debatir sobre la consciencia global de la Panamazon\u00eda, y de los otros biomas y territorios esenciales para el futuro del planeta\u201d.<o:p><\/o:p><\/span><\/p>\n<p style=\"margin: 0cm 0cm 0.0001pt; text-align: justify; background-image: initial; background-position: initial; background-size: initial; background-repeat: initial; background-attachment: initial; background-origin: initial; background-clip: initial;\"><span style=\"font-size:11.0pt;font-family:\"Calibri\",sans-serif;mso-ascii-theme-font:\nminor-latin;mso-hansi-theme-font:minor-latin;mso-bidi-theme-font:minor-latin;\ncolor:#373737\">\u00a0<\/span><\/p>\n<p style=\"margin: 0cm 0cm 0.0001pt; background-image: initial; background-position: initial; background-size: initial; background-repeat: initial; background-attachment: initial; background-origin: initial; background-clip: initial; box-sizing: border-box; -webkit-tap-highlight-color: rgba(0, 0, 0, 0);\"><span style=\"font-size:11.0pt;\nfont-family:\"Calibri\",sans-serif;mso-ascii-theme-font:minor-latin;mso-hansi-theme-font:\nminor-latin;mso-bidi-theme-font:minor-latin;color:#373737\"><a href=\"http:\/\/redamazonica.org\/2019\/03\/ecologia-integral-una-respuesta-sinodal-desde-la-amazonia-y-otros-biomas-territorios-esenciales-para-el-cuidado-de-nuestra-casa-comun\/\" style=\"box-sizing: border-box;-webkit-tap-highlight-color: rgba(0, 0, 0, 0)\"><span style=\"color: rgb(55, 55, 55); text-decoration-line: none;\">Esta conferencia internacional es un esfuerzo de muchas manos: REPAM,<\/span><\/a>\u00a0Georgetown University, Jesuits Conference, Dicasterio de Desarrollo Humano Integral, Comunidades y organizaciones de pueblos originarios, entre otros, para que los territorios m\u00e1s importantes y al mismo tiempo, m\u00e1s amenazados del planeta, se encuentren en un di\u00e1logo profundo y confrontador.<o:p><\/o:p><\/span><\/p>\n<p style=\"margin: 0cm 0cm 0.0001pt; text-align: justify; background-image: initial; background-position: initial; background-size: initial; background-repeat: initial; background-attachment: initial; background-origin: initial; background-clip: initial;\"><span style=\"font-size:11.0pt;font-family:\"Calibri\",sans-serif;mso-ascii-theme-font:\nminor-latin;mso-hansi-theme-font:minor-latin;mso-bidi-theme-font:minor-latin;\ncolor:#373737\">\u00a0<\/span><\/p>\n<p style=\"margin: 0cm 0cm 0.0001pt; background-image: initial; background-position: initial; background-size: initial; background-repeat: initial; background-attachment: initial; background-origin: initial; background-clip: initial; box-sizing: border-box; -webkit-tap-highlight-color: rgba(0, 0, 0, 0);\"><span style=\"font-size:11.0pt;\nfont-family:\"Calibri\",sans-serif;mso-ascii-theme-font:minor-latin;mso-hansi-theme-font:\nminor-latin;mso-bidi-theme-font:minor-latin;color:#373737\">En el esp\u00edritu de comuni\u00f3n, se busca trazar acciones concretas para responder: en comuni\u00f3n entre pueblos, en comuni\u00f3n con la Iglesia, en comuni\u00f3n con las ciudades y las selvas de cemento. \u201cPorque esta crisis que enfrentamos, nos est\u00e1 apretando a todos\u201d.<o:p><\/o:p><\/span><\/p>\n<p style=\"margin: 0cm 0cm 0.0001pt; background-image: initial; background-position: initial; background-size: initial; background-repeat: initial; background-attachment: initial; background-origin: initial; background-clip: initial; box-sizing: border-box; -webkit-tap-highlight-color: rgba(0, 0, 0, 0);\"><span style=\"font-size:11.0pt;\nfont-family:\"Calibri\",sans-serif;mso-ascii-theme-font:minor-latin;mso-hansi-theme-font:\nminor-latin;mso-bidi-theme-font:minor-latin;color:#373737\">\u00a0<\/span><\/p>\n<p style=\"margin: 0cm 0cm 0.0001pt; text-align: justify; background-image: initial; background-position: initial; background-size: initial; background-repeat: initial; background-attachment: initial; background-origin: initial; background-clip: initial;\"><span style=\"font-size:11.0pt;font-family:\"Calibri\",sans-serif;mso-ascii-theme-font:\nminor-latin;mso-hansi-theme-font:minor-latin;mso-bidi-theme-font:minor-latin;\ncolor:#373737\">Los organizadores subrayan la importancia de\u201d llevar a la vida los llamados de las enc\u00edclicas:\u00a0\u00a0<i style=\"box-sizing: border-box;\n-webkit-tap-highlight-color: rgba(0, 0, 0, 0)\">Laudato Si y la Evangelii Gaudium<\/i>\u201d.\u00a0 En este sentido, es importante la perspectiva internacional para encontrar caminos comunes y universales con un enfoque de incidencia socio-pol\u00edtica abriendo caminos de articulaci\u00f3n entre los diversos biomas\/territorios de mayor importancia en el planeta desde la perspectiva de\u00a0<i style=\"box-sizing: border-box;-webkit-tap-highlight-color: rgba(0, 0, 0, 0)\">Laudato Si<\/i>.<o:p><\/o:p><\/span><\/p>\n<p class=\"MsoNormal\" style=\"margin-bottom:0cm;margin-bottom:.0001pt;text-align:\njustify;line-height:normal\"><span style=\"color: rgb(100, 100, 100); background-image: initial; background-position: initial; background-size: initial; background-repeat: initial; background-attachment: initial; background-origin: initial; background-clip: initial;\"><o:p>\u00a0<\/o:p><\/span><\/p>\n<h2 style=\"margin-top: 0cm; text-align: justify; line-height: normal; background-image: initial; background-position: initial; background-size: initial; background-repeat: initial; background-attachment: initial; background-origin: initial; background-clip: initial;\"><b><span style=\"font-size:11.0pt;font-family:\"Calibri\",sans-serif;\nmso-ascii-theme-font:minor-latin;mso-hansi-theme-font:minor-latin;mso-bidi-theme-font:\nminor-latin;color:#373737\">Nuevos caminos para la Iglesia<\/span><\/b><span style=\"font-size:11.0pt;font-family:\"Calibri\",sans-serif;mso-ascii-theme-font:\nminor-latin;mso-hansi-theme-font:minor-latin;mso-bidi-theme-font:minor-latin;\ncolor:#373737\"><o:p><\/o:p><\/span><\/h2>\n<p style=\"margin: 0cm 0cm 0.0001pt; background-image: initial; background-position: initial; background-size: initial; background-repeat: initial; background-attachment: initial; background-origin: initial; background-clip: initial; box-sizing: border-box; -webkit-tap-highlight-color: rgba(0, 0, 0, 0);\"><span style=\"font-size:11.0pt;\nfont-family:\"Calibri\",sans-serif;mso-ascii-theme-font:minor-latin;mso-hansi-theme-font:\nminor-latin;mso-bidi-theme-font:minor-latin;color:#373737\">En la primera jornada de di\u00e1logo y discusi\u00f3n se abri\u00f3 el espacio para \u201cver\u201d la realidad desde la mirada de un planeta geogr\u00e1fica, cultural, religiosa y pol\u00edticamente amplio y diverso.<o:p><\/o:p><\/span><\/p>\n<p style=\"margin: 0cm 0cm 0.0001pt; background-image: initial; background-position: initial; background-size: initial; background-repeat: initial; background-attachment: initial; background-origin: initial; background-clip: initial; box-sizing: border-box; -webkit-tap-highlight-color: rgba(0, 0, 0, 0);\"><span style=\"font-size:11.0pt;\nfont-family:\"Calibri\",sans-serif;mso-ascii-theme-font:minor-latin;mso-hansi-theme-font:\nminor-latin;mso-bidi-theme-font:minor-latin;color:#373737\">\u00a0<\/span><\/p>\n<p style=\"margin: 0cm 0cm 0.0001pt; text-align: justify; background-image: initial; background-position: initial; background-size: initial; background-repeat: initial; background-attachment: initial; background-origin: initial; background-clip: initial;\"><span style=\"font-size:11.0pt;font-family:\"Calibri\",sans-serif;mso-ascii-theme-font:\nminor-latin;mso-hansi-theme-font:minor-latin;mso-bidi-theme-font:minor-latin;\ncolor:#373737\">Este primer d\u00eda de conferencia, desaf\u00eda a la Iglesia sobre las nuevas maneras de estar presente. Se parti\u00f3 del hecho que los \u201cnuevos caminos para la Iglesia\u201d no son f\u00e1ciles, pero son vitales. Esos caminos, nos desaf\u00edan a romper nuestros paradigmas de Iglesia, y de humanidad.<o:p><\/o:p><\/span><\/p>\n<p class=\"MsoNormal\" style=\"margin-bottom:0cm;margin-bottom:.0001pt;text-align:\njustify;line-height:normal\"><span style=\"color: rgb(100, 100, 100); background-image: initial; background-position: initial; background-size: initial; background-repeat: initial; background-attachment: initial; background-origin: initial; background-clip: initial;\"><o:p>\u00a0<\/o:p><\/span><\/p>\n<h2 style=\"margin-top: 0cm; text-align: justify; line-height: normal; background-image: initial; background-position: initial; background-size: initial; background-repeat: initial; background-attachment: initial; background-origin: initial; background-clip: initial;\"><b><span style=\"font-size:11.0pt;font-family:\"Calibri\",sans-serif;\nmso-ascii-theme-font:minor-latin;mso-hansi-theme-font:minor-latin;mso-bidi-theme-font:\nminor-latin;color:#373737\">La crisis y el dios dinero<\/span><\/b><span style=\"font-size:11.0pt;font-family:\"Calibri\",sans-serif;mso-ascii-theme-font:\nminor-latin;mso-hansi-theme-font:minor-latin;mso-bidi-theme-font:minor-latin;\ncolor:#373737\"><o:p><\/o:p><\/span><\/h2>\n<p style=\"margin: 0cm 0cm 0.0001pt; background-image: initial; background-position: initial; background-size: initial; background-repeat: initial; background-attachment: initial; background-origin: initial; background-clip: initial; box-sizing: border-box; -webkit-tap-highlight-color: rgba(0, 0, 0, 0);\"><span style=\"font-size:11.0pt;\nfont-family:\"Calibri\",sans-serif;mso-ascii-theme-font:minor-latin;mso-hansi-theme-font:\nminor-latin;mso-bidi-theme-font:minor-latin;color:#373737\">\u201cSiento miedo, rabia, dolor, pero en mi coraz\u00f3n persiste la esperanza de que vamos a resistir y debemos revelarnos al poder que nos est\u00e1 matando\u201d afirm\u00f3 Gregorio D\u00edaz Mirabal, coordinador de la Coordinadora de Organizaciones Ind\u00edgenas de la Cuenca Amaz\u00f3nica.<o:p><\/o:p><\/span><\/p>\n<p style=\"margin: 0cm 0cm 0.0001pt; text-align: justify; background-image: initial; background-position: initial; background-size: initial; background-repeat: initial; background-attachment: initial; background-origin: initial; background-clip: initial;\"><span style=\"font-size:11.0pt;font-family:\"Calibri\",sans-serif;mso-ascii-theme-font:\nminor-latin;mso-hansi-theme-font:minor-latin;mso-bidi-theme-font:minor-latin;\ncolor:#373737\">\u00a0<\/span><\/p>\n<p style=\"margin: 0cm 0cm 0.0001pt; background-image: initial; background-position: initial; background-size: initial; background-repeat: initial; background-attachment: initial; background-origin: initial; background-clip: initial; box-sizing: border-box; -webkit-tap-highlight-color: rgba(0, 0, 0, 0);\"><span style=\"font-size:11.0pt;\nfont-family:\"Calibri\",sans-serif;mso-ascii-theme-font:minor-latin;mso-hansi-theme-font:\nminor-latin;mso-bidi-theme-font:minor-latin;color:#373737\">La realidad en la Panamazonia es de una crisis profunda y dolorosa, que empuja con desesperaci\u00f3n a mirarnos unos a otros y actuar en conjunto. Los biomas vitales para el planeta son el camino y la respuesta para la salvaci\u00f3n de la humanidad, pero al mismo tiempo, son codiciados y amenazados por el poder, por las empresas transnacionales y por los arreglos pol\u00edticos que sirven al dios dinero.<o:p><\/o:p><\/span><\/p>\n<h2 style=\"margin-top: 0cm; line-height: normal; background-image: initial; background-position: initial; background-size: initial; background-repeat: initial; background-attachment: initial; background-origin: initial; background-clip: initial; box-sizing: border-box; -webkit-tap-highlight-color: rgba(0, 0, 0, 0);\"><b><span style=\"font-size:\n11.0pt;font-family:\"Calibri\",sans-serif;mso-ascii-theme-font:minor-latin;\nmso-hansi-theme-font:minor-latin;mso-bidi-theme-font:minor-latin;color:#373737\">\u00a0<\/span><\/b><\/h2>\n<h2 style=\"margin-top: 0cm; text-align: justify; line-height: normal; background-image: initial; background-position: initial; background-size: initial; background-repeat: initial; background-attachment: initial; background-origin: initial; background-clip: initial;\"><b><span style=\"font-size:11.0pt;font-family:\"Calibri\",sans-serif;\nmso-ascii-theme-font:minor-latin;mso-hansi-theme-font:minor-latin;mso-bidi-theme-font:\nminor-latin;color:#373737\">Indiferencia y descuido<\/span><\/b><span style=\"font-size:11.0pt;font-family:\"Calibri\",sans-serif;mso-ascii-theme-font:\nminor-latin;mso-hansi-theme-font:minor-latin;mso-bidi-theme-font:minor-latin;\ncolor:#373737\"><o:p><\/o:p><\/span><\/h2>\n<p style=\"margin: 0cm 0cm 0.0001pt; background-image: initial; background-position: initial; background-size: initial; background-repeat: initial; background-attachment: initial; background-origin: initial; background-clip: initial; box-sizing: border-box; -webkit-tap-highlight-color: rgba(0, 0, 0, 0);\"><span style=\"font-size:11.0pt;\nfont-family:\"Calibri\",sans-serif;mso-ascii-theme-font:minor-latin;mso-hansi-theme-font:\nminor-latin;mso-bidi-theme-font:minor-latin;color:#373737\">Pero tambi\u00e9n est\u00e1n amenazados por una realidad de indiferencia y descuido, que caracterizan a la raza humana de estos tiempos. La Enc\u00edclica\u00a0<i style=\"box-sizing: border-box;\n-webkit-tap-highlight-color: rgba(0, 0, 0, 0)\">Laudato Si<\/i>, hace un llamado prof\u00e9tico y urgente a todas \u201cpersonas de buena voluntad\u201d: \u00a1despierten! Es una cuesti\u00f3n de vida o muerte.<o:p><\/o:p><\/span><\/p>\n<h2 style=\"margin-top: 0cm; line-height: normal; background-image: initial; background-position: initial; background-size: initial; background-repeat: initial; background-attachment: initial; background-origin: initial; background-clip: initial; box-sizing: border-box; -webkit-tap-highlight-color: rgba(0, 0, 0, 0);\"><b><span style=\"font-size:\n11.0pt;font-family:\"Calibri\",sans-serif;mso-ascii-theme-font:minor-latin;\nmso-hansi-theme-font:minor-latin;mso-bidi-theme-font:minor-latin;color:#373737\">El futuro est\u00e1 en juego. \u201cExigimos el derecho a la vida\u201d<\/span><\/b><span style=\"font-size:11.0pt;font-family:\"Calibri\",sans-serif;mso-ascii-theme-font:\nminor-latin;mso-hansi-theme-font:minor-latin;mso-bidi-theme-font:minor-latin;\ncolor:#373737\"><o:p><\/o:p><\/span><\/h2>\n<p style=\"margin: 0cm 0cm 0.0001pt; background-image: initial; background-position: initial; background-size: initial; background-repeat: initial; background-attachment: initial; background-origin: initial; background-clip: initial; box-sizing: border-box; -webkit-tap-highlight-color: rgba(0, 0, 0, 0);\"><span style=\"font-size:11.0pt;\nfont-family:\"Calibri\",sans-serif;mso-ascii-theme-font:minor-latin;mso-hansi-theme-font:\nminor-latin;mso-bidi-theme-font:minor-latin;color:#373737\">En la sala donde se desarrolla esta conferencia, todav\u00eda retumban las palabras que representan a los pueblos originarios: El futuro est\u00e1 en juego. \u201cEstamos exigiendo justicia, exigiendo el derecho a la vida.\u00a0 Estamos condenando el asesinato de nuestros hermanos. Estamos llamando no solo a Am\u00e9rica Latina, estamos llamando a todo el mundo. No queremos m\u00e1s h\u00e9roes individuales, queremos h\u00e9roes colectivos, queremos la acci\u00f3n de millones de cat\u00f3licos, necesitamos su oraci\u00f3n, su decisi\u00f3n de apoyo hacia nosotros, los pueblos ind\u00edgenas.\u201d<o:p><\/o:p><\/span><\/p>\n<p style=\"margin: 0cm 0cm 0.0001pt; text-align: justify; background-image: initial; background-position: initial; background-size: initial; background-repeat: initial; background-attachment: initial; background-origin: initial; background-clip: initial;\"><span style=\"font-size:11.0pt;font-family:\"Calibri\",sans-serif;mso-ascii-theme-font:\nminor-latin;mso-hansi-theme-font:minor-latin;mso-bidi-theme-font:minor-latin;\ncolor:#373737\">\u00a0<\/span><\/p>\n<h2 style=\"margin-top: 0cm; line-height: normal; background-image: initial; background-position: initial; background-size: initial; background-repeat: initial; background-attachment: initial; background-origin: initial; background-clip: initial; box-sizing: border-box; -webkit-tap-highlight-color: rgba(0, 0, 0, 0);\"><b><span style=\"font-size:\n11.0pt;font-family:\"Calibri\",sans-serif;mso-ascii-theme-font:minor-latin;\nmso-hansi-theme-font:minor-latin;mso-bidi-theme-font:minor-latin;color:#373737\">Dar participaci\u00f3n a los pueblos originarios<\/span><\/b><span style=\"font-size:11.0pt;\nfont-family:\"Calibri\",sans-serif;mso-ascii-theme-font:minor-latin;mso-hansi-theme-font:\nminor-latin;mso-bidi-theme-font:minor-latin;color:#373737\"><o:p><\/o:p><\/span><\/h2>\n<p style=\"margin: 0cm 0cm 0.0001pt; background-image: initial; background-position: initial; background-size: initial; background-repeat: initial; background-attachment: initial; background-origin: initial; background-clip: initial; box-sizing: border-box; -webkit-tap-highlight-color: rgba(0, 0, 0, 0);\"><span style=\"font-size:11.0pt;\nfont-family:\"Calibri\",sans-serif;mso-ascii-theme-font:minor-latin;mso-hansi-theme-font:\nminor-latin;mso-bidi-theme-font:minor-latin;color:#373737\">Victoria Tauli Corpuz, relatora especial para pueblos ind\u00edgenas de la ONU, reconoce que la labor de la Iglesia debe estar ligada a la defensa y exigencia de los derechos. En su participaci\u00f3n, insta a la Iglesia a fortalecer los esfuerzos de las poblaciones originarias y tradicionales por defender a la Madre Tierra. \u201cLa\u00a0<i style=\"box-sizing: border-box;-webkit-tap-highlight-color: rgba(0, 0, 0, 0)\">Laudato Si<\/i>\u00a0es una clave hist\u00f3rica para la defensa de los pueblos y los territorios en los niveles locales y globales. Estoy muy satisfecha de que el Papa Francisco reconozca en los pueblos ind\u00edgenas su fragilidad, pero sobre todo las esperanzas que ofrecen para que este mundo sea m\u00e1s sostenible\u201d, afirm\u00f3.<o:p><\/o:p><\/span><\/p>\n<p style=\"margin: 0cm 0cm 0.0001pt; background-image: initial; background-position: initial; background-size: initial; background-repeat: initial; background-attachment: initial; background-origin: initial; background-clip: initial; box-sizing: border-box; -webkit-tap-highlight-color: rgba(0, 0, 0, 0);\"><span style=\"font-size:11.0pt;\nfont-family:\"Calibri\",sans-serif;mso-ascii-theme-font:minor-latin;mso-hansi-theme-font:\nminor-latin;mso-bidi-theme-font:minor-latin;color:#373737\">\u00a0<\/span><\/p>\n<p style=\"margin: 0cm 0cm 0.0001pt; text-align: justify; background-image: initial; background-position: initial; background-size: initial; background-repeat: initial; background-attachment: initial; background-origin: initial; background-clip: initial;\"><span style=\"font-size:11.0pt;font-family:\"Calibri\",sans-serif;mso-ascii-theme-font:\nminor-latin;mso-hansi-theme-font:minor-latin;mso-bidi-theme-font:minor-latin;\ncolor:#373737\">El Cardenal, Pedro Barreto, vicepresidente de la REPAM, afirma que la respuesta concreta a los nuevos caminos de la Iglesia es responder en red. \u201cQue las redes permitan el fortalecimiento de los procesos, porque la Iglesia est\u00e1 viviendo un momento de Kair\u00f3s, en medio de tantas desesperanzas\u201d.<o:p><\/o:p><\/span><\/p>\n<h2 style=\"margin-top: 0cm; line-height: normal; background-image: initial; background-position: initial; background-size: initial; background-repeat: initial; background-attachment: initial; background-origin: initial; background-clip: initial; box-sizing: border-box; -webkit-tap-highlight-color: rgba(0, 0, 0, 0);\"><b><span style=\"font-size:\n11.0pt;font-family:\"Calibri\",sans-serif;mso-ascii-theme-font:minor-latin;\nmso-hansi-theme-font:minor-latin;mso-bidi-theme-font:minor-latin;color:#373737\">\u00a0<\/span><\/b><\/h2>\n<h2 style=\"margin-top: 0cm; text-align: justify; line-height: normal; background-image: initial; background-position: initial; background-size: initial; background-repeat: initial; background-attachment: initial; background-origin: initial; background-clip: initial;\"><b><span style=\"font-size:11.0pt;font-family:\"Calibri\",sans-serif;\nmso-ascii-theme-font:minor-latin;mso-hansi-theme-font:minor-latin;mso-bidi-theme-font:\nminor-latin;color:#373737\">Mons. Auza: pueblos originarios, guardianes de los bosques<\/span><\/b><span style=\"font-size:11.0pt;font-family:\"Calibri\",sans-serif;\nmso-ascii-theme-font:minor-latin;mso-hansi-theme-font:minor-latin;mso-bidi-theme-font:\nminor-latin;color:#373737\"><o:p><\/o:p><\/span><\/h2>\n<p style=\"margin: 0cm 0cm 0.0001pt; background-image: initial; background-position: initial; background-size: initial; background-repeat: initial; background-attachment: initial; background-origin: initial; background-clip: initial; box-sizing: border-box; -webkit-tap-highlight-color: rgba(0, 0, 0, 0);\"><span style=\"font-size:11.0pt;\nfont-family:\"Calibri\",sans-serif;mso-ascii-theme-font:minor-latin;mso-hansi-theme-font:\nminor-latin;mso-bidi-theme-font:minor-latin;color:#373737\">Mons. Bernardito Auza, representante de la Santa Sede ante la ONU, habla de la necesidad de que la Iglesia renueve se presencia y ello implica \u201creconocer la existencia de iniciativas prometedoras provenientes de las comunidades y organizaciones ind\u00edgenas que promueven los propios pueblos y que las comunidades nativas sean las guardianas de los bosques\u201d. Insisti\u00f3 en \u201cconfiar en su capacidad (de los pueblos originarios) de resiliencia y de responder a los tiempos dif\u00edciles\u201d.<o:p><\/o:p><\/span><\/p>\n<p style=\"margin: 0cm 0cm 0.0001pt; background-image: initial; background-position: initial; background-size: initial; background-repeat: initial; background-attachment: initial; background-origin: initial; background-clip: initial; box-sizing: border-box; -webkit-tap-highlight-color: rgba(0, 0, 0, 0);\"><span style=\"font-size:11.0pt;\nfont-family:\"Calibri\",sans-serif;mso-ascii-theme-font:minor-latin;mso-hansi-theme-font:\nminor-latin;mso-bidi-theme-font:minor-latin;color:#373737\">\u00a0<\/span><\/p>\n<p style=\"margin: 0cm 0cm 0.0001pt; text-align: justify; background-image: initial; background-position: initial; background-size: initial; background-repeat: initial; background-attachment: initial; background-origin: initial; background-clip: initial;\"><span style=\"font-size:11.0pt;font-family:\"Calibri\",sans-serif;mso-ascii-theme-font:\nminor-latin;mso-hansi-theme-font:minor-latin;mso-bidi-theme-font:minor-latin;\ncolor:#373737\">Est\u00e1 comprobado de muchas maneras que los pueblos ind\u00edgenas son los defensores de la vida y los bosques. Y por ello, el sistema pol\u00edtico y econ\u00f3mico ejerce cada vez m\u00e1s violencia. Estos no son dos hechos aislados. La violencia a los pueblos, no puede ser ignorada por la Iglesia.<o:p><\/o:p><\/span><\/p>\n<p style=\"margin: 0cm 0cm 0.0001pt; background-image: initial; background-position: initial; background-size: initial; background-repeat: initial; background-attachment: initial; background-origin: initial; background-clip: initial; box-sizing: border-box; -webkit-tap-highlight-color: rgba(0, 0, 0, 0);\"><span style=\"font-size:11.0pt;\nfont-family:\"Calibri\",sans-serif;mso-ascii-theme-font:minor-latin;mso-hansi-theme-font:\nminor-latin;mso-bidi-theme-font:minor-latin;color:#373737\">Mauricio L\u00f3pez, secretario Ejecutivo de la REPAM invit\u00f3 a \u201cactuar\u201d. La reflexi\u00f3n que se ha tenido este d\u00eda debe movernos a una acci\u00f3n conjunta, concluy\u00f3.<o:p><\/o:p><\/span><\/p>\n<p class=\"MsoNormal\" style=\"margin-bottom:0cm;margin-bottom:.0001pt;text-align:\njustify;line-height:normal\"><span style=\"color: rgb(100, 100, 100); background-image: initial; background-position: initial; background-size: initial; background-repeat: initial; background-attachment: initial; background-origin: initial; background-clip: initial;\"><o:p>\u00a0<\/o:p><\/span><\/p>\n<p><i style=\"text-align: justify;\"><span style=\"font-size:11.0pt;font-family:\n\"Calibri\",sans-serif;mso-ascii-theme-font:minor-latin;mso-hansi-theme-font:\nminor-latin;mso-bidi-theme-font:minor-latin;color:#373737\">Tomado de: VATICAN NEWS. Por: Manuel Cub\u00edas. Ciudad del Vaticano. 20 de marzo de 2019.<\/span><\/i>\u00a0<\/p>\n<p><a href=\"http:\/\/web.hilo.org.pe\/wp-content\/uploads\/Ecolog\u00eda Integral.jpg\" target=\"_blank\" rel=\"noopener\">Ver archivo adjunto<\/a><\/p>\n","protected":false},"excerpt":{"rendered":"<p>La Universidad de Georgetown acoge el evento \u201cEcolog\u00eda integral: una respuesta Sinodal desde la Amazon\u00eda y otros biomas\/territorios esenciales para el cuidado de nuestra casa com\u00fan\u201d. El encuentro ha reunido a m\u00e1s de 120 participantes de todo el mundo.<\/p>\n","protected":false},"author":1,"featured_media":8133,"comment_status":"closed","ping_status":"closed","sticky":false,"template":"","format":"standard","meta":{"footnotes":""},"categories":[9],"tags":[],"class_list":["post-3221","post","type-post","status-publish","format-standard","has-post-thumbnail","hentry","category-noticias"],"_links":{"self":[{"href":"https:\/\/ceas.org.pe\/index.php\/wp-json\/wp\/v2\/posts\/3221","targetHints":{"allow":["GET"]}}],"collection":[{"href":"https:\/\/ceas.org.pe\/index.php\/wp-json\/wp\/v2\/posts"}],"about":[{"href":"https:\/\/ceas.org.pe\/index.php\/wp-json\/wp\/v2\/types\/post"}],"author":[{"embeddable":true,"href":"https:\/\/ceas.org.pe\/index.php\/wp-json\/wp\/v2\/users\/1"}],"replies":[{"embeddable":true,"href":"https:\/\/ceas.org.pe\/index.php\/wp-json\/wp\/v2\/comments?post=3221"}],"version-history":[{"count":1,"href":"https:\/\/ceas.org.pe\/index.php\/wp-json\/wp\/v2\/posts\/3221\/revisions"}],"predecessor-version":[{"id":5997,"href":"https:\/\/ceas.org.pe\/index.php\/wp-json\/wp\/v2\/posts\/3221\/revisions\/5997"}],"wp:featuredmedia":[{"embeddable":true,"href":"https:\/\/ceas.org.pe\/index.php\/wp-json\/wp\/v2\/media\/8133"}],"wp:attachment":[{"href":"https:\/\/ceas.org.pe\/index.php\/wp-json\/wp\/v2\/media?parent=3221"}],"wp:term":[{"taxonomy":"category","embeddable":true,"href":"https:\/\/ceas.org.pe\/index.php\/wp-json\/wp\/v2\/categories?post=3221"},{"taxonomy":"post_tag","embeddable":true,"href":"https:\/\/ceas.org.pe\/index.php\/wp-json\/wp\/v2\/tags?post=3221"}],"curies":[{"name":"wp","href":"https:\/\/api.w.org\/{rel}","templated":true}]}}