{"id":3219,"date":"2019-03-20T12:00:13","date_gmt":"2019-03-20T12:00:13","guid":{"rendered":""},"modified":"2026-03-11T09:11:55","modified_gmt":"2026-03-11T14:11:55","slug":"papa-francisco-y-el-camino-de-la-verdadera-felicidad","status":"publish","type":"post","link":"https:\/\/ceas.org.pe\/index.php\/2019\/03\/20\/papa-francisco-y-el-camino-de-la-verdadera-felicidad\/","title":{"rendered":"Papa Francisco y el camino de la verdadera felicidad"},"content":{"rendered":"<p style=\"margin: 0cm 0cm 0.0001pt; text-align: justify; background-image: initial; background-position: initial; background-size: initial; background-repeat: initial; background-attachment: initial; background-origin: initial; background-clip: initial;\"><span style=\"font-size:11.0pt;font-family:\"Calibri\",sans-serif;mso-ascii-theme-font:\nminor-latin;mso-hansi-theme-font:minor-latin;mso-bidi-theme-font:minor-latin;\ncolor:#373737\">\u00a0\u201cLa b\u00fasqueda de la felicidad\u201d, afirma el Papa Francisco, es algo com\u00fan en todas las personas, de todos los tiempos y edades\u201d porque ha sido Dios quien ha puesto \u201cen el coraz\u00f3n de todo hombre y mujer un deseo irreprimible de la felicidad, de la plenitud\u201d.\u00a0 \u201cNuestros corazones est\u00e1n inquietos y en continua b\u00fasqueda de un bienestar que pueda saciar su sed de infinito\u201d (Mensaje JMJ 2015), nostalgia invisible de Aquel que nos ha creado y que es \u00c9l mismo, el amor, la alegr\u00eda, la paz la belleza y la verdad. A continuaci\u00f3n diez puntos sobre las reflexiones del Papa Francisco sobre el tema de la felicidad.<o:p><\/o:p><\/span><\/p>\n<h2 style=\"margin-top: 0cm; line-height: normal; background-image: initial; background-position: initial; background-size: initial; background-repeat: initial; background-attachment: initial; background-origin: initial; background-clip: initial; box-sizing: border-box; -webkit-tap-highlight-color: rgba(0, 0, 0, 0);\"><span style=\"font-size:11.0pt;\nfont-family:\"Calibri\",sans-serif;mso-ascii-theme-font:minor-latin;mso-hansi-theme-font:\nminor-latin;mso-bidi-theme-font:minor-latin;color:#373737\">\u00a0<\/span><\/h2>\n<h2 style=\"margin-top: 0cm; text-align: justify; line-height: normal; background-image: initial; background-position: initial; background-size: initial; background-repeat: initial; background-attachment: initial; background-origin: initial; background-clip: initial;\"><b><span style=\"font-size:11.0pt;\nfont-family:\"Calibri\",sans-serif;mso-ascii-theme-font:minor-latin;mso-hansi-theme-font:\nminor-latin;mso-bidi-theme-font:minor-latin;color:#373737\">1.\u00a0\u00a0 El inicio de la alegr\u00eda es comenzar a pensar en los dem\u00e1s<o:p><\/o:p><\/span><\/b><\/h2>\n<p style=\"margin: 0cm 0cm 0.0001pt; background-image: initial; background-position: initial; background-size: initial; background-repeat: initial; background-attachment: initial; background-origin: initial; background-clip: initial; box-sizing: border-box; -webkit-tap-highlight-color: rgba(0, 0, 0, 0);\"><span style=\"font-size:11.0pt;\nfont-family:\"Calibri\",sans-serif;mso-ascii-theme-font:minor-latin;mso-hansi-theme-font:\nminor-latin;mso-bidi-theme-font:minor-latin;color:#373737\">El camino de la felicidad comienza contra corriente: es necesario pasar del ego\u00edsmo al pensar en los dem\u00e1s. Estar tristes, dec\u00edan los padres del desierto, es casi siempre pensar en s\u00ed mismos. De esta manera, observa Francisco, \u201ccuando la vida interior se encierra en los propios intereses\u201d y no \u201chay espacio para los dem\u00e1s\u201d no se goza m\u00e1s de \u201cla dulce alegr\u00eda\u201d del amor. En efecto, \u201cno se puede ser felices solos\u201d. El Papa invita a redescubrir la generosidad, porque \u201cporque Dios ama al dador alegre\u201d (2Cor 9,7). \u00a0Es necesario vencer la tentaci\u00f3n de encerrarse a s\u00ed mismo, de aislarse, crey\u00e9ndose autosuficientes, porque todos tenemos necesidad de fraternidad. La vida adquiere sentido \u201cen buscar el bienestar del pr\u00f3jimo\u201d deseando la felicidad de los dem\u00e1s: \u201cSi logro ayudar a una sola persona a vivir mejor, esto es ya suficiente para justificar el don de mi vida\u201d (Evangelii gaudium, 182).<o:p><\/o:p><\/span><\/p>\n<h2 style=\"margin-top: 0cm; line-height: normal; background-image: initial; background-position: initial; background-size: initial; background-repeat: initial; background-attachment: initial; background-origin: initial; background-clip: initial; box-sizing: border-box; -webkit-tap-highlight-color: rgba(0, 0, 0, 0);\"><span style=\"font-size:11.0pt;\nfont-family:\"Calibri\",sans-serif;mso-ascii-theme-font:minor-latin;mso-hansi-theme-font:\nminor-latin;mso-bidi-theme-font:minor-latin;color:#373737\">\u00a0<\/span><\/h2>\n<h2 style=\"margin-top: 0cm; text-align: justify; line-height: normal; background-image: initial; background-position: initial; background-size: initial; background-repeat: initial; background-attachment: initial; background-origin: initial; background-clip: initial;\"><b><span style=\"font-size:11.0pt;\nfont-family:\"Calibri\",sans-serif;mso-ascii-theme-font:minor-latin;mso-hansi-theme-font:\nminor-latin;mso-bidi-theme-font:minor-latin;color:#373737\">2. Sacar la malincon\u00eda<o:p><\/o:p><\/span><\/b><\/h2>\n<p style=\"margin: 0cm 0cm 0.0001pt; background-image: initial; background-position: initial; background-size: initial; background-repeat: initial; background-attachment: initial; background-origin: initial; background-clip: initial; box-sizing: border-box; -webkit-tap-highlight-color: rgba(0, 0, 0, 0);\"><span style=\"font-size:11.0pt;\nfont-family:\"Calibri\",sans-serif;mso-ascii-theme-font:minor-latin;mso-hansi-theme-font:\nminor-latin;mso-bidi-theme-font:minor-latin;color:#373737\">A Francisco le encanta citar Sir\u00e1cides: \u201cHijo m\u00edo, haz buen uso de todo lo que tengas\u2026 Disfruta de la vida y no desde\u00f1es un gusto leg\u00edtimo si se te presenta en el camino.\u00bb (Sir 14,11.14). \u00a0\u201cDios desea la felicidad de sus hijos tambi\u00e9n e n esta tierra, aunque est\u00e9n llamados a la plenitud eterna, porque \u00c9l cre\u00f3 todas las cosas \u00abpara que\u00bb todos puedan disfrutarlas \u00ab. \u00abEl cristianismo &#8211; recuerda el Papa &#8211; no consiste en una serie de prohibiciones que reprimen nuestros deseos de felicidad, sino en un proyecto de vida que puede fascinar nuestros corazones\u00bb (Mensaje JMJ 2015). El cristiano, por lo tanto, aleja la malvada tentaci\u00f3n de la melancol\u00eda y la tristeza. Dios \u00abquiere que seamos positivos\u00bb, que disfrutemos las cosas peque\u00f1as de cada d\u00eda y no que seamos prisioneros \u00abde complicaciones interminables\u00bb y pensamientos negativos. El Papa recuerda un famoso dicho: la verdadera santidad es alegr\u00eda, porque \u00abun santo triste es un santo afligido\u00bb.<o:p><\/o:p><\/span><\/p>\n<p style=\"margin: 0cm 0cm 0.0001pt; text-align: justify; background-image: initial; background-position: initial; background-size: initial; background-repeat: initial; background-attachment: initial; background-origin: initial; background-clip: initial;\"><span style=\"font-size:11.0pt;font-family:\"Calibri\",sans-serif;mso-ascii-theme-font:\nminor-latin;mso-hansi-theme-font:minor-latin;mso-bidi-theme-font:minor-latin;\ncolor:#373737\">\u00a0<\/span><\/p>\n<h2 style=\"margin-top: 0cm; line-height: normal; background-image: initial; background-position: initial; background-size: initial; background-repeat: initial; background-attachment: initial; background-origin: initial; background-clip: initial; box-sizing: border-box; -webkit-tap-highlight-color: rgba(0, 0, 0, 0);\"><b style=\"mso-bidi-font-weight:\nnormal;box-sizing: border-box;-webkit-tap-highlight-color: rgba(0, 0, 0, 0)\"><span style=\"font-size:11.0pt;font-family:\"Calibri\",sans-serif;mso-ascii-theme-font:\nminor-latin;mso-hansi-theme-font:minor-latin;mso-bidi-theme-font:minor-latin;\ncolor:#373737\">3. No el poder, el dinero o los placeres ef\u00edmeros sino el amor que da alegr\u00eda<o:p><\/o:p><\/span><\/b><\/h2>\n<p style=\"margin: 0cm 0cm 0.0001pt; background-image: initial; background-position: initial; background-size: initial; background-repeat: initial; background-attachment: initial; background-origin: initial; background-clip: initial; box-sizing: border-box; -webkit-tap-highlight-color: rgba(0, 0, 0, 0);\"><span style=\"font-size:11.0pt;\nfont-family:\"Calibri\",sans-serif;mso-ascii-theme-font:minor-latin;mso-hansi-theme-font:\nminor-latin;mso-bidi-theme-font:minor-latin;color:#373737\">\u00abLa felicidad no es algo que se compra en el supermercado, subraya Francisco, la felicidad viene solo de amar y dejarse amar\u00bb (Palabras en la peregrinaci\u00f3n Macerata-Loreto, 9 de junio de 2018). \u00abCuando buscamos el \u00e9xito, el placer, el tener en forma ego\u00edsta y hacemos \u00eddolos, tambi\u00e9n podemos experimentar momentos de intoxicaci\u00f3n, una falsa sensaci\u00f3n de satisfacci\u00f3n; pero al final nos convertimos en esclavos, nunca estamos satisfechos, nos vemos obligados a buscar m\u00e1s y m\u00e1s \u00ab(Mensaje JMJ 2014). \u00abLa alegr\u00eda no es la emoci\u00f3n de un momento: \u00a1es otra cosa! La verdadera alegr\u00eda no viene de las cosas, de tener, \u00a1no! Nace del encuentro, de la relaci\u00f3n con los dem\u00e1s, nace del sentirse aceptado, comprendidos, amados y del aceptar, del comprender y del amar; y esto no por un momento, sino porque el otro, la otra es una persona. La alegr\u00eda viene de la gratuidad de una reuni\u00f3n \u00ab(Discurso a los seminaristas, 6 de julio de 2013). Lo que es ef\u00edmero no da felicidad, sino que solo el amor satisface la sed del infinito que hay en nosotros.<o:p><\/o:p><\/span><\/p>\n<h2 style=\"margin-top: 0cm; line-height: normal; background-image: initial; background-position: initial; background-size: initial; background-repeat: initial; background-attachment: initial; background-origin: initial; background-clip: initial; box-sizing: border-box; -webkit-tap-highlight-color: rgba(0, 0, 0, 0);\"><b style=\"mso-bidi-font-weight:\nnormal;box-sizing: border-box;-webkit-tap-highlight-color: rgba(0, 0, 0, 0)\"><span style=\"font-size:11.0pt;font-family:\"Calibri\",sans-serif;mso-ascii-theme-font:\nminor-latin;mso-hansi-theme-font:minor-latin;mso-bidi-theme-font:minor-latin;\ncolor:#373737\">4. Tener sentido del humor<o:p><\/o:p><\/span><\/b><\/h2>\n<p style=\"margin: 0cm 0cm 0.0001pt; background-image: initial; background-position: initial; background-size: initial; background-repeat: initial; background-attachment: initial; background-origin: initial; background-clip: initial; box-sizing: border-box; -webkit-tap-highlight-color: rgba(0, 0, 0, 0);\"><span style=\"font-size:11.0pt;\nfont-family:\"Calibri\",sans-serif;mso-ascii-theme-font:minor-latin;mso-hansi-theme-font:\nminor-latin;mso-bidi-theme-font:minor-latin;color:#373737\">El camino de la alegr\u00eda, dice el Papa Francisco, tambi\u00e9n tiene un sentido del humor: saber c\u00f3mo re\u00edrse de las cosas, de los dem\u00e1s y de uno mismo es profundamente humano, es una actitud \u00abcercana a la gracia\u00bb. Es ese buen relativismo, el relativismo de la alegr\u00eda \u00abque nace del Esp\u00edritu Santo\u00bb. \u00abSin perder el realismo\u00bb uno se vuelve capaz de iluminar a otros \u00abcon un esp\u00edritu positivo y lleno de esperanza\u00bb. Se otorga especial importancia a la auto-iron\u00eda para vencer la tentaci\u00f3n del narcisismo: los narcisistas, dice el Papa, \u00abse miran en el espejo, se peinan\u00bb. Y \u00e9l da este consejo: cuando te miras en el espejo, \u00abr\u00edete de ti mismo. Te har\u00e1 bien \u00ab(Discurso a los estudiantes de los Colegios eclesi\u00e1sticos, 16 de marzo de 2108). Un poco de lo que dijo Benedicto XVI cuando cit\u00f3 a Chesterton: \u00ab\u00bfSabes por qu\u00e9 vuelan los \u00e1ngeles? Porque se toman a la ligera\u00bb. Y el Papa Ratzinger agreg\u00f3: \u00abPorque no se toman a s\u00ed mismos demasiado en serio\u00bb Y \u00bb nosotros tal vez podr\u00edamos tambi\u00e9n volar un poco m\u00e1s, si no nos damos tanta importancia\u00bb.<o:p><\/o:p><\/span><\/p>\n<p style=\"margin: 0cm 0cm 0.0001pt; text-align: justify; background-image: initial; background-position: initial; background-size: initial; background-repeat: initial; background-attachment: initial; background-origin: initial; background-clip: initial;\"><span style=\"font-size:11.0pt;font-family:\"Calibri\",sans-serif;mso-ascii-theme-font:\nminor-latin;mso-hansi-theme-font:minor-latin;mso-bidi-theme-font:minor-latin;\ncolor:#373737\">\u00a0<\/span><\/p>\n<h2 style=\"margin-top: 0cm; line-height: normal; background-image: initial; background-position: initial; background-size: initial; background-repeat: initial; background-attachment: initial; background-origin: initial; background-clip: initial; box-sizing: border-box; -webkit-tap-highlight-color: rgba(0, 0, 0, 0);\"><b style=\"mso-bidi-font-weight:\nnormal;box-sizing: border-box;-webkit-tap-highlight-color: rgba(0, 0, 0, 0)\"><span style=\"font-size:11.0pt;font-family:\"Calibri\",sans-serif;mso-ascii-theme-font:\nminor-latin;mso-hansi-theme-font:minor-latin;mso-bidi-theme-font:minor-latin;\ncolor:#373737\">5. Saber agradecer<o:p><\/o:p><\/span><\/b><\/h2>\n<p style=\"margin: 0cm 0cm 0.0001pt; background-image: initial; background-position: initial; background-size: initial; background-repeat: initial; background-attachment: initial; background-origin: initial; background-clip: initial; box-sizing: border-box; -webkit-tap-highlight-color: rgba(0, 0, 0, 0);\"><span style=\"font-size:11.0pt;\nfont-family:\"Calibri\",sans-serif;mso-ascii-theme-font:minor-latin;mso-hansi-theme-font:\nminor-latin;mso-bidi-theme-font:minor-latin;color:#373737\">La alegr\u00eda tambi\u00e9n es poder ver los regalos que se reciben todos los d\u00edas. Es la maravilla de la belleza de la vida y de las cosas grandes y peque\u00f1as que llenan nuestros d\u00edas. El Papa Francisco se\u00f1ala el ejemplo de San Francisco de As\u00eds, quien \u00abpudo sentirse conmovido por la gratitud frente a un pedazo de pan duro, o alabar a Dios felizmente solo por la brisa que acariciaba su rostro\u00bb (Gaudete et exsultate, 127). \u00abA veces, la tristeza est\u00e1 relacionada con la ingratitud, estando tan cerrado en uno mismo como para sentirnos incapaces de reconocer los dones de Dios (Gaudete et exsultate, 126)\u00bb. Vivir con alegr\u00eda, por otro lado, es la \u00abcapacidad de degustar lo esencial\u00bb con sobriedad y compartir lo que uno tiene, renovando \u00abcada d\u00eda la maravilla por la bondad de las cosas, sin agobiarnos en la opacidad del voraz consumo\u00bb (Angelus, 29 de enero de 2017). Un coraz\u00f3n que sabe ver bien, sabe c\u00f3mo agradecer y alabar, es un coraz\u00f3n que sabe c\u00f3mo regocijarse.<o:p><\/o:p><\/span><\/p>\n<p style=\"margin: 0cm 0cm 0.0001pt; text-align: justify; background-image: initial; background-position: initial; background-size: initial; background-repeat: initial; background-attachment: initial; background-origin: initial; background-clip: initial;\"><span style=\"font-size:11.0pt;font-family:\"Calibri\",sans-serif;mso-ascii-theme-font:\nminor-latin;mso-hansi-theme-font:minor-latin;mso-bidi-theme-font:minor-latin;\ncolor:#373737\">\u00a0<\/span><\/p>\n<h2 style=\"margin-top: 0cm; line-height: normal; background-image: initial; background-position: initial; background-size: initial; background-repeat: initial; background-attachment: initial; background-origin: initial; background-clip: initial; box-sizing: border-box; -webkit-tap-highlight-color: rgba(0, 0, 0, 0);\"><b style=\"mso-bidi-font-weight:\nnormal;box-sizing: border-box;-webkit-tap-highlight-color: rgba(0, 0, 0, 0)\"><span style=\"font-size:11.0pt;font-family:\"Calibri\",sans-serif;mso-ascii-theme-font:\nminor-latin;mso-hansi-theme-font:minor-latin;mso-bidi-theme-font:minor-latin;\ncolor:#373737\">6. Saber perdonar y pedir perd\u00f3n<o:p><\/o:p><\/span><\/b><\/h2>\n<p style=\"margin: 0cm 0cm 0.0001pt; background-image: initial; background-position: initial; background-size: initial; background-repeat: initial; background-attachment: initial; background-origin: initial; background-clip: initial; box-sizing: border-box; -webkit-tap-highlight-color: rgba(0, 0, 0, 0);\"><span style=\"font-size:11.0pt;\nfont-family:\"Calibri\",sans-serif;mso-ascii-theme-font:minor-latin;mso-hansi-theme-font:\nminor-latin;mso-bidi-theme-font:minor-latin;color:#373737\">En un coraz\u00f3n lleno de ira y rencor no hay lugar para la felicidad. El que no perdona se hace da\u00f1o a s\u00ed mismo ante todo. El odio genera tristeza. Francisco habla de la alegr\u00eda de quienes perdonan a los dem\u00e1s y saben c\u00f3mo pedir perd\u00f3n. La ra\u00edz de este gozo es comprender que Dios nos perdona. El Papa cita al profeta Sofon\u00edas: \u00abAl\u00e9grate, regoc\u00edjate, gritos de gozo porque el Se\u00f1or ha revocado tu condena\u00bb (Cfr. Sof 3-14-15), es decir \u00ab\u00c9l te ha perdonado, no eres culpable, ha olvidado\u00bb tus faltas. Desafortunadamente &#8211; observa Francisco &#8211; a veces \u00abno somos conscientes del perd\u00f3n de Dios\u00bb y esto se ve por las caras tristes. Recuerda lo que dijo un fil\u00f3sofo: \u00abLos cristianos dicen que tienen un Redentor; Yo creer\u00e9, creer\u00e9 en el Redentor cuando tengan la cara de redimidos, felices de ser redimidos \u00ab(Misa en Santa Marta, 21 de diciembre de 2017). Aqu\u00ed, entonces, est\u00e1 lo que hace el perd\u00f3n: \u00abAmpliar el coraz\u00f3n, genera el compartir, da serenidad y paz\u00bb (Angelus, 26 de diciembre de 2018).<o:p><\/o:p><\/span><\/p>\n<p style=\"margin: 0cm 0cm 0.0001pt; text-align: justify; background-image: initial; background-position: initial; background-size: initial; background-repeat: initial; background-attachment: initial; background-origin: initial; background-clip: initial;\"><span style=\"font-size:11.0pt;font-family:\"Calibri\",sans-serif;mso-ascii-theme-font:\nminor-latin;mso-hansi-theme-font:minor-latin;mso-bidi-theme-font:minor-latin;\ncolor:#373737\">\u00a0<\/span><\/p>\n<h2 style=\"margin-top: 0cm; line-height: normal; background-image: initial; background-position: initial; background-size: initial; background-repeat: initial; background-attachment: initial; background-origin: initial; background-clip: initial; box-sizing: border-box; -webkit-tap-highlight-color: rgba(0, 0, 0, 0);\"><b style=\"mso-bidi-font-weight:\nnormal;box-sizing: border-box;-webkit-tap-highlight-color: rgba(0, 0, 0, 0)\"><span style=\"font-size:11.0pt;font-family:\"Calibri\",sans-serif;mso-ascii-theme-font:\nminor-latin;mso-hansi-theme-font:minor-latin;mso-bidi-theme-font:minor-latin;\ncolor:#373737\">7. La alegr\u00eda del compromiso y el descanso<o:p><\/o:p><\/span><\/b><\/h2>\n<p style=\"margin: 0cm 0cm 0.0001pt; background-image: initial; background-position: initial; background-size: initial; background-repeat: initial; background-attachment: initial; background-origin: initial; background-clip: initial; box-sizing: border-box; -webkit-tap-highlight-color: rgba(0, 0, 0, 0);\"><span style=\"font-size:11.0pt;\nfont-family:\"Calibri\",sans-serif;mso-ascii-theme-font:minor-latin;mso-hansi-theme-font:\nminor-latin;mso-bidi-theme-font:minor-latin;color:#373737\">El Papa nos invita a experimentar la alegr\u00eda de trabajar con otros y por los otros para que construyan un mundo m\u00e1s justo y fraterno. Significa vivir las labores de cada d\u00eda en el esp\u00edritu de las Bienaventuranzas: este es el \u00abcamino de la verdadera felicidad\u00bb que Jes\u00fas indic\u00f3. Es \u00abuna novedad revolucionaria, un modelo de felicidad opuesto\u00bb al \u00abpensamiento dominante\u00bb (Mensaje de la JMJ 2014). Son felices \u00ablos sencillos, los humildes que dejan espacio para Dios, que saben llorar por los dem\u00e1s y por sus errores, siguen permaneciendo tranquilos, luchan por la justicia, son misericordiosos con todos, guardan la pureza del coraz\u00f3n, siempre trabajan por la paz y permanecen en la alegr\u00eda, no odian e, incluso cuando sufren, responden al mal con el bien \u00ab(Angelus, 1 de noviembre de 2017). Las bienaventuranzas \u00abno requieren gestos llamativos\u00bb, no son comportamientos y virtudes para los h\u00e9roes, sino un estilo de vida para aquellos que se reconocen como necesitados de Dios. Son vividas por personas sencillas que \u00abrespiran como todos, el aire contaminado por el mal que existe en el mundo, pero en el recorrido nunca pierden de vista el camino de Jes\u00fas \u00ab: siempre est\u00e1n con \u00c9l en el trabajo y saben c\u00f3mo descansar con \u00c9l para emprender el recorrido con alegr\u00eda.<o:p><\/o:p><\/span><\/p>\n<p style=\"margin: 0cm 0cm 0.0001pt; text-align: justify; background-image: initial; background-position: initial; background-size: initial; background-repeat: initial; background-attachment: initial; background-origin: initial; background-clip: initial;\"><span style=\"font-size:11.0pt;font-family:\"Calibri\",sans-serif;mso-ascii-theme-font:\nminor-latin;mso-hansi-theme-font:minor-latin;mso-bidi-theme-font:minor-latin;\ncolor:#373737\">\u00a0<\/span><\/p>\n<h2 style=\"margin-top: 0cm; line-height: normal; background-image: initial; background-position: initial; background-size: initial; background-repeat: initial; background-attachment: initial; background-origin: initial; background-clip: initial; box-sizing: border-box; -webkit-tap-highlight-color: rgba(0, 0, 0, 0);\"><b style=\"mso-bidi-font-weight:\nnormal;box-sizing: border-box;-webkit-tap-highlight-color: rgba(0, 0, 0, 0)\"><span style=\"font-size:11.0pt;font-family:\"Calibri\",sans-serif;mso-ascii-theme-font:\nminor-latin;mso-hansi-theme-font:minor-latin;mso-bidi-theme-font:minor-latin;\ncolor:#373737\">8. Oraci\u00f3n y fraternidad<o:p><\/o:p><\/span><\/b><\/h2>\n<p style=\"margin: 0cm 0cm 0.0001pt; background-image: initial; background-position: initial; background-size: initial; background-repeat: initial; background-attachment: initial; background-origin: initial; background-clip: initial; box-sizing: border-box; -webkit-tap-highlight-color: rgba(0, 0, 0, 0);\"><span style=\"font-size:11.0pt;\nfont-family:\"Calibri\",sans-serif;mso-ascii-theme-font:minor-latin;mso-hansi-theme-font:\nminor-latin;mso-bidi-theme-font:minor-latin;color:#373737\">El camino hacia la alegr\u00eda se ve dificultado por las pruebas y los fracasos de la vida que llevan al desaliento. El Papa ofrece dos indicaciones para no perder la esperanza y no rendirse: perseverar en la oraci\u00f3n y nunca caminar solo. \u00abPodemos estar seguros, dice Francisco, que Dios responder\u00e1\u201d a nuestra oraci\u00f3n, aunque a veces est\u00e9 seca. \u00abTal vez tengamos que insistir toda la vida, pero \u00c9l responder\u00e1\u00bb (Audiencia general, 9 de enero de 2019). \u00abLa oraci\u00f3n cambia la realidad, no lo olvidemos. Cambia las cosas o cambia nuestro coraz\u00f3n, pero siempre cambia. Orar es ahora la victoria sobre la soledad y la desesperaci\u00f3n\u00bb. Segunda indicaci\u00f3n: siempre hay alguien en la vida \u00abque nos ayuda a levantarnos\u00bb porque \u00abel Se\u00f1or nos salva al hacernos parte de un pueblo\u00bb. El Papa advierte contra la tentaci\u00f3n del individualismo: \u00abNo dejes que el mundo te haga creer que es mejor caminar solo. Nunca llegas solo. S\u00ed, podr\u00e1s tener \u00e9xito en la vida, pero sin amor, sin compa\u00f1eros, sin pertenecer a un pueblo, sin esa experiencia tan hermosa que es el arriesgar juntos. No se puede caminar solo \u00ab(Encuentro con j\u00f3venes en Vilnius, 22 de septiembre de 2018).<o:p><\/o:p><\/span><\/p>\n<p style=\"margin: 0cm 0cm 0.0001pt; text-align: justify; background-image: initial; background-position: initial; background-size: initial; background-repeat: initial; background-attachment: initial; background-origin: initial; background-clip: initial;\"><span style=\"font-size:11.0pt;font-family:\"Calibri\",sans-serif;mso-ascii-theme-font:\nminor-latin;mso-hansi-theme-font:minor-latin;mso-bidi-theme-font:minor-latin;\ncolor:#373737\">\u00a0<\/span><\/p>\n<h2 style=\"margin-top: 0cm; line-height: normal; background-image: initial; background-position: initial; background-size: initial; background-repeat: initial; background-attachment: initial; background-origin: initial; background-clip: initial; box-sizing: border-box; -webkit-tap-highlight-color: rgba(0, 0, 0, 0);\"><b style=\"mso-bidi-font-weight:\nnormal;box-sizing: border-box;-webkit-tap-highlight-color: rgba(0, 0, 0, 0)\"><span style=\"font-size:11.0pt;font-family:\"Calibri\",sans-serif;mso-ascii-theme-font:\nminor-latin;mso-hansi-theme-font:minor-latin;mso-bidi-theme-font:minor-latin;\ncolor:#373737\">9. Abandonarse en las manos de Dios<o:p><\/o:p><\/span><\/b><\/h2>\n<p style=\"margin: 0cm 0cm 0.0001pt; background-image: initial; background-position: initial; background-size: initial; background-repeat: initial; background-attachment: initial; background-origin: initial; background-clip: initial; box-sizing: border-box; -webkit-tap-highlight-color: rgba(0, 0, 0, 0);\"><span style=\"font-size:11.0pt;\nfont-family:\"Calibri\",sans-serif;mso-ascii-theme-font:minor-latin;mso-hansi-theme-font:\nminor-latin;mso-bidi-theme-font:minor-latin;color:#373737\">En la vida est\u00e1 el tiempo de la cruz, hay momentos oscuros que nos hacen sentirnos abandonados por Dios y en este silencio de Dios necesitamos m\u00e1s que nunca abandonarnos en sus manos. Entonces, observa Francisco, descendemos a la \u201cprimera grada de la alegr\u00eda\u00bb que es la paz, esa paz profunda que proviene de confiarse completamente a Dios. Es una \u00abalegr\u00eda sobrenatural\u00bb que nada puede destruir y \u00abse adapta y se transforma, y siempre permanece al menos como un rayo de luz que proviene de la certeza de que \u00ablas gracias del Se\u00f1or no han terminado, sus misericordias no se agotan\u00bb porque \u00absu fidelidad es grande\u00bb, como dice Jes\u00fas: \u00abTu tristeza cambiar\u00e1 en alegr\u00eda \u00aby\u00bb nadie puede quitarte tu alegr\u00eda \u00ab. \u00abLa Buena Nueva es la alegr\u00eda de un Padre que no quiere que ninguno de sus hijos se pierda\u00bb (Evangelii gaudium, 237).<o:p><\/o:p><\/span><\/p>\n<h2 style=\"margin-top: 0cm; line-height: normal; background-image: initial; background-position: initial; background-size: initial; background-repeat: initial; background-attachment: initial; background-origin: initial; background-clip: initial; box-sizing: border-box; -webkit-tap-highlight-color: rgba(0, 0, 0, 0);\"><span style=\"font-size:11.0pt;\nfont-family:\"Calibri\",sans-serif;mso-ascii-theme-font:minor-latin;mso-hansi-theme-font:\nminor-latin;mso-bidi-theme-font:minor-latin;color:#373737\">\u00a0<\/span><\/h2>\n<h2 style=\"margin-top: 0cm; text-align: justify; line-height: normal; background-image: initial; background-position: initial; background-size: initial; background-repeat: initial; background-attachment: initial; background-origin: initial; background-clip: initial;\"><b><span style=\"font-size:11.0pt;\nfont-family:\"Calibri\",sans-serif;mso-ascii-theme-font:minor-latin;mso-hansi-theme-font:\nminor-latin;mso-bidi-theme-font:minor-latin;color:#373737\">10. Saber que eres amado<o:p><\/o:p><\/span><\/b><\/h2>\n<p style=\"margin: 0cm 0cm 0.0001pt; background-image: initial; background-position: initial; background-size: initial; background-repeat: initial; background-attachment: initial; background-origin: initial; background-clip: initial; box-sizing: border-box; -webkit-tap-highlight-color: rgba(0, 0, 0, 0);\"><span style=\"font-size:11.0pt;\nfont-family:\"Calibri\",sans-serif;mso-ascii-theme-font:minor-latin;mso-hansi-theme-font:\nminor-latin;mso-bidi-theme-font:minor-latin;color:#373737\">El verdadero gozo, afirma el Papa, proviene del encuentro con Jes\u00fas, de creer que nos am\u00f3 hasta el punto de dar su vida por nosotros. La alegr\u00eda es saber que somos amados por Dios, que es Padre. La verdadera alegr\u00eda no es el fruto de nuestros esfuerzos, sino del Esp\u00edritu Santo que nos pide que abramos nuestros corazones para llenarlos de felicidad. \u00abSi permitimos que el Se\u00f1or nos haga salir de nuestro caparaz\u00f3n y cambiemos nuestras vidas, entonces podremos darnos cuenta de lo que San Pablo ped\u00eda:\u00bb Est\u00e9n siempre alegres en el Se\u00f1or, repito: alegr\u00e9monos \u00ab(Gaudete et exsultate, 122)\u00bb. Por lo tanto, la alegr\u00eda es escuchar a Dios que nos dice: \u00abT\u00fa eres importante para m\u00ed, te amo, cuento contigo\u00bb. De esto viene la alegr\u00eda, desde el momento en que Jes\u00fas me mir\u00f3: \u00abSentirse amados por Dios, sentir que por \u00c9l no somos n\u00fameros, sino personas; y sentir que es \u00c9l quien nos llama \u00ab(Discurso a los seminaristas, 6 de julio de 2013). Los santos, observa Francisco, no son superhombres, sino aquellos \u00abque descubrieron el secreto de la felicidad aut\u00e9ntica, que vive en el fondo del alma y tienen su origen en el amor de Dios\u00bb (Misa en Malm\u00f6, 1 de noviembre de 2016). \u00abLa felicidad no se trata de tener algo o de convertirse en alguien, no, la verdadera felicidad es estar con el Se\u00f1or y vivir por amor\u00bb (Angelus, 1 de noviembre de 2017), porque \u00abnacimos para no morir nunca m\u00e1s, nacimos para disfrutar\u00bb. \u00a1La felicidad de Dios! \u00ab(Angelus, 1 de noviembre de 2018).<o:p><\/o:p><\/span><\/p>\n<p class=\"MsoNormal\" style=\"margin-bottom:0cm;margin-bottom:.0001pt;text-align:\njustify;line-height:normal\"><o:p>\u00a0<\/o:p><\/p>\n<p style=\"margin: 0cm 0cm 0.0001pt; text-align: justify; background-image: initial; background-position: initial; background-size: initial; background-repeat: initial; background-attachment: initial; background-origin: initial; background-clip: initial;\"><i><span style=\"font-size:11.0pt;font-family:\n\"Calibri\",sans-serif;mso-ascii-theme-font:minor-latin;mso-hansi-theme-font:\nminor-latin;mso-bidi-theme-font:minor-latin;color:#373737\">Tomado de: VATICAN NEWS. Por Sergio Centofanti. Ciudad del Vaticano. 19 de marzo de 2019.<\/span><\/i>\u00a0<\/p>\n<p><a href=\"http:\/\/web.hilo.org.pe\/wp-content\/uploads\/Jornada Felicidad.jpeg\" target=\"_blank\" rel=\"noopener\">Ver archivo adjunto<\/a><\/p>\n","protected":false},"excerpt":{"rendered":"<p>Este 20 de marzo se celebra la Jornada Mundial de la Felicidad. En esta ocasi\u00f3n Vatican News propone una especie de dec\u00e1logo de la alegr\u00eda, extra\u00eddo del magisterio del Papa Francisco.<\/p>\n","protected":false},"author":1,"featured_media":7855,"comment_status":"closed","ping_status":"closed","sticky":false,"template":"","format":"standard","meta":{"footnotes":""},"categories":[9],"tags":[],"class_list":["post-3219","post","type-post","status-publish","format-standard","has-post-thumbnail","hentry","category-noticias"],"_links":{"self":[{"href":"https:\/\/ceas.org.pe\/index.php\/wp-json\/wp\/v2\/posts\/3219","targetHints":{"allow":["GET"]}}],"collection":[{"href":"https:\/\/ceas.org.pe\/index.php\/wp-json\/wp\/v2\/posts"}],"about":[{"href":"https:\/\/ceas.org.pe\/index.php\/wp-json\/wp\/v2\/types\/post"}],"author":[{"embeddable":true,"href":"https:\/\/ceas.org.pe\/index.php\/wp-json\/wp\/v2\/users\/1"}],"replies":[{"embeddable":true,"href":"https:\/\/ceas.org.pe\/index.php\/wp-json\/wp\/v2\/comments?post=3219"}],"version-history":[{"count":1,"href":"https:\/\/ceas.org.pe\/index.php\/wp-json\/wp\/v2\/posts\/3219\/revisions"}],"predecessor-version":[{"id":5999,"href":"https:\/\/ceas.org.pe\/index.php\/wp-json\/wp\/v2\/posts\/3219\/revisions\/5999"}],"wp:featuredmedia":[{"embeddable":true,"href":"https:\/\/ceas.org.pe\/index.php\/wp-json\/wp\/v2\/media\/7855"}],"wp:attachment":[{"href":"https:\/\/ceas.org.pe\/index.php\/wp-json\/wp\/v2\/media?parent=3219"}],"wp:term":[{"taxonomy":"category","embeddable":true,"href":"https:\/\/ceas.org.pe\/index.php\/wp-json\/wp\/v2\/categories?post=3219"},{"taxonomy":"post_tag","embeddable":true,"href":"https:\/\/ceas.org.pe\/index.php\/wp-json\/wp\/v2\/tags?post=3219"}],"curies":[{"name":"wp","href":"https:\/\/api.w.org\/{rel}","templated":true}]}}