{"id":3218,"date":"2019-03-18T11:30:46","date_gmt":"2019-03-18T11:30:46","guid":{"rendered":""},"modified":"2026-03-11T09:11:55","modified_gmt":"2026-03-11T14:11:55","slug":"papa-en-angelus-jesus-prepara-apostoles-para-soportar-escandalo-de-la-cruz","status":"publish","type":"post","link":"https:\/\/ceas.org.pe\/index.php\/2019\/03\/18\/papa-en-angelus-jesus-prepara-apostoles-para-soportar-escandalo-de-la-cruz\/","title":{"rendered":"Papa en \u00c1ngelus: Jes\u00fas prepara ap\u00f3stoles para soportar esc\u00e1ndalo de la cruz"},"content":{"rendered":"<p style=\"margin: 0cm 0cm 0.0001pt; background-image: initial; background-position: initial; background-size: initial; background-repeat: initial; background-attachment: initial; background-origin: initial; background-clip: initial;\"><span style=\"font-size:11.0pt;font-family:\"Calibri\",sans-serif;mso-ascii-theme-font:\nminor-latin;mso-hansi-theme-font:minor-latin;mso-bidi-theme-font:minor-latin;\ncolor:#373737\"><a href=\"https:\/\/www.facebook.com\/vaticannews.es\/videos\/1064937530379509\/\"><span style=\"color: rgb(55, 55, 55); text-decoration-line: none;\">El Papa en este segundo domingo de Cuaresma nos invita a \u201ccontemplar el acontecimiento de la Transfiguraci\u00f3n<\/span><\/a>, en el que Jes\u00fas concede a los disc\u00edpulos Pedro, Santiago y Juan el anticipo de la gloria de la Resurrecci\u00f3n: una visi\u00f3n del cielo en la tierra. El evangelista Lucas (9:28-36) nos muestra a Jes\u00fas transfigurado en el monte, que es el lugar de la luz, un s\u00edmbolo fascinante de la experiencia \u00fanica reservada a los tres disc\u00edpulos. Suben con el Maestro al monte, lo ven sumido en la oraci\u00f3n, y en cierto momento \u00absu rostro cambi\u00f3 de aspecto\u00bb (v. 29).<o:p><\/o:p><\/span><\/p>\n<h2 style=\"margin-top: 0cm; line-height: normal; background-image: initial; background-position: initial; background-size: initial; background-repeat: initial; background-attachment: initial; background-origin: initial; background-clip: initial; box-sizing: border-box; -webkit-tap-highlight-color: rgba(0, 0, 0, 0);\"><b><span style=\"font-size:11.0pt;font-family:\"Calibri\",sans-serif;\nmso-ascii-theme-font:minor-latin;mso-hansi-theme-font:minor-latin;mso-bidi-theme-font:\nminor-latin;color:#373737\">\u00a0<\/span><\/b><\/h2>\n<h2 style=\"margin-top: 0cm; line-height: normal; background-image: initial; background-position: initial; background-size: initial; background-repeat: initial; background-attachment: initial; background-origin: initial; background-clip: initial;\"><b><span style=\"font-size:11.0pt;font-family:\"Calibri\",sans-serif;mso-ascii-theme-font:\nminor-latin;mso-hansi-theme-font:minor-latin;mso-bidi-theme-font:minor-latin;\ncolor:#373737\">Asombro de los disc\u00edpulos<\/span><\/b><span style=\"font-size:11.0pt;\nfont-family:\"Calibri\",sans-serif;mso-ascii-theme-font:minor-latin;mso-hansi-theme-font:\nminor-latin;mso-bidi-theme-font:minor-latin;color:#373737\"><o:p><\/o:p><\/span><\/h2>\n<p style=\"margin: 0cm 0cm 0.0001pt; background-image: initial; background-position: initial; background-size: initial; background-repeat: initial; background-attachment: initial; background-origin: initial; background-clip: initial; box-sizing: border-box; -webkit-tap-highlight-color: rgba(0, 0, 0, 0);\"><span style=\"font-size:11.0pt;font-family:\"Calibri\",sans-serif;mso-ascii-theme-font:\nminor-latin;mso-hansi-theme-font:minor-latin;mso-bidi-theme-font:minor-latin;\ncolor:#373737\">En los tres disc\u00edpulos esta experiencia genera una reacci\u00f3n primera, afirma el Papa: \u201cAcostumbrados a verle cada d\u00eda en la simple apariencia de su humanidad, frente a ese nuevo esplendor, que tambi\u00e9n envuelve toda su persona, se asombran\u201d.<o:p><\/o:p><\/span><\/p>\n<p style=\"margin: 0cm 0cm 0.0001pt; background-image: initial; background-position: initial; background-size: initial; background-repeat: initial; background-attachment: initial; background-origin: initial; background-clip: initial; box-sizing: border-box; -webkit-tap-highlight-color: rgba(0, 0, 0, 0);\"><span style=\"font-size:11.0pt;font-family:\"Calibri\",sans-serif;mso-ascii-theme-font:\nminor-latin;mso-hansi-theme-font:minor-latin;mso-bidi-theme-font:minor-latin;\ncolor:#373737\">El asombro es todav\u00eda m\u00e1s grande, afirma el Papa, porque \u201cjunto a Jes\u00fas aparecen Mois\u00e9s y El\u00edas, que le hablan de su pr\u00f3ximo \u00ab\u00e9xodo\u00bb, es decir, de su Pascua de muerte y resurrecci\u00f3n. Entonces Pedro exclama: \u00abMaestro, es hermoso que estemos aqu\u00ed\u00bb. (v. 33). \u00a1\u00c9l no quer\u00eda que ese momento de gracia terminara!\u201d.<o:p><\/o:p><\/span><\/p>\n<h2 style=\"margin-top: 0cm; line-height: normal; background-image: initial; background-position: initial; background-size: initial; background-repeat: initial; background-attachment: initial; background-origin: initial; background-clip: initial;\"><b><span style=\"font-size:11.0pt;font-family:\"Calibri\",sans-serif;mso-ascii-theme-font:\nminor-latin;mso-hansi-theme-font:minor-latin;mso-bidi-theme-font:minor-latin;\ncolor:#373737\">\u00a0<\/span><\/b><\/h2>\n<h2 style=\"margin-top: 0cm; line-height: normal; background-image: initial; background-position: initial; background-size: initial; background-repeat: initial; background-attachment: initial; background-origin: initial; background-clip: initial;\"><b><span style=\"font-size:11.0pt;font-family:\"Calibri\",sans-serif;mso-ascii-theme-font:\nminor-latin;mso-hansi-theme-font:minor-latin;mso-bidi-theme-font:minor-latin;\ncolor:#373737\">El lugar de la transfiguraci\u00f3n<\/span><\/b><span style=\"font-size:\n11.0pt;font-family:\"Calibri\",sans-serif;mso-ascii-theme-font:minor-latin;\nmso-hansi-theme-font:minor-latin;mso-bidi-theme-font:minor-latin;color:#373737\"><o:p><\/o:p><\/span><\/h2>\n<p style=\"margin: 0cm 0cm 0.0001pt; background-image: initial; background-position: initial; background-size: initial; background-repeat: initial; background-attachment: initial; background-origin: initial; background-clip: initial; box-sizing: border-box; -webkit-tap-highlight-color: rgba(0, 0, 0, 0);\"><span style=\"font-size:11.0pt;font-family:\"Calibri\",sans-serif;mso-ascii-theme-font:\nminor-latin;mso-hansi-theme-font:minor-latin;mso-bidi-theme-font:minor-latin;\ncolor:#373737\">Para el Papa, \u201cla Transfiguraci\u00f3n tiene lugar en un momento muy preciso de la misi\u00f3n de Cristo, es decir, despu\u00e9s de haber confiado a sus disc\u00edpulos que \u00abdebe sufrir mucho, [&#8230;] ser matado y resucitar al tercer d\u00eda\u00bb (v. 21). Jes\u00fas sabe que ellos no aceptan esta realidad, y entonces quiere prepararlos para soportar el esc\u00e1ndalo de la pasi\u00f3n y muerte de la cruz, para que sepan que este es el camino por el cual el Padre celestial llevar\u00e1 a su Hijo escogido a la gloria, resucit\u00e1ndolo de entre los muertos. Y este ser\u00e1 tambi\u00e9n el camino de los disc\u00edpulos: nadie llega a la vida eterna si no es siguiendo a Jes\u00fas, llevando su propia cruz en la vida terrena\u201d.<o:p><\/o:p><\/span><\/p>\n<p class=\"MsoNormal\" style=\"line-height:normal\"><span style=\"color: rgb(55, 55, 55); background-image: initial; background-position: initial; background-size: initial; background-repeat: initial; background-attachment: initial; background-origin: initial; background-clip: initial;\">El misterio de la transfiguraci\u00f3n, insiste el Papa, \u201cnos muestra la perspectiva cristiana del sufrimiento: es un paso necesario pero transitorio. El punto de llegada al que estamos llamados es tan luminoso como el rostro del Cristo transfigurado: en \u00e9l est\u00e1 la salvaci\u00f3n, la bienaventuranza, la luz, el amor ilimitado de Dios. Al mostrar su gloria, Jes\u00fas nos asegura que la cruz, las pruebas, las dificultades en las que estamos luchando tienen su soluci\u00f3n y su superaci\u00f3n en su Pascua\u201d.<\/span><o:p><\/o:p><\/p>\n<h2 style=\"margin-top: 0cm; line-height: normal; background-image: initial; background-position: initial; background-size: initial; background-repeat: initial; background-attachment: initial; background-origin: initial; background-clip: initial;\"><b><span style=\"font-size:11.0pt;font-family:\"Calibri\",sans-serif;mso-ascii-theme-font:\nminor-latin;mso-hansi-theme-font:minor-latin;mso-bidi-theme-font:minor-latin;\ncolor:#373737\">La gracia del resucitado<\/span><\/b><span style=\"font-size:11.0pt;\nfont-family:\"Calibri\",sans-serif;mso-ascii-theme-font:minor-latin;mso-hansi-theme-font:\nminor-latin;mso-bidi-theme-font:minor-latin;color:#373737\"><o:p><\/o:p><\/span><\/h2>\n<p style=\"margin: 0cm 0cm 0.0001pt; background-image: initial; background-position: initial; background-size: initial; background-repeat: initial; background-attachment: initial; background-origin: initial; background-clip: initial; box-sizing: border-box; -webkit-tap-highlight-color: rgba(0, 0, 0, 0);\"><span style=\"font-size:11.0pt;font-family:\"Calibri\",sans-serif;mso-ascii-theme-font:\nminor-latin;mso-hansi-theme-font:minor-latin;mso-bidi-theme-font:minor-latin;\ncolor:#373737\">Cristo transfigurado, como parte de la reflexi\u00f3n de la Cuaresma, es una invitaci\u00f3n a todos los cristianos a subir al monte: \u201c\u00bfEn qu\u00e9 sentido? Con oraci\u00f3n. Permanezcamos unos instantes en el recogimiento, fijemos nuestra mirada interior en su rostro y dejemos que su luz nos impregne e irradie en nuestras vidas\u201d.<o:p><\/o:p><\/span><\/p>\n<p style=\"margin: 0cm 0cm 0.0001pt; background-image: initial; background-position: initial; background-size: initial; background-repeat: initial; background-attachment: initial; background-origin: initial; background-clip: initial; box-sizing: border-box; -webkit-tap-highlight-color: rgba(0, 0, 0, 0);\"><span style=\"font-size:11.0pt;font-family:\"Calibri\",sans-serif;mso-ascii-theme-font:\nminor-latin;mso-hansi-theme-font:minor-latin;mso-bidi-theme-font:minor-latin;\ncolor:#373737\">Para el Papa, el evangelista Lucas subraya \u201cel hecho de que Jes\u00fas se transfigur\u00f3 \u00abmientras oraba\u00bb (v. 29). Se hab\u00eda sumergido en una conversaci\u00f3n \u00edntima con el Padre, en la que tambi\u00e9n resonaban la Ley y los Profetas, Mois\u00e9s y El\u00edas&#8230; Es as\u00ed: la oraci\u00f3n en Cristo y en el Esp\u00edritu Santo transforma a la persona desde dentro y puede iluminar a los dem\u00e1s y al mundo que la rodea\u201d.<o:p><\/o:p><\/span><\/p>\n<p style=\"margin: 0cm 0cm 0.0001pt; background-image: initial; background-position: initial; background-size: initial; background-repeat: initial; background-attachment: initial; background-origin: initial; background-clip: initial; box-sizing: border-box; -webkit-tap-highlight-color: rgba(0, 0, 0, 0);\"><span style=\"font-size:11.0pt;font-family:\"Calibri\",sans-serif;mso-ascii-theme-font:\nminor-latin;mso-hansi-theme-font:minor-latin;mso-bidi-theme-font:minor-latin;\ncolor:#373737\">El Papa Francisco finaliz\u00f3 su alocuci\u00f3n, invitando a que \u201ccontinuemos nuestro camino cuaresmal con alegr\u00eda\u2026 Que la Virgen Mar\u00eda nos ense\u00f1e a permanecer con Jes\u00fas aun cuando no lo entendamos a \u00e9l o a sus caminos. Porque s\u00f3lo estando a su lado veremos Su gloria\u201d.<o:p><\/o:p><\/span><\/p>\n<p class=\"MsoNormal\" style=\"line-height:normal\"><i>\u00a0<\/i><\/p>\n<p><i>Tomado de: VATICAN NEWS. Por <span style=\"background-image: initial; background-position: initial; background-size: initial; background-repeat: initial; background-attachment: initial; background-origin: initial; background-clip: initial;\">Manuel Cub\u00edas \u2013 Ciudad del Vaticano. 17 de marzo de 2019.<\/span><\/i>\u00a0<\/p>\n<p><a href=\"http:\/\/web.hilo.org.pe\/wp-content\/uploads\/domingo.jpeg\" target=\"_blank\" rel=\"noopener\">Ver archivo adjunto<\/a><\/p>\n","protected":false},"excerpt":{"rendered":"<p>El Papa Francisco invita a los cristianos del mundo, a vivir la Cuaresma como un tiempo \u201cpara disfrutar de la cercan\u00eda con Dios\u201d, y para reanudar \u201cel camino sacrificado de la cruz, que conduce a la resurrecci\u00f3n\u201d<\/p>\n","protected":false},"author":1,"featured_media":7960,"comment_status":"closed","ping_status":"closed","sticky":false,"template":"","format":"standard","meta":{"footnotes":""},"categories":[9],"tags":[],"class_list":["post-3218","post","type-post","status-publish","format-standard","has-post-thumbnail","hentry","category-noticias"],"_links":{"self":[{"href":"https:\/\/ceas.org.pe\/index.php\/wp-json\/wp\/v2\/posts\/3218","targetHints":{"allow":["GET"]}}],"collection":[{"href":"https:\/\/ceas.org.pe\/index.php\/wp-json\/wp\/v2\/posts"}],"about":[{"href":"https:\/\/ceas.org.pe\/index.php\/wp-json\/wp\/v2\/types\/post"}],"author":[{"embeddable":true,"href":"https:\/\/ceas.org.pe\/index.php\/wp-json\/wp\/v2\/users\/1"}],"replies":[{"embeddable":true,"href":"https:\/\/ceas.org.pe\/index.php\/wp-json\/wp\/v2\/comments?post=3218"}],"version-history":[{"count":1,"href":"https:\/\/ceas.org.pe\/index.php\/wp-json\/wp\/v2\/posts\/3218\/revisions"}],"predecessor-version":[{"id":6000,"href":"https:\/\/ceas.org.pe\/index.php\/wp-json\/wp\/v2\/posts\/3218\/revisions\/6000"}],"wp:featuredmedia":[{"embeddable":true,"href":"https:\/\/ceas.org.pe\/index.php\/wp-json\/wp\/v2\/media\/7960"}],"wp:attachment":[{"href":"https:\/\/ceas.org.pe\/index.php\/wp-json\/wp\/v2\/media?parent=3218"}],"wp:term":[{"taxonomy":"category","embeddable":true,"href":"https:\/\/ceas.org.pe\/index.php\/wp-json\/wp\/v2\/categories?post=3218"},{"taxonomy":"post_tag","embeddable":true,"href":"https:\/\/ceas.org.pe\/index.php\/wp-json\/wp\/v2\/tags?post=3218"}],"curies":[{"name":"wp","href":"https:\/\/api.w.org\/{rel}","templated":true}]}}