{"id":3216,"date":"2019-03-11T11:41:42","date_gmt":"2019-03-11T11:41:42","guid":{"rendered":""},"modified":"2026-03-11T09:11:55","modified_gmt":"2026-03-11T14:11:55","slug":"caminata-huellas-de-ternura-movilizo-a-mil-personas-para-promover-la-no-violencia-en-la-ninez","status":"publish","type":"post","link":"https:\/\/ceas.org.pe\/index.php\/2019\/03\/11\/caminata-huellas-de-ternura-movilizo-a-mil-personas-para-promover-la-no-violencia-en-la-ninez\/","title":{"rendered":"Caminata Huellas de Ternura moviliz\u00f3 a mil personas para promover la No Violencia en la Ni\u00f1ez"},"content":{"rendered":"<p style=\"margin: 0cm 0cm 0.0001pt; background-image: initial; background-position: initial; background-size: initial; background-repeat: initial; background-attachment: initial; background-origin: initial; background-clip: initial;\"><span style=\"font-size:11.0pt;font-family:\"Calibri\",sans-serif;mso-ascii-theme-font:\nminor-latin;mso-hansi-theme-font:minor-latin;mso-bidi-theme-font:minor-latin;\ncolor:#1D2129\">La eucarist\u00eda fue oficiada por el nuevo Arzobispo electo de Lima, Mons. Carlos Castillo junto al Obispo Auxiliar de Lim<\/span><span style=\"font-size:11.0pt;font-family:\"Calibri\",sans-serif;mso-ascii-theme-font:\nminor-latin;mso-hansi-theme-font:minor-latin;mso-bidi-theme-font:minor-latin\">a, Ra\u00fal Chao, quienes firmaron pactos de ternura.<span style=\"color:#1D2129\"><o:p><\/o:p><\/span><\/span><\/p>\n<p style=\"margin: 0cm 0cm 0.0001pt; background-image: initial; background-position: initial; background-size: initial; background-repeat: initial; background-attachment: initial; background-origin: initial; background-clip: initial;\"><span style=\"font-size:11.0pt;font-family:\"Calibri\",sans-serif;mso-ascii-theme-font:\nminor-latin;mso-hansi-theme-font:minor-latin;mso-bidi-theme-font:minor-latin;\ncolor:#1D2129\">\u00a0<\/span><\/p>\n<p style=\"margin: 0cm 0cm 0.0001pt; background-image: initial; background-position: initial; background-size: initial; background-repeat: initial; background-attachment: initial; background-origin: initial; background-clip: initial;\"><span style=\"font-size:11.0pt;font-family:\"Calibri\",sans-serif;mso-ascii-theme-font:\nminor-latin;mso-hansi-theme-font:minor-latin;mso-bidi-theme-font:minor-latin;\ncolor:#1D2129\">Adem\u00e1s, el Arzobispo de Lima coloc\u00f3 en la Cometa de la Ternura una cinta con los colores de nuestra bandera nacional con la palabra Per\u00fa como s\u00edmbolo de compromiso por la ni\u00f1ez.<o:p><\/o:p><\/span><\/p>\n<p style=\"margin: 0cm 0cm 0.0001pt; background-image: initial; background-position: initial; background-size: initial; background-repeat: initial; background-attachment: initial; background-origin: initial; background-clip: initial;\"><span style=\"font-size:11.0pt;font-family:\"Calibri\",sans-serif;mso-ascii-theme-font:\nminor-latin;mso-hansi-theme-font:minor-latin;mso-bidi-theme-font:minor-latin;\ncolor:#1D2129\">\u00a0<\/span><\/p>\n<p style=\"margin: 0cm 0cm 0.0001pt; background-image: initial; background-position: initial; background-size: initial; background-repeat: initial; background-attachment: initial; background-origin: initial; background-clip: initial;\"><span style=\"font-size:11.0pt;font-family:\"Calibri\",sans-serif;mso-ascii-theme-font:\nminor-latin;mso-hansi-theme-font:minor-latin;mso-bidi-theme-font:minor-latin;\ncolor:#1D2129\">Al ritmo de una batucada, diferentes organizaciones se hicieron presentes en la caminata como\u00a0<a href=\"https:\/\/www.facebook.com\/GNRC-Red-Global-de-Religiones-a-favor-de-la-Ni%C3%B1ez-Per%C3%BA-316198492270261\/?__tn__=K-R&#038;eid=ARDy-2Q-N2gQf5dMzSM40VqPkWJaYL6kWmbk3j1kIPMSVgYST-RKbL-suwR1MJTZO4vNnbjeQxH-eSSm&#038;fref=mentions&#038;__xts__%5B0%5D=68.ARCNFe51Fcj76lhi1gk-UnPpk_UBGjGtkm1okXcrVfzlzt7SKa5D1IlI4AXjTLb7dtUU6dKuMcAq0xDyp2RtlEMlAFNcJ7dY1-rJuyzj7JwtQbrJ-WHukSz9Mm-vvzmBmbL2gbHJmhaMfi8Ngy519YMtO16UAJyDG7-aIRXqCeaK0sTVlaWr6-NM821bMQVaXAIgtic-hu6hpctmaLrW2MOvGMPjZbM4BBRmmX1wROaDkpGCgUCk5Bl8WERHSd5rpLgDknBMFeqWQAB6XNVMCWY8X13HZlWFja8iKdpSGkt0vqVFF8tqto1e3Jy-n8012I7EvIRYdXgxw345UEs4lZTq8A\" data-hovercard=\"\/ajax\/hovercard\/page.php?id=316198492270261&#038;extragetparams=%7B%22__tn__%22%3A%22%2CdK-R-R%22%2C%22eid%22%3A%22ARDy-2Q-N2gQf5dMzSM40VqPkWJaYL6kWmbk3j1kIPMSVgYST-RKbL-suwR1MJTZO4vNnbjeQxH-eSSm%22%2C%22fref%22%3A%22mentions%22%7D\" data-hovercard-prefer-more-content-show=\"1\" style=\"cursor:pointer\"><span style=\"color: rgb(29, 33, 41); text-decoration-line: none;\">GNRC &#8211; Red Global de Religiones a favor de la Ni\u00f1ez &#8211; Per\u00fa<\/span><\/a>, Movimiento con la ni\u00f1ez y la juventud,\u00a0<a href=\"https:\/\/www.facebook.com\/caritaslima\/?__tn__=K-R&#038;eid=ARA0AXSI7T3JPg-LsCrQFvGkP27AdSqLMaIoIFFXC62-Hys4gfIbLo3Bekbr_oSboM0P81-ysWcd3O7X&#038;fref=mentions&#038;__xts__%5B0%5D=68.ARCNFe51Fcj76lhi1gk-UnPpk_UBGjGtkm1okXcrVfzlzt7SKa5D1IlI4AXjTLb7dtUU6dKuMcAq0xDyp2RtlEMlAFNcJ7dY1-rJuyzj7JwtQbrJ-WHukSz9Mm-vvzmBmbL2gbHJmhaMfi8Ngy519YMtO16UAJyDG7-aIRXqCeaK0sTVlaWr6-NM821bMQVaXAIgtic-hu6hpctmaLrW2MOvGMPjZbM4BBRmmX1wROaDkpGCgUCk5Bl8WERHSd5rpLgDknBMFeqWQAB6XNVMCWY8X13HZlWFja8iKdpSGkt0vqVFF8tqto1e3Jy-n8012I7EvIRYdXgxw345UEs4lZTq8A\" data-hovercard=\"\/ajax\/hovercard\/page.php?id=125798377496602&#038;extragetparams=%7B%22__tn__%22%3A%22%2CdK-R-R%22%2C%22eid%22%3A%22ARA0AXSI7T3JPg-LsCrQFvGkP27AdSqLMaIoIFFXC62-Hys4gfIbLo3Bekbr_oSboM0P81-ysWcd3O7X%22%2C%22fref%22%3A%22mentions%22%7D\" data-hovercard-prefer-more-content-show=\"1\" style=\"cursor:pointer\"><span style=\"color: rgb(29, 33, 41); text-decoration-line: none;\">Vicar\u00eda de la Caridad-C\u00e1ritas Lima<\/span><\/a>,\u00a0<a href=\"https:\/\/www.facebook.com\/Caritas-Chosica-1516594328563440\/?__tn__=K-R&#038;eid=ARAegkjO9ZjlcTiyBhRQU6vhm7hmS9xXLKYXxty45Iro05jzk5gWwuygZg8Gw4l250yrmxxzy3_N8tIr&#038;fref=mentions&#038;__xts__%5B0%5D=68.ARCNFe51Fcj76lhi1gk-UnPpk_UBGjGtkm1okXcrVfzlzt7SKa5D1IlI4AXjTLb7dtUU6dKuMcAq0xDyp2RtlEMlAFNcJ7dY1-rJuyzj7JwtQbrJ-WHukSz9Mm-vvzmBmbL2gbHJmhaMfi8Ngy519YMtO16UAJyDG7-aIRXqCeaK0sTVlaWr6-NM821bMQVaXAIgtic-hu6hpctmaLrW2MOvGMPjZbM4BBRmmX1wROaDkpGCgUCk5Bl8WERHSd5rpLgDknBMFeqWQAB6XNVMCWY8X13HZlWFja8iKdpSGkt0vqVFF8tqto1e3Jy-n8012I7EvIRYdXgxw345UEs4lZTq8A\" data-hovercard=\"\/ajax\/hovercard\/page.php?id=1516594328563440&#038;extragetparams=%7B%22__tn__%22%3A%22%2CdK-R-R%22%2C%22eid%22%3A%22ARAegkjO9ZjlcTiyBhRQU6vhm7hmS9xXLKYXxty45Iro05jzk5gWwuygZg8Gw4l250yrmxxzy3_N8tIr%22%2C%22fref%22%3A%22mentions%22%7D\" data-hovercard-prefer-more-content-show=\"1\" style=\"cursor:pointer\"><span style=\"color: rgb(29, 33, 41); text-decoration-line: none;\">Caritas Chosica<\/span><\/a>,\u00a0<a href=\"https:\/\/www.facebook.com\/ceasperu\/?__tn__=K-R&#038;eid=ARAVqyAdTBOtHHnEWv7G823Wk7NuCBnjbVw6EvziLFpkG4uywOfihovH9_6Z77jjJlW9lMWjFA5M5qtW&#038;fref=mentions&#038;__xts__%5B0%5D=68.ARCNFe51Fcj76lhi1gk-UnPpk_UBGjGtkm1okXcrVfzlzt7SKa5D1IlI4AXjTLb7dtUU6dKuMcAq0xDyp2RtlEMlAFNcJ7dY1-rJuyzj7JwtQbrJ-WHukSz9Mm-vvzmBmbL2gbHJmhaMfi8Ngy519YMtO16UAJyDG7-aIRXqCeaK0sTVlaWr6-NM821bMQVaXAIgtic-hu6hpctmaLrW2MOvGMPjZbM4BBRmmX1wROaDkpGCgUCk5Bl8WERHSd5rpLgDknBMFeqWQAB6XNVMCWY8X13HZlWFja8iKdpSGkt0vqVFF8tqto1e3Jy-n8012I7EvIRYdXgxw345UEs4lZTq8A\" data-hovercard=\"\/ajax\/hovercard\/page.php?id=197934076901521&#038;extragetparams=%7B%22__tn__%22%3A%22%2CdK-R-R%22%2C%22eid%22%3A%22ARAVqyAdTBOtHHnEWv7G823Wk7NuCBnjbVw6EvziLFpkG4uywOfihovH9_6Z77jjJlW9lMWjFA5M5qtW%22%2C%22fref%22%3A%22mentions%22%7D\" data-hovercard-prefer-more-content-show=\"1\" style=\"cursor:pointer\"><span style=\"color: rgb(29, 33, 41); text-decoration-line: none;\">Comisi\u00f3n Episcopal de Acci\u00f3n Social<\/span><\/a>, as\u00ed como diferentes organizaciones religiosas identificadas con el tema.<o:p><\/o:p><\/span><\/p>\n<p style=\"margin: 0cm 0cm 0.0001pt; background-image: initial; background-position: initial; background-size: initial; background-repeat: initial; background-attachment: initial; background-origin: initial; background-clip: initial;\"><span style=\"font-size:11.0pt;font-family:\"Calibri\",sans-serif;mso-ascii-theme-font:\nminor-latin;mso-hansi-theme-font:minor-latin;mso-bidi-theme-font:minor-latin;\ncolor:#1D2129\">\u00a0<\/span><\/p>\n<p style=\"margin: 0cm 0cm 0.0001pt; background-image: initial; background-position: initial; background-size: initial; background-repeat: initial; background-attachment: initial; background-origin: initial; background-clip: initial;\"><span style=\"font-size:11.0pt;font-family:\"Calibri\",sans-serif;mso-ascii-theme-font:\nminor-latin;mso-hansi-theme-font:minor-latin;mso-bidi-theme-font:minor-latin;\ncolor:#1D2129\">La Cometa de la ternura continuar\u00e1 su recorrido hasta Desag\u00fcaderos en donde ser\u00e1 entregada a Bolivia.<o:p><\/o:p><\/span><\/p>\n<p style=\"margin: 0cm 0cm 0.0001pt; background-image: initial; background-position: initial; background-size: initial; background-repeat: initial; background-attachment: initial; background-origin: initial; background-clip: initial;\"><span style=\"font-size:11.0pt;font-family:\"Calibri\",sans-serif;mso-ascii-theme-font:\nminor-latin;mso-hansi-theme-font:minor-latin;mso-bidi-theme-font:minor-latin;\ncolor:#1D2129\">\u00a0<\/span><\/p>\n<p><i><span style=\"mso-fareast-font-family:\n\"Times New Roman\";mso-bidi-font-family:Calibri;mso-bidi-theme-font:minor-latin;\ncolor:#1D2129;mso-fareast-language:ES-PE\">Tomado de: <a href=\"https:\/\/www.facebook.com\/caritasdelperu\"><span style=\"color: rgb(29, 33, 41); text-decoration-line: none;\">https:\/\/www.facebook.com\/caritasdelperu<\/span><\/a> 10 de marzo de 2019.<\/span><\/i>\u00a0<\/p>\n<p><a href=\"http:\/\/web.hilo.org.pe\/wp-content\/uploads\/No Violencia 2.jpg\" target=\"_blank\" rel=\"noopener\">Ver archivo adjunto<\/a><\/p>\n","protected":false},"excerpt":{"rendered":"<p>Mil personas participaron hoy 10 de marzo en la eucarist\u00eda y Caminata #HuellasDeTernura que se realiz\u00f3 en la Plaza de Armas de Lima para luchar contra la violencia infantil, promoviendo la educaci\u00f3n con ternura frente al castigo f\u00edsico y humillante.<\/p>\n","protected":false},"author":1,"featured_media":7988,"comment_status":"closed","ping_status":"closed","sticky":false,"template":"","format":"standard","meta":{"footnotes":""},"categories":[9],"tags":[],"class_list":["post-3216","post","type-post","status-publish","format-standard","has-post-thumbnail","hentry","category-noticias"],"_links":{"self":[{"href":"https:\/\/ceas.org.pe\/index.php\/wp-json\/wp\/v2\/posts\/3216","targetHints":{"allow":["GET"]}}],"collection":[{"href":"https:\/\/ceas.org.pe\/index.php\/wp-json\/wp\/v2\/posts"}],"about":[{"href":"https:\/\/ceas.org.pe\/index.php\/wp-json\/wp\/v2\/types\/post"}],"author":[{"embeddable":true,"href":"https:\/\/ceas.org.pe\/index.php\/wp-json\/wp\/v2\/users\/1"}],"replies":[{"embeddable":true,"href":"https:\/\/ceas.org.pe\/index.php\/wp-json\/wp\/v2\/comments?post=3216"}],"version-history":[{"count":1,"href":"https:\/\/ceas.org.pe\/index.php\/wp-json\/wp\/v2\/posts\/3216\/revisions"}],"predecessor-version":[{"id":6002,"href":"https:\/\/ceas.org.pe\/index.php\/wp-json\/wp\/v2\/posts\/3216\/revisions\/6002"}],"wp:featuredmedia":[{"embeddable":true,"href":"https:\/\/ceas.org.pe\/index.php\/wp-json\/wp\/v2\/media\/7988"}],"wp:attachment":[{"href":"https:\/\/ceas.org.pe\/index.php\/wp-json\/wp\/v2\/media?parent=3216"}],"wp:term":[{"taxonomy":"category","embeddable":true,"href":"https:\/\/ceas.org.pe\/index.php\/wp-json\/wp\/v2\/categories?post=3216"},{"taxonomy":"post_tag","embeddable":true,"href":"https:\/\/ceas.org.pe\/index.php\/wp-json\/wp\/v2\/tags?post=3216"}],"curies":[{"name":"wp","href":"https:\/\/api.w.org\/{rel}","templated":true}]}}