{"id":3215,"date":"2019-03-11T11:28:32","date_gmt":"2019-03-11T11:28:32","guid":{"rendered":""},"modified":"2026-03-11T09:11:55","modified_gmt":"2026-03-11T14:11:55","slug":"cardenal-barreto-toma-posesion-en-roma-de-la-basilica-de-san-pedro-y-san-pablo-en-la-via-ostiense","status":"publish","type":"post","link":"https:\/\/ceas.org.pe\/index.php\/2019\/03\/11\/cardenal-barreto-toma-posesion-en-roma-de-la-basilica-de-san-pedro-y-san-pablo-en-la-via-ostiense\/","title":{"rendered":"Cardenal Barreto toma posesi\u00f3n en Roma de la Bas\u00edlica de San Pedro y San Pablo en la V\u00eda Ostiense"},"content":{"rendered":"<p class=\"MsoNormal\" style=\"margin-bottom:0cm;margin-bottom:.0001pt;line-height:\nnormal;background:white\"><span style=\"mso-fareast-font-family:\"Times New Roman\";\nmso-bidi-font-family:Calibri;mso-bidi-theme-font:minor-latin;color:#1D2129;\nmso-fareast-language:ES-PE\">Cuando es creado un Cardenal de la Iglesia Cat\u00f3lica por el Santo Padre, se le asigna una iglesia-parroquia en Roma, expresando as\u00ed la comuni\u00f3n con el Papa como obispo de dicha di\u00f3cesis, con la Santa Sede y la Iglesia Universal. Si bien el Cardenal asume como titular de la bas\u00edlica, no rige ni gobierna en esa parroquia, sino que vela espiritualmente por ella y le sirve como sede cuando el cardenal debe realizar alg\u00fan acto lit\u00fargico durante su paso por Roma.<o:p><\/o:p><\/span><\/p>\n<p class=\"MsoNormal\" style=\"margin-bottom:0cm;margin-bottom:.0001pt;line-height:\nnormal;background:white\"><span style=\"mso-fareast-font-family:\"Times New Roman\";\nmso-bidi-font-family:Calibri;mso-bidi-theme-font:minor-latin;color:#1D2129;\nmso-fareast-language:ES-PE\">El Cardenal Barreto fue creado como tal por el Papa Francisco el 28 de junio de 2018 y actualmente contin\u00faa en el Per\u00fa como Arzobispo Metropolitano de Huancayo y Primer Vicepresidente de la Conferencia Episcopal Peruana. A su vez, es Vicepresidente de la Red Eclesial Panamaz\u00f3nica (REPAM), habiendo recibido del Santo Padre el encargo para la organizaci\u00f3n del pr\u00f3ximo S\u00ednodo de Obispos sobre la Amazon\u00eda, a realizarse en octubre de este a\u00f1o en Roma. Adem\u00e1s, forma parte del Dicasterio para el Servicio del Desarrollo Humano Integral de la Santa Sede.<o:p><\/o:p><\/span><\/p>\n<p class=\"MsoNormal\" style=\"margin-bottom:0cm;margin-bottom:.0001pt;line-height:\nnormal;background:white\"><span style=\"mso-fareast-font-family:\"Times New Roman\";\nmso-bidi-font-family:Calibri;mso-bidi-theme-font:minor-latin;color:#1D2129;\nmso-fareast-language:ES-PE\">Monse\u00f1or Pedro Barreto Jimeno, S.J. es el quinto Cardenal de la Iglesia Cat\u00f3lica en el Per\u00fa y el tercero en ser titular de la Bas\u00edlica de San Pedro y San Pablo en V\u00eda Ostiense, la misma que se encuentra a cargo de los franciscanos capuchinos y se inici\u00f3 a construir en 1938, paraliz\u00e1ndose las obras en 1943 y concluy\u00e9ndose en el a\u00f1o 1955.<o:p><\/o:p><\/span><\/p>\n<p class=\"MsoNormal\" style=\"margin-bottom:0cm;margin-bottom:.0001pt;line-height:\nnormal;background:white\">\u00a0<\/p>\n<p class=\"MsoNormal\" style=\"margin-bottom:0cm;margin-bottom:.0001pt;line-height:\nnormal\"><i style=\"mso-bidi-font-style:normal\"><span style=\"mso-fareast-font-family:\n\"Times New Roman\";mso-bidi-font-family:Calibri;mso-bidi-theme-font:minor-latin;\ncolor:#1D2129;mso-fareast-language:ES-PE\">Tomado de: <a href=\"https:\/\/www.facebook.com\/CardenalBarreto\/\"><span style=\"mso-bidi-font-family:\n\"Times New Roman\";mso-bidi-theme-font:minor-bidi;color:#1D2129;text-decoration:\nnone;text-underline:none\">https:\/\/www.facebook.com\/CardenalBarreto\/<\/span><\/a> 10 de marzo de 2019.<o:p><\/o:p><\/span><\/i><\/p>\n<p><a href=\"http:\/\/web.hilo.org.pe\/wp-content\/uploads\/Mons. Barreto.jpg\" target=\"_blank\" rel=\"noopener\">Ver archivo adjunto<\/a><\/p>\n","protected":false},"excerpt":{"rendered":"<p>En la ma\u00f1ana romana de este domingo 10 de marzo el Sr. Cardenal Pedro Barreto S.J., Arzobispo Metropolitano de Huancayo y Primer Vicepresidente de la Conferencia Episcopal Peruana, tom\u00f3 posesi\u00f3n de la Bas\u00edlica de San Pedro y San Pablo en la V\u00eda Ostiense, la misma que le corresponde al llevar su t\u00edtulo cardenalicio dicho nombre.<\/p>\n","protected":false},"author":1,"featured_media":0,"comment_status":"closed","ping_status":"closed","sticky":false,"template":"","format":"standard","meta":{"footnotes":""},"categories":[9],"tags":[],"class_list":["post-3215","post","type-post","status-publish","format-standard","hentry","category-noticias"],"_links":{"self":[{"href":"https:\/\/ceas.org.pe\/index.php\/wp-json\/wp\/v2\/posts\/3215","targetHints":{"allow":["GET"]}}],"collection":[{"href":"https:\/\/ceas.org.pe\/index.php\/wp-json\/wp\/v2\/posts"}],"about":[{"href":"https:\/\/ceas.org.pe\/index.php\/wp-json\/wp\/v2\/types\/post"}],"author":[{"embeddable":true,"href":"https:\/\/ceas.org.pe\/index.php\/wp-json\/wp\/v2\/users\/1"}],"replies":[{"embeddable":true,"href":"https:\/\/ceas.org.pe\/index.php\/wp-json\/wp\/v2\/comments?post=3215"}],"version-history":[{"count":1,"href":"https:\/\/ceas.org.pe\/index.php\/wp-json\/wp\/v2\/posts\/3215\/revisions"}],"predecessor-version":[{"id":6003,"href":"https:\/\/ceas.org.pe\/index.php\/wp-json\/wp\/v2\/posts\/3215\/revisions\/6003"}],"wp:attachment":[{"href":"https:\/\/ceas.org.pe\/index.php\/wp-json\/wp\/v2\/media?parent=3215"}],"wp:term":[{"taxonomy":"category","embeddable":true,"href":"https:\/\/ceas.org.pe\/index.php\/wp-json\/wp\/v2\/categories?post=3215"},{"taxonomy":"post_tag","embeddable":true,"href":"https:\/\/ceas.org.pe\/index.php\/wp-json\/wp\/v2\/tags?post=3215"}],"curies":[{"name":"wp","href":"https:\/\/api.w.org\/{rel}","templated":true}]}}