{"id":3214,"date":"2019-03-07T11:09:27","date_gmt":"2019-03-07T11:09:27","guid":{"rendered":""},"modified":"2026-03-11T09:11:55","modified_gmt":"2026-03-11T14:11:55","slug":"caminata-huellas-de-ternura-accion-de-movilizacion-social-de-caracter-ecumenico","status":"publish","type":"post","link":"https:\/\/ceas.org.pe\/index.php\/2019\/03\/07\/caminata-huellas-de-ternura-accion-de-movilizacion-social-de-caracter-ecumenico\/","title":{"rendered":"Caminata Huellas de Ternura, acci\u00f3n de movilizaci\u00f3n social de car\u00e1cter ecum\u00e9nico"},"content":{"rendered":"<p style=\"margin:0cm;margin-bottom:.0001pt;text-align:justify\"><b><span lang=\"ES-CO\" style=\"font-size: 11pt; font-family: Calibri, sans-serif;\">La caminata iniciar\u00e1 en Lima con una eucarist\u00eda a las 11:00 a.m. en la Catedral oficiada por el Arzobispo Metropolitano de Lima, Monse\u00f1or Carlos Castillo Mattasoglio, para luego hacer un recorrido y firma de Pactos de Ternura en la Plaza Mayor de Lima.<o:p><\/o:p><\/span><\/b><\/p>\n<p style=\"margin:0cm;margin-bottom:.0001pt;text-align:justify\"><span lang=\"ES-CO\" style=\"font-size: 11pt; font-family: Calibri, sans-serif;\">\u00a0<\/span><\/p>\n<p style=\"margin:0cm;margin-bottom:.0001pt;text-align:justify\"><span lang=\"ES-CO\" style=\"font-size: 11pt; font-family: Calibri, sans-serif;\">Esta caminata busca generar diversas actividades formativas, de movilizaci\u00f3n social, as\u00ed como la firma de <b>Pactos de Ternura<\/b> por diversos representantes y autoridades para comprometerse a luchar contra la violencia infantil.<\/span><span style=\"font-size:11.0pt;\nfont-family:\"Calibri\",sans-serif;mso-ascii-theme-font:minor-latin;mso-hansi-theme-font:\nminor-latin;mso-bidi-theme-font:minor-latin\"><o:p><\/o:p><\/span><\/p>\n<p style=\"margin:0cm;margin-bottom:.0001pt;text-align:justify\"><span lang=\"ES-CO\" style=\"font-size: 11pt; font-family: Calibri, sans-serif;\">\u00a0<\/span><\/p>\n<p style=\"margin:0cm;margin-bottom:.0001pt;text-align:justify\"><span lang=\"ES-CO\" style=\"font-size: 11pt; font-family: Calibri, sans-serif;\">La <b>Caminata Huellas de Ternura <\/b>inici\u00f3 en M\u00e9xico y viene recorriendo toda Am\u00e9rica Latina y El Caribe hasta la Patagonia (Argentina), con una Cometa como s\u00edmbolo de la ni\u00f1ez. <o:p><\/o:p><\/span><\/p>\n<p style=\"margin:0cm;margin-bottom:.0001pt;text-align:justify\"><span lang=\"ES-CO\" style=\"font-size: 11pt; font-family: Calibri, sans-serif;\">\u00a0<\/span><\/p>\n<p style=\"margin:0cm;margin-bottom:.0001pt;text-align:justify\"><span lang=\"ES-CO\" style=\"font-size: 11pt; font-family: Calibri, sans-serif;\">La <b>Cometa de la Ternura<\/b> lleg\u00f3 a nuestro pa\u00eds el 01 de marzo al Puente Internacional La Tina, frontera con el Ecuador y recorrer\u00e1 por carretera la costa y sierra durante 15 d\u00edas hasta llegar a <\/span><span lang=\"ES-CO\" style=\"font-size: 11pt; font-family: Calibri, sans-serif;\">Bolivia y continuar por el sur de nuestro continente.<o:p><\/o:p><\/span><\/p>\n<p style=\"margin:0cm;margin-bottom:.0001pt;text-align:justify\"><span lang=\"ES-CO\" style=\"font-size: 11pt; font-family: Calibri, sans-serif;\">\u00a0<\/span><\/p>\n<p class=\"MsoBodyText\"><span lang=\"ES\" style=\"font-size:11.0pt;font-family:\"Calibri\",sans-serif;\nmso-ascii-theme-font:minor-latin;mso-hansi-theme-font:minor-latin;mso-bidi-theme-font:\nminor-latin\">Estar\u00e1n presentes el Arzobispo de Lima, Monse\u00f1or Carlos Castillo Mattasoglio, el Ingeniero Ramiro Mendoza, Secretario General de C\u00e1ritas del Per\u00fa, Jessica Ferre\u00f1an, Directora Ejecutiva de World Vision Per\u00fa y Miguel Cruzado, SJ, Director Nacional de Fe y Alegr\u00eda.<o:p><\/o:p><\/span><\/p>\n<p class=\"MsoBodyText\"><span lang=\"ES\" style=\"font-size:11.0pt;font-family:\"Calibri\",sans-serif;\nmso-ascii-theme-font:minor-latin;mso-hansi-theme-font:minor-latin;mso-bidi-theme-font:\nminor-latin\">\u00a0<\/span><\/p>\n<p class=\"MsoNormal\"><b><span lang=\"ES\" style=\"font-size:\n11.0pt;font-family:\"Calibri\",sans-serif;mso-ascii-theme-font:minor-latin;\nmso-hansi-theme-font:minor-latin;mso-bidi-theme-font:minor-latin\">D\u00eda:<\/span><\/b><span lang=\"ES\" style=\"font-size:11.0pt;font-family:\"Calibri\",sans-serif;mso-ascii-theme-font:\nminor-latin;mso-hansi-theme-font:minor-latin;mso-bidi-theme-font:minor-latin\"> \u00a0\u00a0\u00a0\u00a0\u00a0\u00a0\u00a0\u00a0\u00a0\u00a0\u00a0\u00a0 Domingo, 10 de marzo de 2019<o:p><\/o:p><\/span><\/p>\n<p class=\"MsoNormal\"><b><span style=\"font-size:11.0pt;\nfont-family:\"Calibri\",sans-serif;mso-ascii-theme-font:minor-latin;mso-hansi-theme-font:\nminor-latin;mso-bidi-theme-font:minor-latin;mso-ansi-language:ES-PE\">Hora:<\/span><\/b><span style=\"font-size:11.0pt;font-family:\"Calibri\",sans-serif;mso-ascii-theme-font:\nminor-latin;mso-hansi-theme-font:minor-latin;mso-bidi-theme-font:minor-latin;\nmso-ansi-language:ES-PE\">\u00a0 \u00a0\u00a0\u00a0\u00a0\u00a0\u00a0\u00a0\u00a0 11: 00 a.m.<o:p><\/o:p><\/span><\/p>\n<p class=\"MsoBodyText2\" style=\"margin-right:-33.8pt;tab-stops:49.65pt\"><b><span style=\"font-size:11.0pt;font-family:\"Calibri\",sans-serif;mso-ascii-theme-font:\nminor-latin;mso-hansi-theme-font:minor-latin;mso-bidi-theme-font:minor-latin;\nmso-ansi-language:ES-PE\">Lugar:<\/span><\/b><span style=\"font-size:11.0pt;\nfont-family:\"Calibri\",sans-serif;mso-ascii-theme-font:minor-latin;mso-hansi-theme-font:\nminor-latin;mso-bidi-theme-font:minor-latin;mso-ansi-language:ES-PE\">\u00a0\u00a0\u00a0\u00a0\u00a0\u00a0\u00a0\u00a0\u00a0 Iglesia Catedral de Lima \u2013 Plaza Mayor de Lima<o:p><\/o:p><\/span><\/p>\n<p class=\"MsoBodyText2\" style=\"margin-top:0cm;margin-right:-33.8pt;margin-bottom:\n0cm;margin-left:70.5pt;margin-bottom:.0001pt;text-indent:-70.5pt\"><b><span style=\"font-size:11.0pt;font-family:\"Calibri\",sans-serif;mso-ascii-theme-font:\nminor-latin;mso-hansi-theme-font:minor-latin;mso-bidi-theme-font:minor-latin;\nmso-ansi-language:ES-PE\">\u00a0\u00a0\u00a0\u00a0\u00a0\u00a0\u00a0\u00a0\u00a0\u00a0\u00a0\u00a0\u00a0\u00a0\u00a0\u00a0\u00a0\u00a0\u00a0\u00a0\u00a0\u00a0\u00a0\u00a0\u00a0\u00a0\u00a0\u00a0\u00a0\u00a0 <\/span><\/b><span style=\"font-size:11.0pt;font-family:\"Calibri\",sans-serif;mso-ascii-theme-font:\nminor-latin;mso-hansi-theme-font:minor-latin;mso-bidi-theme-font:minor-latin;\nmso-ansi-language:ES-PE\"><o:p><\/o:p><\/span><\/p>\n<p style=\"margin:0cm;margin-bottom:.0001pt;text-align:justify\"><span style=\"font-size:11.0pt;font-family:\"Calibri\",sans-serif;mso-ascii-theme-font:\nminor-latin;mso-hansi-theme-font:minor-latin;mso-bidi-theme-font:minor-latin\">La Caminata Huellas de Ternura est\u00e1 enmarcada <\/span><span lang=\"ES-CO\" style=\"font-size: 11pt; font-family: Calibri, sans-serif;\">en la Campa\u00f1a \u201cNecesitamos a Todo el Mundo: Cero Violencia, 100% Ternura\u201d que impulsan las organizaciones socias del Programa Centralidad de la Ni\u00f1ez que son<\/span><span lang=\"ES-CO\" style=\"font-size: 11pt; font-family: Calibri, sans-serif;\"> el Consejo Episcopal Latinoamericano (CELAM), World Vision, SELACC y la Federaci\u00f3n Internacional Fe y Alegr\u00eda.<\/span><span style=\"font-size:11.0pt;font-family:\n\"Calibri\",sans-serif;mso-ascii-theme-font:minor-latin;mso-hansi-theme-font:\nminor-latin;mso-bidi-theme-font:minor-latin\"><o:p><\/o:p><\/span><\/p>\n<p class=\"MsoBodyText\"><span lang=\"ES\" style=\"font-size:14.0pt\">\u00a0<\/span><\/p>\n<p><i><span lang=\"ES\" style=\"font-size:11.0pt;\nfont-family:\"Calibri\",sans-serif;mso-ascii-theme-font:minor-latin;mso-fareast-font-family:\n\"Times New Roman\";mso-hansi-theme-font:minor-latin;mso-bidi-theme-font:minor-latin;\nmso-ansi-language:ES;mso-fareast-language:ES;mso-bidi-language:AR-SA\">Lima, 06 de marzo de 2019.<br \/>\nUnidad de Imagen Institucional<b>\u00a0\u00a0\u00a0\u00a0 \u00a0 \u00a0 \u00a0 \u00a0 \u00a0\u00a0<\/b><\/span><\/i>\u00a0<\/p>\n<p><a href=\"http:\/\/web.hilo.org.pe\/wp-content\/uploads\/Caminata web.jpg\" target=\"_blank\" rel=\"noopener\">Ver archivo adjunto<\/a><\/p>\n","protected":false},"excerpt":{"rendered":"<p>La Conferencia Episcopal Peruana, C\u00e1ritas en el Per\u00fa, Fe y Alegr\u00eda y World Vision Per\u00fa invitan a la Caminata Huellas de Ternura, acci\u00f3n de movilizaci\u00f3n social de car\u00e1cter ecum\u00e9nico, que busca denunciar las diversas formas de violencia que se ejercen contra los ni\u00f1os y ni\u00f1as, proponiendo la Ternura como camino para promover la vida y la dignidad.<\/p>\n","protected":false},"author":1,"featured_media":7944,"comment_status":"closed","ping_status":"closed","sticky":false,"template":"","format":"standard","meta":{"footnotes":""},"categories":[9],"tags":[],"class_list":["post-3214","post","type-post","status-publish","format-standard","has-post-thumbnail","hentry","category-noticias"],"_links":{"self":[{"href":"https:\/\/ceas.org.pe\/index.php\/wp-json\/wp\/v2\/posts\/3214","targetHints":{"allow":["GET"]}}],"collection":[{"href":"https:\/\/ceas.org.pe\/index.php\/wp-json\/wp\/v2\/posts"}],"about":[{"href":"https:\/\/ceas.org.pe\/index.php\/wp-json\/wp\/v2\/types\/post"}],"author":[{"embeddable":true,"href":"https:\/\/ceas.org.pe\/index.php\/wp-json\/wp\/v2\/users\/1"}],"replies":[{"embeddable":true,"href":"https:\/\/ceas.org.pe\/index.php\/wp-json\/wp\/v2\/comments?post=3214"}],"version-history":[{"count":1,"href":"https:\/\/ceas.org.pe\/index.php\/wp-json\/wp\/v2\/posts\/3214\/revisions"}],"predecessor-version":[{"id":6004,"href":"https:\/\/ceas.org.pe\/index.php\/wp-json\/wp\/v2\/posts\/3214\/revisions\/6004"}],"wp:featuredmedia":[{"embeddable":true,"href":"https:\/\/ceas.org.pe\/index.php\/wp-json\/wp\/v2\/media\/7944"}],"wp:attachment":[{"href":"https:\/\/ceas.org.pe\/index.php\/wp-json\/wp\/v2\/media?parent=3214"}],"wp:term":[{"taxonomy":"category","embeddable":true,"href":"https:\/\/ceas.org.pe\/index.php\/wp-json\/wp\/v2\/categories?post=3214"},{"taxonomy":"post_tag","embeddable":true,"href":"https:\/\/ceas.org.pe\/index.php\/wp-json\/wp\/v2\/tags?post=3214"}],"curies":[{"name":"wp","href":"https:\/\/api.w.org\/{rel}","templated":true}]}}