{"id":3213,"date":"2019-03-05T09:43:22","date_gmt":"2019-03-05T09:43:22","guid":{"rendered":""},"modified":"2026-03-11T09:11:55","modified_gmt":"2026-03-11T14:11:55","slug":"la-iglesia-de-nicaragua-alcanzar-el-dialogo-por-una-sociedad-justa","status":"publish","type":"post","link":"https:\/\/ceas.org.pe\/index.php\/2019\/03\/05\/la-iglesia-de-nicaragua-alcanzar-el-dialogo-por-una-sociedad-justa\/","title":{"rendered":"La Iglesia de Nicaragua: Alcanzar el di\u00e1logo por una sociedad justa"},"content":{"rendered":"<p style=\"margin: 0cm 0cm 0.0001pt; background-image: initial; background-position: initial; background-size: initial; background-repeat: initial; background-attachment: initial; background-origin: initial; background-clip: initial;\"><span style=\"font-size:11.0pt;font-family:\"Calibri\",sans-serif;mso-ascii-theme-font:\nminor-latin;mso-hansi-theme-font:minor-latin;mso-bidi-theme-font:minor-latin\">Reuniones en las cuales estuvo presente el cardenal Leopoldo Brenes, el mi\u00e9rcoles, primer d\u00eda de estos encuentros. En esa reuni\u00f3n, el purpurado hizo saber a los participantes que si necesitaban alg\u00fan servicio de la Conferencia Episcopal enviaran la solicitud por escrito. Solicitud que a\u00fan no ha sido enviada, por lo cual los obispos, afirma el comunicado, comprenden que no son de ineludible necesidad para estas negociaciones, y que \u201cen este momento hist\u00f3rico nuestro mayor aporte como Pastores de esta Iglesia que peregrina en Nicaragua, seguir\u00e1 siendo el de acompa\u00f1ar al pueblo en sus sufrimientos y dolores, en sus esperanzas y alegr\u00edas y elevando nuestras plegarias de intercesi\u00f3n para que Nicaragua encuentre caminos civilizados y justos para una soluci\u00f3n pac\u00edfica en vista al bien com\u00fan\u201d.<o:p><\/o:p><\/span><\/p>\n<p style=\"margin: 0cm 0cm 0.0001pt; background-image: initial; background-position: initial; background-size: initial; background-repeat: initial; background-attachment: initial; background-origin: initial; background-clip: initial;\"><span style=\"font-size:11.0pt;font-family:\"Calibri\",sans-serif;mso-ascii-theme-font:\nminor-latin;mso-hansi-theme-font:minor-latin;mso-bidi-theme-font:minor-latin\">\u00a0<\/span><\/p>\n<h2 style=\"margin-top: 0cm; line-height: normal; background-image: initial; background-position: initial; background-size: initial; background-repeat: initial; background-attachment: initial; background-origin: initial; background-clip: initial; box-sizing: border-box; -webkit-tap-highlight-color: rgba(0, 0, 0, 0);\"><b><span style=\"font-size:11.0pt;font-family:\"Calibri\",sans-serif;\nmso-ascii-theme-font:minor-latin;mso-hansi-theme-font:minor-latin;mso-bidi-theme-font:\nminor-latin;color:windowtext\">Orar por la paz sobre todo en este tiempo de Cuaresma<\/span><\/b><span style=\"font-size:11.0pt;font-family:\"Calibri\",sans-serif;\nmso-ascii-theme-font:minor-latin;mso-hansi-theme-font:minor-latin;mso-bidi-theme-font:\nminor-latin;color:windowtext\"><o:p><\/o:p><\/span><\/h2>\n<p style=\"margin: 0cm 0cm 0.0001pt; background-image: initial; background-position: initial; background-size: initial; background-repeat: initial; background-attachment: initial; background-origin: initial; background-clip: initial; box-sizing: border-box; -webkit-tap-highlight-color: rgba(0, 0, 0, 0);\"><span style=\"font-size:11.0pt;font-family:\"Calibri\",sans-serif;mso-ascii-theme-font:\nminor-latin;mso-hansi-theme-font:minor-latin;mso-bidi-theme-font:minor-latin\">Los obispos agradecen en el comunicado el hecho que se les haya tomado en cuenta, y recuerdan con el Santo Padre que hay que \u201cSaber c\u00f3mo dise\u00f1ar en una cultura que privilegie el di\u00e1logo como forma de encuentro, la b\u00fasqueda de consensos y acuerdos, pero sin separarla de la preocupaci\u00f3n por una sociedad justa, memoriosa y sin exclusiones\u201d. Una vez m\u00e1s piden al pueblo de Dios que \u00absobre todo en este tiempo de Cuaresma que est\u00e1 por iniciar, intensifique sus oraciones y ayunos por la paz\u00bb en el pa\u00eds.<o:p><\/o:p><\/span><\/p>\n<h2 style=\"margin-top: 0cm; line-height: normal; background-image: initial; background-position: initial; background-size: initial; background-repeat: initial; background-attachment: initial; background-origin: initial; background-clip: initial; box-sizing: border-box; -webkit-tap-highlight-color: rgba(0, 0, 0, 0);\"><span style=\"font-size:11.0pt;font-family:\"Calibri\",sans-serif;mso-ascii-theme-font:\nminor-latin;mso-hansi-theme-font:minor-latin;mso-bidi-theme-font:minor-latin;\ncolor:windowtext\">\u00a0<\/span><\/h2>\n<h2 style=\"margin-top: 0cm; line-height: normal; background-image: initial; background-position: initial; background-size: initial; background-repeat: initial; background-attachment: initial; background-origin: initial; background-clip: initial;\"><b><span style=\"font-size:11.0pt;font-family:\n\"Calibri\",sans-serif;mso-ascii-theme-font:minor-latin;mso-hansi-theme-font:\nminor-latin;mso-bidi-theme-font:minor-latin;color:windowtext\">Cuarta jornada de negociaciones por el di\u00e1logo<o:p><\/o:p><\/span><\/b><\/h2>\n<p style=\"margin: 0cm 0cm 0.0001pt; background-image: initial; background-position: initial; background-size: initial; background-repeat: initial; background-attachment: initial; background-origin: initial; background-clip: initial; box-sizing: border-box; -webkit-tap-highlight-color: rgba(0, 0, 0, 0);\"><span style=\"font-size:11.0pt;font-family:\"Calibri\",sans-serif;mso-ascii-theme-font:\nminor-latin;mso-hansi-theme-font:minor-latin;mso-bidi-theme-font:minor-latin\">El Gobierno de Nicaragua y la opositora Alianza C\u00edvica por la Justicia y la Democracia iniciaron este lunes la cuarta sesi\u00f3n de negociaciones, para encontrar una salida a la crisis del pa\u00eds. La Alianza C\u00edvica ha expresado su inter\u00e9s en que esta jornada sirva para ponerse de acuerdo con el Gobierno en establecer la \u00abhoja de ruta\u00bb de las negociaciones, para avanzar hacia acuerdos concretos. Hasta ahora, el Gobierno y la Alianza han avanzado en 9 de los 12 puntos discutidos, todos relacionados con aspectos de forma, y los pendientes son asuntos de fondo, donde se pide la liberaci\u00f3n de presos pol\u00edticos y la\u00a0libertad de prensa.\u00a0<o:p><\/o:p><\/span><\/p>\n<p style=\"margin: 0cm 0cm 0.0001pt; background-image: initial; background-position: initial; background-size: initial; background-repeat: initial; background-attachment: initial; background-origin: initial; background-clip: initial;\"><span style=\"font-size:11.0pt;font-family:\"Calibri\",sans-serif;mso-ascii-theme-font:\nminor-latin;mso-hansi-theme-font:minor-latin;mso-bidi-theme-font:minor-latin\">\u00a0<\/span><\/p>\n<h2 style=\"margin-top: 0cm; line-height: normal; background-image: initial; background-position: initial; background-size: initial; background-repeat: initial; background-attachment: initial; background-origin: initial; background-clip: initial; box-sizing: border-box; -webkit-tap-highlight-color: rgba(0, 0, 0, 0);\"><b><span style=\"font-size:11.0pt;font-family:\"Calibri\",sans-serif;\nmso-ascii-theme-font:minor-latin;mso-hansi-theme-font:minor-latin;mso-bidi-theme-font:\nminor-latin;color:windowtext\">Participantes en estas negociaciones<\/span><\/b><span style=\"font-size:11.0pt;font-family:\"Calibri\",sans-serif;mso-ascii-theme-font:\nminor-latin;mso-hansi-theme-font:minor-latin;mso-bidi-theme-font:minor-latin;\ncolor:windowtext\"><o:p><\/o:p><\/span><\/h2>\n<p style=\"margin: 0cm 0cm 0.0001pt; background-image: initial; background-position: initial; background-size: initial; background-repeat: initial; background-attachment: initial; background-origin: initial; background-clip: initial; box-sizing: border-box; -webkit-tap-highlight-color: rgba(0, 0, 0, 0);\"><span style=\"font-size:11.0pt;font-family:\"Calibri\",sans-serif;mso-ascii-theme-font:\nminor-latin;mso-hansi-theme-font:minor-latin;mso-bidi-theme-font:minor-latin\">Por el gobierno de Reconciliaci\u00f3n de Unidad Nacional (GRUN), participan los delegados titulares, Elvin Castro, Jos\u00e9 Figueroa, Francisco Rosales, Wilfredo Navarro, Luis Andino y Denis Moncada. Por la Alianza C\u00edvica por la Justicia y la Democracia (ACJD) participan los delegados titulares, Juan Sebast\u00edan Chamorro, Carlos Tunnermann, Max Jer\u00e9z, Jos\u00e9 Ad\u00e1n Aguerri, Mario Arana y Jos\u00e9 Pallais. El encuentro est\u00e1 siendo acompa\u00f1ado por el Nuncio Apost\u00f3lico, Monse\u00f1or Waldemar Stanislaw Sommertag.\u00a0<o:p><\/o:p><\/span><\/p>\n<h2 style=\"margin-top: 0cm; line-height: normal; background-image: initial; background-position: initial; background-size: initial; background-repeat: initial; background-attachment: initial; background-origin: initial; background-clip: initial; box-sizing: border-box; -webkit-tap-highlight-color: rgba(0, 0, 0, 0);\"><span style=\"font-size:11.0pt;font-family:\"Calibri\",sans-serif;mso-ascii-theme-font:\nminor-latin;mso-hansi-theme-font:minor-latin;mso-bidi-theme-font:minor-latin;\ncolor:windowtext\">\u00a0<\/span><\/h2>\n<h2 style=\"margin-top: 0cm; line-height: normal; background-image: initial; background-position: initial; background-size: initial; background-repeat: initial; background-attachment: initial; background-origin: initial; background-clip: initial;\"><b><span style=\"font-size:11.0pt;font-family:\n\"Calibri\",sans-serif;mso-ascii-theme-font:minor-latin;mso-hansi-theme-font:\nminor-latin;mso-bidi-theme-font:minor-latin;color:windowtext\">Obispos reciben gu\u00edas del Papa sobre protecci\u00f3n de menores<o:p><\/o:p><\/span><\/b><\/h2>\n<p style=\"margin: 0cm 0cm 0.0001pt; background-image: initial; background-position: initial; background-size: initial; background-repeat: initial; background-attachment: initial; background-origin: initial; background-clip: initial; box-sizing: border-box; -webkit-tap-highlight-color: rgba(0, 0, 0, 0);\"><span style=\"font-size:11.0pt;font-family:\"Calibri\",sans-serif;mso-ascii-theme-font:\nminor-latin;mso-hansi-theme-font:minor-latin;mso-bidi-theme-font:minor-latin\">Los Obispos de la Conferencia Episcopal de Nicaragua reunidos ayer lunes en sesi\u00f3n extraordinaria abordaron y reflexionaron sobre el encuentro de protecci\u00f3n a menores, celebrado del 21 al 24 de febrero en Roma, al que fueron convocados por el Santo Padre, los Presidentes de las Conferencias Episcopales del mundo.<o:p><\/o:p><\/span><\/p>\n<p class=\"MsoNormal\" style=\"margin-bottom:0cm;margin-bottom:.0001pt;line-height:\nnormal\"><o:p>\u00a0<\/o:p><\/p>\n<p><i>Tomado de: Vatican News. Por: <span style=\"color: rgb(55, 55, 55); background-image: initial; background-position: initial; background-size: initial; background-repeat: initial; background-attachment: initial; background-origin: initial; background-clip: initial;\">Patricia Ynestroza. <\/span><\/i><i>Ciudad del Vaticano. <\/i><i><span style=\"background-image: initial; background-position: initial; background-size: initial; background-repeat: initial; background-attachment: initial; background-origin: initial; background-clip: initial;\">04 de marzo de 2019<\/span>.<\/i>\u00a0<\/p>\n<p><a href=\"http:\/\/web.hilo.org.pe\/wp-content\/uploads\/Nicaragua.jpeg\" target=\"_blank\" rel=\"noopener\">Ver archivo adjunto<\/a><\/p>\n","protected":false},"excerpt":{"rendered":"<p>Los Obispos de la Conferencia Episcopal de Nicaragua reunidos ayer lunes en sesi\u00f3n extraordinaria abordaron y reflexionaron sobre las negociaciones que se est\u00e1n llevando a cabo entre el gobierno y la oposici\u00f3n, en la b\u00fasqueda de un di\u00e1logo.<\/p>\n","protected":false},"author":1,"featured_media":7947,"comment_status":"closed","ping_status":"closed","sticky":false,"template":"","format":"standard","meta":{"footnotes":""},"categories":[9],"tags":[],"class_list":["post-3213","post","type-post","status-publish","format-standard","has-post-thumbnail","hentry","category-noticias"],"_links":{"self":[{"href":"https:\/\/ceas.org.pe\/index.php\/wp-json\/wp\/v2\/posts\/3213","targetHints":{"allow":["GET"]}}],"collection":[{"href":"https:\/\/ceas.org.pe\/index.php\/wp-json\/wp\/v2\/posts"}],"about":[{"href":"https:\/\/ceas.org.pe\/index.php\/wp-json\/wp\/v2\/types\/post"}],"author":[{"embeddable":true,"href":"https:\/\/ceas.org.pe\/index.php\/wp-json\/wp\/v2\/users\/1"}],"replies":[{"embeddable":true,"href":"https:\/\/ceas.org.pe\/index.php\/wp-json\/wp\/v2\/comments?post=3213"}],"version-history":[{"count":1,"href":"https:\/\/ceas.org.pe\/index.php\/wp-json\/wp\/v2\/posts\/3213\/revisions"}],"predecessor-version":[{"id":6005,"href":"https:\/\/ceas.org.pe\/index.php\/wp-json\/wp\/v2\/posts\/3213\/revisions\/6005"}],"wp:featuredmedia":[{"embeddable":true,"href":"https:\/\/ceas.org.pe\/index.php\/wp-json\/wp\/v2\/media\/7947"}],"wp:attachment":[{"href":"https:\/\/ceas.org.pe\/index.php\/wp-json\/wp\/v2\/media?parent=3213"}],"wp:term":[{"taxonomy":"category","embeddable":true,"href":"https:\/\/ceas.org.pe\/index.php\/wp-json\/wp\/v2\/categories?post=3213"},{"taxonomy":"post_tag","embeddable":true,"href":"https:\/\/ceas.org.pe\/index.php\/wp-json\/wp\/v2\/tags?post=3213"}],"curies":[{"name":"wp","href":"https:\/\/api.w.org\/{rel}","templated":true}]}}