{"id":3212,"date":"2019-03-05T09:38:39","date_gmt":"2019-03-05T09:38:39","guid":{"rendered":""},"modified":"2026-03-11T09:11:55","modified_gmt":"2026-03-11T14:11:55","slug":"nuevo-arzobispo-de-lima-la-prioridad-es-una-iglesia-misionera","status":"publish","type":"post","link":"https:\/\/ceas.org.pe\/index.php\/2019\/03\/05\/nuevo-arzobispo-de-lima-la-prioridad-es-una-iglesia-misionera\/","title":{"rendered":"Nuevo Arzobispo de Lima: la prioridad es una Iglesia misionera"},"content":{"rendered":"<p class=\"MsoNormal\" style=\"margin-bottom:0cm;margin-bottom:.0001pt;line-height:\nnormal\">Desde el pasado s\u00e1bado la archidi\u00f3cesis de Lima (Per\u00fa) tiene un nuevo arzobispo.<o:p><\/o:p><\/p>\n<p class=\"MsoNormal\" style=\"margin-bottom:0cm;margin-bottom:.0001pt;line-height:\nnormal\">Carlos Castillo Mattasoglio fue ordenado obispo y, al mismo tiempo, asumi\u00f3 la c\u00e1tedra episcopal como nuevo primado del Per\u00fa. En sus primeras palabras a los fieles de la arquidi\u00f3cesis, Mons. Castillo dijo que la Iglesia de Lima debe ser ante todo una \u00abIglesia misionera\u00bb, capaz de estar cerca de los lejanos y perdidos saliendo a la calle y \u00abconsumiendo las suelas\u00bb.<o:p><\/o:p><\/p>\n<p class=\"MsoNormal\" style=\"margin-bottom:0cm;margin-bottom:.0001pt;line-height:\nnormal\"><o:p>\u00a0<\/o:p><\/p>\n<p class=\"MsoNormal\" style=\"margin-bottom:0cm;margin-bottom:.0001pt;line-height:\nnormal\">El nuevo p\u00e1rroco tuvo como consagraci\u00f3n principal al nuncio en Per\u00fa, Mons. Nicola Girasoli, y como co-consagradores a los Cardenales Luis Cipriani, su predecesor en la Sede de Lima, y Pedro Barreto, Arzobispo de Huancayo. Girasoli agradeci\u00f3 al Cardenal Cipriani en nombre del Papa y pidi\u00f3 a todos los fieles y sacerdotes que colaboren con el nuevo arzobispo, con vistas a una Iglesia que incluya a todos, sin rigidez ni prejuicios, y que en particular est\u00e9 cerca de los j\u00f3venes. Hablando directamente a Mons. Castillo, el nuncio le dijo: \u00abLev\u00e1ntate y camina\u00bb, en referencia al lema episcopal elegido por Mons. Castillo (\u00abA ti digo: levantate!\u00bb, te digo: \u00a1lev\u00e1ntate!).<o:p><\/o:p><\/p>\n<p class=\"MsoNormal\" style=\"margin-bottom:0cm;margin-bottom:.0001pt;line-height:\nnormal\"><o:p>\u00a0<\/o:p><\/p>\n<p class=\"MsoNormal\" style=\"margin-bottom:0cm;margin-bottom:.0001pt;line-height:\nnormal\">Y continu\u00f3: \u00abSabemos, Monse\u00f1or, que usted anda en bicicleta. Queremos cabalgar contigo\u00bb, hacia las afueras. Durante la celebraci\u00f3n, el nuevo arzobispo recibi\u00f3 tambi\u00e9n el saludo del presidente de la Conferencia Episcopal peruana, Mons. Miguel Cabrejos, arzobispo de Truijllo, quien dese\u00f3 que Mons. Castillo caminara junto a \u00e9l y trabajara en un esp\u00edritu de \u00abfraternidad, comuni\u00f3n y colegialidad\u00bb dentro de la Conferencia Episcopal.\u00a0<o:p><\/o:p><\/p>\n<p class=\"MsoNormal\" style=\"margin-bottom:0cm;margin-bottom:.0001pt;line-height:\nnormal\"><o:p>\u00a0<\/o:p><\/p>\n<p><i>Tomado de: Vatican News. <\/i><i>Ciudad del Vaticano. <\/i><i><span style=\"background-image: initial; background-position: initial; background-size: initial; background-repeat: initial; background-attachment: initial; background-origin: initial; background-clip: initial;\">04 de marzo de 2019<\/span>.<\/i>\u00a0<\/p>\n<p><a href=\"http:\/\/web.hilo.org.pe\/wp-content\/uploads\/nuevo.jpeg\" target=\"_blank\" rel=\"noopener\">Ver archivo adjunto<\/a><\/p>\n","protected":false},"excerpt":{"rendered":"<p>Carlos Castillo Mattasoglio fue ordenado obispo y, al mismo tiempo, asumi\u00f3 la c\u00e1tedra episcopal como nuevo primado del Per\u00fa.<\/p>\n","protected":false},"author":1,"featured_media":0,"comment_status":"closed","ping_status":"closed","sticky":false,"template":"","format":"standard","meta":{"footnotes":""},"categories":[9],"tags":[],"class_list":["post-3212","post","type-post","status-publish","format-standard","hentry","category-noticias"],"_links":{"self":[{"href":"https:\/\/ceas.org.pe\/index.php\/wp-json\/wp\/v2\/posts\/3212","targetHints":{"allow":["GET"]}}],"collection":[{"href":"https:\/\/ceas.org.pe\/index.php\/wp-json\/wp\/v2\/posts"}],"about":[{"href":"https:\/\/ceas.org.pe\/index.php\/wp-json\/wp\/v2\/types\/post"}],"author":[{"embeddable":true,"href":"https:\/\/ceas.org.pe\/index.php\/wp-json\/wp\/v2\/users\/1"}],"replies":[{"embeddable":true,"href":"https:\/\/ceas.org.pe\/index.php\/wp-json\/wp\/v2\/comments?post=3212"}],"version-history":[{"count":1,"href":"https:\/\/ceas.org.pe\/index.php\/wp-json\/wp\/v2\/posts\/3212\/revisions"}],"predecessor-version":[{"id":6006,"href":"https:\/\/ceas.org.pe\/index.php\/wp-json\/wp\/v2\/posts\/3212\/revisions\/6006"}],"wp:attachment":[{"href":"https:\/\/ceas.org.pe\/index.php\/wp-json\/wp\/v2\/media?parent=3212"}],"wp:term":[{"taxonomy":"category","embeddable":true,"href":"https:\/\/ceas.org.pe\/index.php\/wp-json\/wp\/v2\/categories?post=3212"},{"taxonomy":"post_tag","embeddable":true,"href":"https:\/\/ceas.org.pe\/index.php\/wp-json\/wp\/v2\/tags?post=3212"}],"curies":[{"name":"wp","href":"https:\/\/api.w.org\/{rel}","templated":true}]}}