{"id":3210,"date":"2019-03-04T16:16:16","date_gmt":"2019-03-04T16:16:16","guid":{"rendered":""},"modified":"2026-03-11T09:11:55","modified_gmt":"2026-03-11T14:11:55","slug":"peru-recibio-la-caminata-huellas-de-ternura-2019","status":"publish","type":"post","link":"https:\/\/ceas.org.pe\/index.php\/2019\/03\/04\/peru-recibio-la-caminata-huellas-de-ternura-2019\/","title":{"rendered":"Per\u00fa recibi\u00f3 la Caminata Huellas de Ternura 2019"},"content":{"rendered":"<p style=\"margin:0cm;margin-bottom:.0001pt;text-align:justify;background:white\"><span style=\"font-size:11.0pt;font-family:\"Calibri\",sans-serif;mso-ascii-theme-font:\nminor-latin;mso-hansi-theme-font:minor-latin;mso-bidi-theme-font:minor-latin;\ncolor:#373737\">Per\u00fa abri\u00f3 los brazos a la\u00a0<i style=\"box-sizing: border-box;\n-webkit-tap-highlight-color: rgba(0, 0, 0, 0)\">Caminata Huellas de Ternura,\u00a0<\/i>una acci\u00f3n de movilizaci\u00f3n social de car\u00e1cter ecum\u00e9nico, que busca denunciar las diversas formas de violencia que se ejercen contra los ni\u00f1os y ni\u00f1as, proponiendo la ternura como camino para promover la vida y la dignidad.<o:p><\/o:p><\/span><\/p>\n<p style=\"margin:0cm;margin-bottom:.0001pt;text-align:justify;background:white;\nbox-sizing: border-box;-webkit-tap-highlight-color: rgba(0, 0, 0, 0);\nfont-variant-ligatures: normal;font-variant-caps: normal;orphans: 2;text-align:\nstart;widows: 2;-webkit-text-stroke-width: 0px;text-decoration-style: initial;\ntext-decoration-color: initial;word-spacing:0px\"><span style=\"font-size:11.0pt;\nfont-family:\"Calibri\",sans-serif;mso-ascii-theme-font:minor-latin;mso-hansi-theme-font:\nminor-latin;mso-bidi-theme-font:minor-latin;color:#373737\"><o:p>\u00a0<\/o:p><\/span><\/p>\n<p style=\"margin:0cm;margin-bottom:.0001pt;text-align:justify;background:white\"><span style=\"font-size:11.0pt;font-family:\"Calibri\",sans-serif;mso-ascii-theme-font:\nminor-latin;mso-hansi-theme-font:minor-latin;mso-bidi-theme-font:minor-latin;\ncolor:#373737\">La cita tuvo lugar el 1 de marzo en el Puente Internacional La Tina \u2013 Macar\u00e1, de la Di\u00f3cesis de Chulucanas, Piura.<o:p><\/o:p><\/span><\/p>\n<h2 style=\"margin-top:0cm;text-align:justify;background:white;box-sizing: border-box;\n-webkit-tap-highlight-color: rgba(0, 0, 0, 0);font-variant-ligatures: normal;\nfont-variant-caps: normal;orphans: 2;text-align:start;widows: 2;-webkit-text-stroke-width: 0px;\ntext-decoration-style: initial;text-decoration-color: initial;word-spacing:\n0px\"><span style=\"font-size:11.0pt;line-height:107%;font-family:\"Calibri\",sans-serif;\nmso-ascii-theme-font:minor-latin;mso-hansi-theme-font:minor-latin;mso-bidi-theme-font:\nminor-latin;color:#373737\"><o:p>\u00a0<\/o:p><\/span><\/h2>\n<h2 style=\"margin-top:0cm;text-align:justify;background:white\"><b style=\"mso-bidi-font-weight:normal\"><span style=\"font-size:11.0pt;line-height:\n107%;font-family:\"Calibri\",sans-serif;mso-ascii-theme-font:minor-latin;\nmso-hansi-theme-font:minor-latin;mso-bidi-theme-font:minor-latin;color:#373737\">La Cometa de la Ternura<o:p><\/o:p><\/span><\/b><\/h2>\n<p style=\"margin:0cm;margin-bottom:.0001pt;text-align:justify;background:white;\nbox-sizing: border-box;-webkit-tap-highlight-color: rgba(0, 0, 0, 0);\nfont-variant-ligatures: normal;font-variant-caps: normal;orphans: 2;text-align:\nstart;widows: 2;-webkit-text-stroke-width: 0px;text-decoration-style: initial;\ntext-decoration-color: initial;word-spacing:0px\"><span style=\"font-size:11.0pt;\nfont-family:\"Calibri\",sans-serif;mso-ascii-theme-font:minor-latin;mso-hansi-theme-font:\nminor-latin;mso-bidi-theme-font:minor-latin;color:#373737\">Se trata de un proyecto que viene recorriendo toda Am\u00e9rica Latina y El Caribe, desde M\u00e9xico hasta la Patagonia, con una Cometa como s\u00edmbolo de la ni\u00f1ez llena de pactos de ternura.<o:p><\/o:p><\/span><\/p>\n<p style=\"margin:0cm;margin-bottom:.0001pt;text-align:justify;background:white;\nbox-sizing: border-box;-webkit-tap-highlight-color: rgba(0, 0, 0, 0);\nfont-variant-ligatures: normal;font-variant-caps: normal;orphans: 2;text-align:\nstart;widows: 2;-webkit-text-stroke-width: 0px;text-decoration-style: initial;\ntext-decoration-color: initial;word-spacing:0px\"><span style=\"font-size:11.0pt;\nfont-family:\"Calibri\",sans-serif;mso-ascii-theme-font:minor-latin;mso-hansi-theme-font:\nminor-latin;mso-bidi-theme-font:minor-latin;color:#373737\"><o:p>\u00a0<\/o:p><\/span><\/p>\n<p style=\"margin:0cm;margin-bottom:.0001pt;text-align:justify;background:white\"><span style=\"font-size:11.0pt;font-family:\"Calibri\",sans-serif;mso-ascii-theme-font:\nminor-latin;mso-hansi-theme-font:minor-latin;mso-bidi-theme-font:minor-latin;\ncolor:#373737\">Durante 15 d\u00edas la \u201cCometa de la Ternura\u201d se trasladar\u00e1 por las principales ciudades del Per\u00fa, entre las que figuran Chiclayo, Trujillo, Chimbote, Huacho, Lima, Callao, Mollendo, Chala, Moquegua y Juli. En el Per\u00fa esta iniciativa fue organizada por la Conferencia Episcopal Peruana, C\u00e1ritas del Per\u00fa, World Vision, las Federaciones de Escuelas Cat\u00f3licas y Fe y Alegr\u00eda. Al finalizar este recorrido se espera que llegue a Bolivia y comience su paso por los pa\u00edses del sur del continente.<o:p><\/o:p><\/span><\/p>\n<p style=\"margin:0cm;margin-bottom:.0001pt;text-align:justify;background:white\"><span style=\"font-size:11.0pt;font-family:\"Calibri\",sans-serif;mso-ascii-theme-font:\nminor-latin;mso-hansi-theme-font:minor-latin;mso-bidi-theme-font:minor-latin;\ncolor:#373737\"><o:p>\u00a0<\/o:p><\/span><\/p>\n<h2 style=\"margin-top:0cm;text-align:justify;background:white;box-sizing: border-box;\n-webkit-tap-highlight-color: rgba(0, 0, 0, 0);font-variant-ligatures: normal;\nfont-variant-caps: normal;orphans: 2;text-align:start;widows: 2;-webkit-text-stroke-width: 0px;\ntext-decoration-style: initial;text-decoration-color: initial;word-spacing:\n0px\"><b style=\"mso-bidi-font-weight:normal;box-sizing: border-box;-webkit-tap-highlight-color: rgba(0, 0, 0, 0)\"><span style=\"font-size:11.0pt;line-height:107%;font-family:\"Calibri\",sans-serif;\nmso-ascii-theme-font:minor-latin;mso-hansi-theme-font:minor-latin;mso-bidi-theme-font:\nminor-latin;color:#373737\">El peligro de naturalizar la violencia contra los ni\u00f1os<o:p><\/o:p><\/span><\/b><\/h2>\n<p style=\"margin:0cm;margin-bottom:.0001pt;text-align:justify;background:white;\nbox-sizing: border-box;-webkit-tap-highlight-color: rgba(0, 0, 0, 0);\nfont-variant-ligatures: normal;font-variant-caps: normal;orphans: 2;text-align:\nstart;widows: 2;-webkit-text-stroke-width: 0px;text-decoration-style: initial;\ntext-decoration-color: initial;word-spacing:0px\"><span style=\"font-size:11.0pt;\nfont-family:\"Calibri\",sans-serif;mso-ascii-theme-font:minor-latin;mso-hansi-theme-font:\nminor-latin;mso-bidi-theme-font:minor-latin;color:#373737\">De acuerdo con la Encuesta Demogr\u00e1fica y de salud Familiar ENDES y la Encuesta sobre Relaciones Sociales ENARES, en Per\u00fa, las cifras de violencia contra los ni\u00f1os son alarmantes.<o:p><\/o:p><\/span><\/p>\n<p style=\"margin:0cm;margin-bottom:.0001pt;text-align:justify;background:white\"><span style=\"font-size:11.0pt;font-family:\"Calibri\",sans-serif;mso-ascii-theme-font:\nminor-latin;mso-hansi-theme-font:minor-latin;mso-bidi-theme-font:minor-latin;\ncolor:#373737\"><o:p>\u00a0<\/o:p><\/span><\/p>\n<p style=\"margin:0cm;margin-bottom:.0001pt;text-align:justify;background:white\"><span style=\"font-size:11.0pt;font-family:\"Calibri\",sans-serif;mso-ascii-theme-font:\nminor-latin;mso-hansi-theme-font:minor-latin;mso-bidi-theme-font:minor-latin;\ncolor:#373737\">El 43,9 % de los adultos cree que a veces es necesario gritar a los ni\u00f1os y ni\u00f1as para que entiendan lo que se les dice, mientras que el 44% de los ni\u00f1os y ni\u00f1as afirm\u00f3 que los padres tienen que golpear a sus hijos si estos se portan mal.<o:p><\/o:p><\/span><\/p>\n<p style=\"margin:0cm;margin-bottom:.0001pt;text-align:justify;background:white;\nbox-sizing: border-box;-webkit-tap-highlight-color: rgba(0, 0, 0, 0);\nfont-variant-ligatures: normal;font-variant-caps: normal;orphans: 2;text-align:\nstart;widows: 2;-webkit-text-stroke-width: 0px;text-decoration-style: initial;\ntext-decoration-color: initial;word-spacing:0px\"><span style=\"font-size:11.0pt;\nfont-family:\"Calibri\",sans-serif;mso-ascii-theme-font:minor-latin;mso-hansi-theme-font:\nminor-latin;mso-bidi-theme-font:minor-latin;color:#373737\"><o:p>\u00a0<\/o:p><\/span><\/p>\n<p style=\"margin:0cm;margin-bottom:.0001pt;text-align:justify;background:white\"><span style=\"font-size:11.0pt;font-family:\"Calibri\",sans-serif;mso-ascii-theme-font:\nminor-latin;mso-hansi-theme-font:minor-latin;mso-bidi-theme-font:minor-latin;\ncolor:#373737\">Seg\u00fan el Ministerio de la Mujer y Poblaciones Vulnerables en esta naci\u00f3n, solo en enero del presente a\u00f1o, se reportaron 3867 casos de ni\u00f1as, ni\u00f1os y adolescentes v\u00edctimas de alg\u00fan tipo de violencia.<o:p><\/o:p><\/span><\/p>\n<p style=\"margin:0cm;margin-bottom:.0001pt;text-align:justify;background:white;\nbox-sizing: border-box;-webkit-tap-highlight-color: rgba(0, 0, 0, 0);\nfont-variant-ligatures: normal;font-variant-caps: normal;orphans: 2;text-align:\nstart;widows: 2;-webkit-text-stroke-width: 0px;text-decoration-style: initial;\ntext-decoration-color: initial;word-spacing:0px\"><span style=\"font-size:11.0pt;\nfont-family:\"Calibri\",sans-serif;mso-ascii-theme-font:minor-latin;mso-hansi-theme-font:\nminor-latin;mso-bidi-theme-font:minor-latin;color:#373737\"><o:p>\u00a0<\/o:p><\/span><\/p>\n<p style=\"margin:0cm;margin-bottom:.0001pt;text-align:justify;background:white\"><span style=\"font-size:11.0pt;font-family:\"Calibri\",sans-serif;mso-ascii-theme-font:\nminor-latin;mso-hansi-theme-font:minor-latin;mso-bidi-theme-font:minor-latin;\ncolor:#373737\">Y tal como informa UNICEF, en el mundo, cada d\u00eda 220 ni\u00f1os menores de 18 a\u00f1os mueren como resultado de la violencia familiar.<o:p><\/o:p><\/span><\/p>\n<h2 style=\"margin-top:0cm;text-align:justify;background:white;box-sizing: border-box;\n-webkit-tap-highlight-color: rgba(0, 0, 0, 0);font-variant-ligatures: normal;\nfont-variant-caps: normal;orphans: 2;text-align:start;widows: 2;-webkit-text-stroke-width: 0px;\ntext-decoration-style: initial;text-decoration-color: initial;word-spacing:\n0px\"><span style=\"font-size:11.0pt;line-height:107%;font-family:\"Calibri\",sans-serif;\nmso-ascii-theme-font:minor-latin;mso-hansi-theme-font:minor-latin;mso-bidi-theme-font:\nminor-latin;color:#373737\"><o:p>\u00a0<\/o:p><\/span><\/h2>\n<h2 style=\"margin-top:0cm;text-align:justify;background:white\"><b style=\"mso-bidi-font-weight:normal\"><span style=\"font-size:11.0pt;line-height:\n107%;font-family:\"Calibri\",sans-serif;mso-ascii-theme-font:minor-latin;\nmso-hansi-theme-font:minor-latin;mso-bidi-theme-font:minor-latin;color:#373737\">Alarma contra la soledad y la violencia infantil<o:p><\/o:p><\/span><\/b><\/h2>\n<p style=\"margin:0cm;margin-bottom:.0001pt;text-align:justify;background:white;\nbox-sizing: border-box;-webkit-tap-highlight-color: rgba(0, 0, 0, 0);\nfont-variant-ligatures: normal;font-variant-caps: normal;orphans: 2;text-align:\nstart;widows: 2;-webkit-text-stroke-width: 0px;text-decoration-style: initial;\ntext-decoration-color: initial;word-spacing:0px\"><span style=\"font-size:11.0pt;\nfont-family:\"Calibri\",sans-serif;mso-ascii-theme-font:minor-latin;mso-hansi-theme-font:\nminor-latin;mso-bidi-theme-font:minor-latin;color:#373737\">Ante esta situaci\u00f3n de soledad, abandono y violencia que afecta a los ni\u00f1os, ni\u00f1as y adolescentes en Am\u00e9rica Latina y El Caribe, varias organizaciones internacionales se unieron para llevar adelante la Caminata Huellas de Ternura.<o:p><\/o:p><\/span><\/p>\n<p style=\"margin:0cm;margin-bottom:.0001pt;text-align:justify;background:white;\nbox-sizing: border-box;-webkit-tap-highlight-color: rgba(0, 0, 0, 0);\nfont-variant-ligatures: normal;font-variant-caps: normal;orphans: 2;text-align:\nstart;widows: 2;-webkit-text-stroke-width: 0px;text-decoration-style: initial;\ntext-decoration-color: initial;word-spacing:0px\"><span style=\"font-size:11.0pt;\nfont-family:\"Calibri\",sans-serif;mso-ascii-theme-font:minor-latin;mso-hansi-theme-font:\nminor-latin;mso-bidi-theme-font:minor-latin;color:#373737\"><o:p>\u00a0<\/o:p><\/span><\/p>\n<p style=\"margin:0cm;margin-bottom:.0001pt;text-align:justify;background:white\"><span style=\"font-size:11.0pt;font-family:\"Calibri\",sans-serif;mso-ascii-theme-font:\nminor-latin;mso-hansi-theme-font:minor-latin;mso-bidi-theme-font:minor-latin;\ncolor:#373737\">Entre estas instituciones se encuentra el Consejo Episcopal Latinoamericano (CELAM), C\u00e1ritas Am\u00e9rica Latina y el Caribe-SELACC, World Vision, la Federaci\u00f3n Internacional Fe y Alegr\u00eda, la Confederaci\u00f3n Interamericana de Educaci\u00f3n Cat\u00f3lica (CIEC), la Confederaci\u00f3n Latinoamericana y Caribe\u00f1a de Religiosos (CLAR), la Asociaci\u00f3n Latinoamericana de Educaci\u00f3n Radiof\u00f3nica (ALER), Kindermision Werk y la Red Mundial de Oraci\u00f3n del Papa.<o:p><\/o:p><\/span><\/p>\n<h2 style=\"margin-top:0cm;text-align:justify;background:white;box-sizing: border-box;\n-webkit-tap-highlight-color: rgba(0, 0, 0, 0);font-variant-ligatures: normal;\nfont-variant-caps: normal;orphans: 2;text-align:start;widows: 2;-webkit-text-stroke-width: 0px;\ntext-decoration-style: initial;text-decoration-color: initial;word-spacing:\n0px\"><b style=\"mso-bidi-font-weight:normal;box-sizing: border-box;-webkit-tap-highlight-color: rgba(0, 0, 0, 0)\"><span style=\"font-size:11.0pt;line-height:107%;font-family:\"Calibri\",sans-serif;\nmso-ascii-theme-font:minor-latin;mso-hansi-theme-font:minor-latin;mso-bidi-theme-font:\nminor-latin;color:#373737\">Fortaleciendo la formaci\u00f3n de agentes de pastoral<o:p><\/o:p><\/span><\/b><\/h2>\n<p style=\"margin:0cm;margin-bottom:.0001pt;text-align:justify;background:white;\nbox-sizing: border-box;-webkit-tap-highlight-color: rgba(0, 0, 0, 0);\nfont-variant-ligatures: normal;font-variant-caps: normal;orphans: 2;text-align:\nstart;widows: 2;-webkit-text-stroke-width: 0px;text-decoration-style: initial;\ntext-decoration-color: initial;word-spacing:0px\"><span style=\"font-size:11.0pt;\nfont-family:\"Calibri\",sans-serif;mso-ascii-theme-font:minor-latin;mso-hansi-theme-font:\nminor-latin;mso-bidi-theme-font:minor-latin;color:#373737\">Como actividad preparatoria, World Vision Per\u00fa, junto con C\u00e1ritas Per\u00fa, realizaron el Taller \u201cConect\u00e1ndonos con Ternura\u201c, durante el pasado mes de febrero.<o:p><\/o:p><\/span><\/p>\n<p style=\"margin:0cm;margin-bottom:.0001pt;text-align:justify;background:white;\nbox-sizing: border-box;-webkit-tap-highlight-color: rgba(0, 0, 0, 0);\nfont-variant-ligatures: normal;font-variant-caps: normal;orphans: 2;text-align:\nstart;widows: 2;-webkit-text-stroke-width: 0px;text-decoration-style: initial;\ntext-decoration-color: initial;word-spacing:0px\"><span style=\"font-size:11.0pt;\nfont-family:\"Calibri\",sans-serif;mso-ascii-theme-font:minor-latin;mso-hansi-theme-font:\nminor-latin;mso-bidi-theme-font:minor-latin;color:#373737\"><o:p>\u00a0<\/o:p><\/span><\/p>\n<p style=\"margin:0cm;margin-bottom:.0001pt;text-align:justify;background:white\"><span style=\"font-size:11.0pt;font-family:\"Calibri\",sans-serif;mso-ascii-theme-font:\nminor-latin;mso-hansi-theme-font:minor-latin;mso-bidi-theme-font:minor-latin;\ncolor:#373737\">En \u00e9l, se abordaron las herramientas necesarias para concienciar a todos los participantes de la caminata sobre la importancia de la ternura y el respeto en la educaci\u00f3n de los menores. Actividad acad\u00e9mica que se extendi\u00f3 en diversas partes del pa\u00eds.<o:p><\/o:p><\/span><\/p>\n<p style=\"margin:0cm;margin-bottom:.0001pt;text-align:justify;background:white;\nbox-sizing: border-box;-webkit-tap-highlight-color: rgba(0, 0, 0, 0);\nfont-variant-ligatures: normal;font-variant-caps: normal;orphans: 2;text-align:\nstart;widows: 2;-webkit-text-stroke-width: 0px;text-decoration-style: initial;\ntext-decoration-color: initial;word-spacing:0px\"><span style=\"font-size:11.0pt;\nfont-family:\"Calibri\",sans-serif;mso-ascii-theme-font:minor-latin;mso-hansi-theme-font:\nminor-latin;mso-bidi-theme-font:minor-latin;color:#373737\"><o:p>\u00a0<\/o:p><\/span><\/p>\n<p style=\"margin:0cm;margin-bottom:.0001pt;text-align:justify;background:white\"><span style=\"font-size:11.0pt;font-family:\"Calibri\",sans-serif;mso-ascii-theme-font:\nminor-latin;mso-hansi-theme-font:minor-latin;mso-bidi-theme-font:minor-latin;\ncolor:#373737\">Asimismo, la Caminata<i style=\"box-sizing: border-box;\n-webkit-tap-highlight-color: rgba(0, 0, 0, 0)\">\u00a0Huellas de Ternura<\/i>\u00a0est\u00e1 enmarcada en la Campa\u00f1a \u201cNecesitamos a Todo el Mundo: Cero Violencia, 100% Ternura\u201d que impulsan las entidades aliadas del Programa Centralidad de la Ni\u00f1ez, es decir, el Consejo Episcopal Latinoamericano (CELAM), World Vision Latinoam\u00e9rica, C\u00e1ritas Latinoam\u00e9rica y la Federaci\u00f3n Internacional Fe y Alegr\u00eda.<o:p><\/o:p><\/span><\/p>\n<p class=\"MsoNormal\" style=\"text-align:justify\"><i style=\"mso-bidi-font-style:\nnormal\"><span style=\"mso-bidi-font-family:Calibri;mso-bidi-theme-font:minor-latin\"><o:p>\u00a0<\/o:p><\/span><\/i><\/p>\n<p class=\"MsoNormal\" style=\"text-align:justify\"><i style=\"mso-bidi-font-style:\nnormal\"><span style=\"mso-bidi-font-family:Calibri;mso-bidi-theme-font:minor-latin\">Tomado de: Vatican News. Por <span style=\"color:#373737;background:white;mso-bidi-font-weight:\nbold\">Sof\u00eda Lobos- Ciudad del Vaticano. <\/span><span style=\"color:#373737;\nbackground:white\">03 de marzo de 2019<\/span><\/span><o:p><\/o:p><\/i><\/p>\n<p><a href=\"http:\/\/web.hilo.org.pe\/wp-content\/uploads\/cometa.jpg\" target=\"_blank\" rel=\"noopener\">Ver archivo adjunto<\/a><\/p>\n","protected":false},"excerpt":{"rendered":"<p>Se trata de una iniciativa que viene recorriendo toda Am\u00e9rica Latina y El Caribe, desde M\u00e9xico hasta la Patagonia, con una Cometa como s\u00edmbolo de la ni\u00f1ez llena de pactos de ternura.<\/p>\n","protected":false},"author":1,"featured_media":7988,"comment_status":"closed","ping_status":"closed","sticky":false,"template":"","format":"standard","meta":{"footnotes":""},"categories":[9],"tags":[],"class_list":["post-3210","post","type-post","status-publish","format-standard","has-post-thumbnail","hentry","category-noticias"],"_links":{"self":[{"href":"https:\/\/ceas.org.pe\/index.php\/wp-json\/wp\/v2\/posts\/3210","targetHints":{"allow":["GET"]}}],"collection":[{"href":"https:\/\/ceas.org.pe\/index.php\/wp-json\/wp\/v2\/posts"}],"about":[{"href":"https:\/\/ceas.org.pe\/index.php\/wp-json\/wp\/v2\/types\/post"}],"author":[{"embeddable":true,"href":"https:\/\/ceas.org.pe\/index.php\/wp-json\/wp\/v2\/users\/1"}],"replies":[{"embeddable":true,"href":"https:\/\/ceas.org.pe\/index.php\/wp-json\/wp\/v2\/comments?post=3210"}],"version-history":[{"count":1,"href":"https:\/\/ceas.org.pe\/index.php\/wp-json\/wp\/v2\/posts\/3210\/revisions"}],"predecessor-version":[{"id":6008,"href":"https:\/\/ceas.org.pe\/index.php\/wp-json\/wp\/v2\/posts\/3210\/revisions\/6008"}],"wp:featuredmedia":[{"embeddable":true,"href":"https:\/\/ceas.org.pe\/index.php\/wp-json\/wp\/v2\/media\/7988"}],"wp:attachment":[{"href":"https:\/\/ceas.org.pe\/index.php\/wp-json\/wp\/v2\/media?parent=3210"}],"wp:term":[{"taxonomy":"category","embeddable":true,"href":"https:\/\/ceas.org.pe\/index.php\/wp-json\/wp\/v2\/categories?post=3210"},{"taxonomy":"post_tag","embeddable":true,"href":"https:\/\/ceas.org.pe\/index.php\/wp-json\/wp\/v2\/tags?post=3210"}],"curies":[{"name":"wp","href":"https:\/\/api.w.org\/{rel}","templated":true}]}}