{"id":3209,"date":"2019-03-01T14:18:00","date_gmt":"2019-03-01T14:18:00","guid":{"rendered":""},"modified":"2026-03-11T09:11:55","modified_gmt":"2026-03-11T14:11:55","slug":"presidente-del-episcopado-peruano-participa-en-seminario-pre-sinodal-sobre-la-amazonia-en-roma","status":"publish","type":"post","link":"https:\/\/ceas.org.pe\/index.php\/2019\/03\/01\/presidente-del-episcopado-peruano-participa-en-seminario-pre-sinodal-sobre-la-amazonia-en-roma\/","title":{"rendered":"Presidente del Episcopado Peruano participa en seminario pre sinodal sobre la Amazon\u00eda, en Roma"},"content":{"rendered":"<p style=\"margin: 6pt 0cm; text-align: justify; background-image: initial; background-position: initial; background-size: initial; background-repeat: initial; background-attachment: initial; background-origin: initial; background-clip: initial;\"><span style=\"font-size: 11pt; font-family: Calibri, sans-serif;\">En el evento participan tambi\u00e9n el Cardenal Pedro Barreto, Arzobispo de Huancayo y Vicepresidente de la Red Eclesial Panamaz\u00f3nica (REPAM), y Monse\u00f1or David Mart\u00ednez de Aguirre, Obispo del Vicariato Apost\u00f3lico de Puerto Maldonado.<o:p><\/o:p><\/span><\/p>\n<p style=\"margin: 6pt 0cm; text-align: justify; background-image: initial; background-position: initial; background-size: initial; background-repeat: initial; background-attachment: initial; background-origin: initial; background-clip: initial; box-sizing: inherit;\"><span style=\"font-size: 11pt; font-family: Calibri, sans-serif;\">Durante el Seminario que se realiza estos d\u00edas en Roma, Obispos de la zona amaz\u00f3nica y expertos en la materia abordan diversos temas como: La misi\u00f3n de la Iglesia en la Amazon\u00eda, Catequesis y formaci\u00f3n cristiana, inculturaci\u00f3n, piedad popular y proselitismo de las sectas, ecolog\u00eda ambiental, cultural, social, pol\u00edtica y econ\u00f3mica, la situaci\u00f3n de los ind\u00edgenas, educaci\u00f3n y espiritualidad ecol\u00f3gicas. El evento fue presidido por el Cardenal Lorenzo Baldisseri, Secretario General del S\u00ednodo de los Obispos.<o:p><\/o:p><\/span><\/p>\n<p style=\"margin: 6pt 0cm; text-align: justify; background-image: initial; background-position: initial; background-size: initial; background-repeat: initial; background-attachment: initial; background-origin: initial; background-clip: initial; box-sizing: inherit;\"><span style=\"font-size: 11pt; font-family: Calibri, sans-serif;\">El S\u00ednodo de los Obispos que se realizar\u00e1 en octubre de este a\u00f1o tiene como tema \u201cAmazon\u00eda: nuevos caminos para la Iglesia y para una ecolog\u00eda integral\u201d, y se har\u00e1 con el objetivo de materializar nuevas v\u00edas para la evangelizaci\u00f3n de los habitantes en la Amazon\u00eda, especialmente los ind\u00edgenas.<o:p><\/o:p><\/span><\/p>\n<p style=\"margin: 6pt 0cm; text-align: justify; background-image: initial; background-position: initial; background-size: initial; background-repeat: initial; background-attachment: initial; background-origin: initial; background-clip: initial; box-sizing: inherit;\"><span style=\"font-size: 11pt; font-family: Calibri, sans-serif;\">En la zona Amaz\u00f3nica, que es una de las principales reservas de biodiversidad y agua dulce del planeta, residen unos 34 millones de habitantes, de los cuales m\u00e1s de tres millones son ind\u00edgenas pertenecientes a m\u00e1s de 390 grupos \u00e9tnicos.<o:p><\/o:p><\/span><\/p>\n<p class=\"MsoNormal\"><o:p>\u00a0<\/o:p><\/p>\n<p><i>Tomado de: Conferencia Episcopal Peruana. 27 de febrero de 2019.<\/i>\u00a0<\/p>\n<p><a href=\"http:\/\/web.hilo.org.pe\/wp-content\/uploads\/La-CEP-en-Roma-1.jpg\" target=\"_blank\" rel=\"noopener\">Ver archivo adjunto<\/a><\/p>\n","protected":false},"excerpt":{"rendered":"<p>Monse\u00f1or Miguel Cabrejos, Presidente de la Conferencia Episcopal y Arzobispo de Trujillo, participa del Seminario \u201cHacia el S\u00ednodo Especial para la Amazon\u00eda: Dimensi\u00f3n Regional y Universal\u201d, que se lleva a cabo en el Instituto Mar\u00eda Bambina, de Roma, como preparaci\u00f3n al S\u00ednodo sobre la Amazon\u00eda, que se realizar\u00e1 del 6 al 27 de octubre de este a\u00f1o, en Roma, con la presencia del Papa Francisco y los obispos de las Conferencias Episcopales que comparten las zonas amaz\u00f3nicas de Brasil, Bolivia, Colombia, Ecuador, Per\u00fa, Venezuela, Suriname, Guyana y la Guayana francesa.<\/p>\n","protected":false},"author":1,"featured_media":7886,"comment_status":"closed","ping_status":"closed","sticky":false,"template":"","format":"standard","meta":{"footnotes":""},"categories":[9],"tags":[],"class_list":["post-3209","post","type-post","status-publish","format-standard","has-post-thumbnail","hentry","category-noticias"],"_links":{"self":[{"href":"https:\/\/ceas.org.pe\/index.php\/wp-json\/wp\/v2\/posts\/3209","targetHints":{"allow":["GET"]}}],"collection":[{"href":"https:\/\/ceas.org.pe\/index.php\/wp-json\/wp\/v2\/posts"}],"about":[{"href":"https:\/\/ceas.org.pe\/index.php\/wp-json\/wp\/v2\/types\/post"}],"author":[{"embeddable":true,"href":"https:\/\/ceas.org.pe\/index.php\/wp-json\/wp\/v2\/users\/1"}],"replies":[{"embeddable":true,"href":"https:\/\/ceas.org.pe\/index.php\/wp-json\/wp\/v2\/comments?post=3209"}],"version-history":[{"count":1,"href":"https:\/\/ceas.org.pe\/index.php\/wp-json\/wp\/v2\/posts\/3209\/revisions"}],"predecessor-version":[{"id":6009,"href":"https:\/\/ceas.org.pe\/index.php\/wp-json\/wp\/v2\/posts\/3209\/revisions\/6009"}],"wp:featuredmedia":[{"embeddable":true,"href":"https:\/\/ceas.org.pe\/index.php\/wp-json\/wp\/v2\/media\/7886"}],"wp:attachment":[{"href":"https:\/\/ceas.org.pe\/index.php\/wp-json\/wp\/v2\/media?parent=3209"}],"wp:term":[{"taxonomy":"category","embeddable":true,"href":"https:\/\/ceas.org.pe\/index.php\/wp-json\/wp\/v2\/categories?post=3209"},{"taxonomy":"post_tag","embeddable":true,"href":"https:\/\/ceas.org.pe\/index.php\/wp-json\/wp\/v2\/tags?post=3209"}],"curies":[{"name":"wp","href":"https:\/\/api.w.org\/{rel}","templated":true}]}}