{"id":3208,"date":"2019-02-28T17:24:06","date_gmt":"2019-02-28T17:24:06","guid":{"rendered":""},"modified":"2026-03-11T09:11:55","modified_gmt":"2026-03-11T14:11:55","slug":"cardenal-barreto-ante-el-sinodo-ellos-ponen-mas-enfasis-en-el-ser-que-en-el-tener","status":"publish","type":"post","link":"https:\/\/ceas.org.pe\/index.php\/2019\/02\/28\/cardenal-barreto-ante-el-sinodo-ellos-ponen-mas-enfasis-en-el-ser-que-en-el-tener\/","title":{"rendered":"Cardenal Barreto, ante el S\u00ednodo: Ellos ponen m\u00e1s \u00e9nfasis en el ser que en el tener"},"content":{"rendered":"<p class=\"MsoNormal\" style=\"margin-bottom:0cm;margin-bottom:.0001pt;text-align:\njustify;line-height:normal\"><span style=\"color: rgb(51, 51, 51); font-family: Calibri, sans-serif; font-size: 11pt;\">Con esperanza en que se d\u00e9 un nuevo \u201ccaminar juntos\u201d, un fortalecimiento verdadero \u201cteniendo en el centro a Jes\u00fas\u201d. As\u00ed afronta el cardenal Pedro Barreto el S\u00ednodo Amaz\u00f3nico que tendr\u00e1 lugar en el mes de octubre en el Vaticano y que, se espera, traiga propuestas nuevas para un territorio donde diversas amenazas atentan contra su diversidad y los pueblos que la habitan. En declaraciones al Canal del Vaticano, el representante de la Iglesia peruana hizo un positivo balance sobre el seminario de estudio Estudio \u201cHacia el S\u00ednodo Especial para la Amazon\u00eda: dimensi\u00f3n regional y universal\u201d que se ha desarrollado entre el 25 y el 27 de febrero con la mirada puesta en el pr\u00f3ximo S\u00ednodo.<\/span><\/p>\n<p style=\"margin: 0cm 0cm 0.0001pt; text-align: justify; background-image: initial; background-position: initial; background-size: initial; background-repeat: initial; background-attachment: initial; background-origin: initial; background-clip: initial;\"><span style=\"font-size:11.0pt;font-family:\"Calibri\",sans-serif;mso-ascii-theme-font:\nminor-latin;mso-hansi-theme-font:minor-latin;mso-bidi-theme-font:minor-latin;\ncolor:#333333\">\u00a0<\/span><\/p>\n<p style=\"margin: 0cm 0cm 0.0001pt; background-image: initial; background-position: initial; background-size: initial; background-repeat: initial; background-attachment: initial; background-origin: initial; background-clip: initial; outline: none;\"><span style=\"font-size:11.0pt;font-family:\"Calibri\",sans-serif;mso-ascii-theme-font:\nminor-latin;mso-hansi-theme-font:minor-latin;mso-bidi-theme-font:minor-latin;\ncolor:#333333\">\u201cHan sido tres d\u00edas muy intensos, con 27 relatores que han tocado temas diversos, cient\u00edficos algunos de ellos, pastorales otros. La verdad es que ha sido una experiencia en peque\u00f1o de lo que va a significar el S\u00ednodo Amaz\u00f3nico\u201d, indic\u00f3 Barreto. Tambi\u00e9n se\u00f1al\u00f3 que este tipo de espacios, donde ha primado la diversidad de sus participantes, es una antesala m\u00e1s a la recepci\u00f3n del documento de trabajo que se brindar\u00e1 en el mes de junio y donde se han recogido todos los aportes que, en diferentes \u00e1mbitos y actividades, ha dado la amplia Amazon\u00eda.<o:p><\/o:p><\/span><\/p>\n<p style=\"margin: 0cm 0cm 0.0001pt; background-image: initial; background-position: initial; background-size: initial; background-repeat: initial; background-attachment: initial; background-origin: initial; background-clip: initial; outline: none;\"><span style=\"font-size:11.0pt;font-family:\"Calibri\",sans-serif;mso-ascii-theme-font:\nminor-latin;mso-hansi-theme-font:minor-latin;mso-bidi-theme-font:minor-latin;\ncolor:#333333\">\u00a0<\/span><\/p>\n<p style=\"margin: 0cm 0cm 0.0001pt; text-align: justify; background-image: initial; background-position: initial; background-size: initial; background-repeat: initial; background-attachment: initial; background-origin: initial; background-clip: initial;\"><span style=\"font-size:11.0pt;font-family:\"Calibri\",sans-serif;mso-ascii-theme-font:\nminor-latin;mso-hansi-theme-font:minor-latin;mso-bidi-theme-font:minor-latin;\ncolor:#333333\">\u201cTenemos muchas expectativas, muchas esperanzas, pues el S\u00ednodo Amaz\u00f3nico es un s\u00ednodo que, por primera vez en la historia, quiere focalizar en una regi\u00f3n donde hay hermanos y hermanas ind\u00edgenas que realmente nos ense\u00f1an a vivir sobriamente\u201d, reflexion\u00f3, \u201cellos ponen m\u00e1s \u00e9nfasis en el ser que en el tener, y esta vida sobria es lo que pide el Papa Francisco en la \u2018Laudato S\u00ed\u201d.<o:p><\/o:p><\/span><\/p>\n<p style=\"margin: 0cm 0cm 0.0001pt; background-image: initial; background-position: initial; background-size: initial; background-repeat: initial; background-attachment: initial; background-origin: initial; background-clip: initial; outline: none;\"><em style=\"outline: none\"><b><span style=\"font-size:11.0pt;font-family:\n\"Calibri\",sans-serif;mso-ascii-theme-font:minor-latin;mso-hansi-theme-font:\nminor-latin;mso-bidi-theme-font:minor-latin;color:#333333;border:none windowtext 1.0pt;\nmso-border-alt:none windowtext 0cm;padding:0cm\">\u00a0<\/span><\/b><\/em><\/p>\n<p style=\"margin: 0cm 0cm 0.0001pt; text-align: justify; background-image: initial; background-position: initial; background-size: initial; background-repeat: initial; background-attachment: initial; background-origin: initial; background-clip: initial;\"><em><b><span style=\"font-size:11.0pt;font-family:\"Calibri\",sans-serif;mso-ascii-theme-font:\nminor-latin;mso-hansi-theme-font:minor-latin;mso-bidi-theme-font:minor-latin;\ncolor:#333333;border:none windowtext 1.0pt;mso-border-alt:none windowtext 0cm;\npadding:0cm\">\u201cNos sentimos amenazados\u201d<\/span><\/b><\/em><span style=\"font-size:\n11.0pt;font-family:\"Calibri\",sans-serif;mso-ascii-theme-font:minor-latin;\nmso-hansi-theme-font:minor-latin;mso-bidi-theme-font:minor-latin;color:#333333\"><o:p><\/o:p><\/span><\/p>\n<p style=\"margin: 0cm 0cm 0.0001pt; background-image: initial; background-position: initial; background-size: initial; background-repeat: initial; background-attachment: initial; background-origin: initial; background-clip: initial; outline: none;\"><span style=\"font-size:11.0pt;font-family:\"Calibri\",sans-serif;mso-ascii-theme-font:\nminor-latin;mso-hansi-theme-font:minor-latin;mso-bidi-theme-font:minor-latin;\ncolor:#333333\">El Cardenal Barreto ha estado en el encuentro acompa\u00f1ado de otros representantes de la iglesia peruana, como el Obispo del Vicariato Apost\u00f3lico de Puerto Maldonado, Monse\u00f1or David Mart\u00ednez de Aguirre. Igualmente, tambi\u00e9n los pueblos originarios han contado como representantes. Es el caso de Y\u00e9sica Patiachi, del pueblo Harakbut. Ella, junto a Luis Tayori, fue la encargada de poner voz al reflexivo y reivindicativo discurso que las poblaciones ind\u00edgenas leyeron al Papa y que fue escuchado y replicado en diferentes lugares del mundo.<o:p><\/o:p><\/span><\/p>\n<p class=\"MsoNormal\" style=\"margin-bottom:0cm;margin-bottom:.0001pt;text-align:\njustify;line-height:normal\"><o:p>\u00a0<\/o:p><\/p>\n<p style=\"margin: 0cm 0cm 0.0001pt; text-align: justify; background-image: initial; background-position: initial; background-size: initial; background-repeat: initial; background-attachment: initial; background-origin: initial; background-clip: initial;\"><span style=\"font-size:11.0pt;font-family:\"Calibri\",sans-serif;mso-ascii-theme-font:\nminor-latin;mso-hansi-theme-font:minor-latin;mso-bidi-theme-font:minor-latin;\ncolor:#333333\">Tambi\u00e9n en declaraciones a los medios de comunicaci\u00f3n del Vaticano, Patiachi indic\u00f3: \u201cEstamos ac\u00e1 para recalcar lo que ya dijimos. Nos sentimos amenazados por el extractivismo. Entran como si fuese su chacra con el visto bueno del Estado. Queremos decirle a la humanidad que estamos preocupados por el cuidado de nuestros bosques porque no s\u00f3lo es el pulm\u00f3n del mundo, es el coraz\u00f3n de la humanidad, se necesita reflexionar y ver qu\u00e9 estamos haciendo para frenar esto\u201d.<o:p><\/o:p><\/span><\/p>\n<p style=\"margin: 0cm 0cm 0.0001pt; background-image: initial; background-position: initial; background-size: initial; background-repeat: initial; background-attachment: initial; background-origin: initial; background-clip: initial; outline: none;\"><span style=\"font-size:11.0pt;font-family:\"Calibri\",sans-serif;mso-ascii-theme-font:\nminor-latin;mso-hansi-theme-font:minor-latin;mso-bidi-theme-font:minor-latin;\ncolor:#333333\">El S\u00ednodo, cree Patiachi, es una gran oportunidad para la reflexi\u00f3n de los feligreses y para la b\u00fasqueda de aliados. Reiterando su preocupaci\u00f3n, dice que el mensaje no s\u00f3lo debe llegar al Papa, sino a \u201ctodos los organismos nacionales e internacionales\u201d porque \u201cla tierra se est\u00e1 malogrando\u201d. Cr\u00edtica con las pr\u00e1cticas consumistas la preocupaci\u00f3n de su pueblo es el presente pero, sobre todo, el futuro y concluye: \u201cMa\u00f1ana tus nietos, qu\u00e9 disfrutar\u00e1n, \u00bftendr\u00e1n esta maravillosa Amazon\u00eda?\u201d.<o:p><\/o:p><\/span><\/p>\n<p style=\"margin: 0cm 0cm 0.0001pt; background-image: initial; background-position: initial; background-size: initial; background-repeat: initial; background-attachment: initial; background-origin: initial; background-clip: initial; outline: none;\"><em style=\"outline: none\"><b><span style=\"font-size:11.0pt;font-family:\n\"Calibri\",sans-serif;mso-ascii-theme-font:minor-latin;mso-hansi-theme-font:\nminor-latin;mso-bidi-theme-font:minor-latin;color:#333333;border:none windowtext 1.0pt;\nmso-border-alt:none windowtext 0cm;padding:0cm\">\u00a0<\/span><\/b><\/em><\/p>\n<p style=\"margin: 0cm 0cm 0.0001pt; text-align: justify; background-image: initial; background-position: initial; background-size: initial; background-repeat: initial; background-attachment: initial; background-origin: initial; background-clip: initial;\"><em><b><span style=\"font-size:11.0pt;font-family:\"Calibri\",sans-serif;mso-ascii-theme-font:\nminor-latin;mso-hansi-theme-font:minor-latin;mso-bidi-theme-font:minor-latin;\ncolor:#333333;border:none windowtext 1.0pt;mso-border-alt:none windowtext 0cm;\npadding:0cm\">Tema: Amazon\u00eda, dimensi\u00f3n regional y universal<\/span><\/b><\/em><span style=\"font-size:11.0pt;font-family:\"Calibri\",sans-serif;mso-ascii-theme-font:\nminor-latin;mso-hansi-theme-font:minor-latin;mso-bidi-theme-font:minor-latin;\ncolor:#333333\"><o:p><\/o:p><\/span><\/p>\n<p style=\"margin: 0cm 0cm 0.0001pt; background-image: initial; background-position: initial; background-size: initial; background-repeat: initial; background-attachment: initial; background-origin: initial; background-clip: initial; outline: none;\"><span style=\"font-size:11.0pt;font-family:\"Calibri\",sans-serif;mso-ascii-theme-font:\nminor-latin;mso-hansi-theme-font:minor-latin;mso-bidi-theme-font:minor-latin;\ncolor:#333333\">Seg\u00fan inform\u00f3 la p\u00e1gina web oficial del Vaticano, el tema del encuentro que tuvo lugar del 25 al 27 de febrero de 2019 en el Instituto M.S. Bambina, fue: \u201cHacia el S\u00ednodo Especial para la Amazon\u00eda: dimensi\u00f3n regional y universal\u201d. El primer d\u00eda se examinaron algunos aspectos eclesiales y pastorales a la luz de la Exhortaci\u00f3n Apost\u00f3lica Evangelii Gaudium. En la segunda jornada se abordaron temas relacionados con la promoci\u00f3n de la ecolog\u00eda integral en la perspectiva de la Enc\u00edclica \u2018Laudato si\u2019. El \u00faltimo d\u00eda hubo una s\u00edntesis de las cuestiones surgidas durante el encuentro y una comunicaci\u00f3n sobre el camino de preparaci\u00f3n para el S\u00ednodo.<o:p><\/o:p><\/span><\/p>\n<p class=\"MsoNormal\" style=\"margin-bottom:0cm;margin-bottom:.0001pt;text-align:\njustify;line-height:normal\">\u00a0<o:p><\/o:p><\/p>\n<p><i style=\"text-align: justify;\"><span style=\"mso-fareast-font-family:\"Times New Roman\";mso-bidi-font-family:Calibri;\nmso-bidi-theme-font:minor-latin;color:#333333;mso-fareast-language:ES-PE\">Tomado de: Centro Amaz\u00f3nico de Antropolog\u00eda y Aplicaci\u00f3n Pr\u00e1ctica \u2013 CAAAP<\/span>. 28 febrero de 2019.<\/i>\u00a0<\/p>\n<p><a href=\"http:\/\/web.hilo.org.pe\/wp-content\/uploads\/barreto-1024x588.jpeg\" target=\"_blank\" rel=\"noopener\">Ver archivo adjunto<\/a><\/p>\n","protected":false},"excerpt":{"rendered":"<p>Entre el 25 y el 27 de febrero Roma ha acogido el Seminario de Estudio \u201cHacia el S\u00ednodo Especial para la Amazon\u00eda: dimensi\u00f3n regional y universal\u201d donde han participado representantes de toda la Panamazon\u00eda, entre ellos el cardenal Pedro Barreto, el obispo de Puerto Maldonado, David Mart\u00ednez de Aguirre, y la l\u00edder ind\u00edgena Y\u00e9sica Patiachi, entre otros representantes del Per\u00fa.<\/p>\n","protected":false},"author":1,"featured_media":0,"comment_status":"closed","ping_status":"closed","sticky":false,"template":"","format":"standard","meta":{"footnotes":""},"categories":[9],"tags":[],"class_list":["post-3208","post","type-post","status-publish","format-standard","hentry","category-noticias"],"_links":{"self":[{"href":"https:\/\/ceas.org.pe\/index.php\/wp-json\/wp\/v2\/posts\/3208","targetHints":{"allow":["GET"]}}],"collection":[{"href":"https:\/\/ceas.org.pe\/index.php\/wp-json\/wp\/v2\/posts"}],"about":[{"href":"https:\/\/ceas.org.pe\/index.php\/wp-json\/wp\/v2\/types\/post"}],"author":[{"embeddable":true,"href":"https:\/\/ceas.org.pe\/index.php\/wp-json\/wp\/v2\/users\/1"}],"replies":[{"embeddable":true,"href":"https:\/\/ceas.org.pe\/index.php\/wp-json\/wp\/v2\/comments?post=3208"}],"version-history":[{"count":1,"href":"https:\/\/ceas.org.pe\/index.php\/wp-json\/wp\/v2\/posts\/3208\/revisions"}],"predecessor-version":[{"id":6010,"href":"https:\/\/ceas.org.pe\/index.php\/wp-json\/wp\/v2\/posts\/3208\/revisions\/6010"}],"wp:attachment":[{"href":"https:\/\/ceas.org.pe\/index.php\/wp-json\/wp\/v2\/media?parent=3208"}],"wp:term":[{"taxonomy":"category","embeddable":true,"href":"https:\/\/ceas.org.pe\/index.php\/wp-json\/wp\/v2\/categories?post=3208"},{"taxonomy":"post_tag","embeddable":true,"href":"https:\/\/ceas.org.pe\/index.php\/wp-json\/wp\/v2\/tags?post=3208"}],"curies":[{"name":"wp","href":"https:\/\/api.w.org\/{rel}","templated":true}]}}