{"id":3207,"date":"2019-02-28T16:56:51","date_gmt":"2019-02-28T16:56:51","guid":{"rendered":""},"modified":"2026-03-11T09:11:55","modified_gmt":"2026-03-11T14:11:55","slug":"pronunciamiento-del-vicariato-apostolico-de-puerto-maldonado-2","status":"publish","type":"post","link":"https:\/\/ceas.org.pe\/index.php\/2019\/02\/28\/pronunciamiento-del-vicariato-apostolico-de-puerto-maldonado-2\/","title":{"rendered":"Pronunciamiento del Vicariato Apost\u00f3lico de Puerto Maldonado"},"content":{"rendered":"<p class=\"MsoNormal\" style=\"line-height: normal; background-image: initial; background-position: initial; background-size: initial; background-repeat: initial; background-attachment: initial; background-origin: initial; background-clip: initial;\"><span style=\"mso-fareast-font-family:\"Times New Roman\";mso-bidi-font-family:Calibri;\nmso-bidi-theme-font:minor-latin;color:#1D2129;mso-fareast-language:ES-PE\">Es efectivamente necesaria una intervenci\u00f3n en\u00e9rgica para acabar con la miner\u00eda ilegal y la informalidad en el resto de la miner\u00eda. As\u00ed tambi\u00e9n debemos terminar con la trata de personas, la explotaci\u00f3n laboral y sexual, los atropellos a la salud y a la dignidad humana y con la destrucci\u00f3n sistem\u00e1tica de nuestra selva amaz\u00f3nica, entre otros. Felicitamos los di\u00e1logos abiertos entre el Ejecutivo, Gobierno Regional y las diferentes organizaciones mineras de Madre de Dios, as\u00ed como a quienes ya comenzaron a ejecutar acciones concretas para lograr estos objetivos. <o:p><\/o:p><\/span><\/p>\n<p class=\"MsoNormal\" style=\"line-height: normal; background-image: initial; background-position: initial; background-size: initial; background-repeat: initial; background-attachment: initial; background-origin: initial; background-clip: initial;\"><span style=\"mso-fareast-font-family:\"Times New Roman\";mso-bidi-font-family:Calibri;\nmso-bidi-theme-font:minor-latin;color:#1D2129;mso-fareast-language:ES-PE\">Creemos que es necesario establecer una vigilancia para que las intervenciones que se realizan en La Pampa no provoquen que el mal que se extirpa siga infectando otras zonas protegidas como la Reserva Amarakaeri, tierras agr\u00edcolas, o territorios de Comunidades Nativas. <o:p><\/o:p><\/span><\/p>\n<p class=\"MsoNormal\" style=\"line-height: normal; background-image: initial; background-position: initial; background-size: initial; background-repeat: initial; background-attachment: initial; background-origin: initial; background-clip: initial;\"><span style=\"mso-fareast-font-family:\"Times New Roman\";mso-bidi-font-family:Calibri;\nmso-bidi-theme-font:minor-latin;color:#1D2129;mso-fareast-language:ES-PE\">Pero un Estado de Emergencia fundamentado en la prevenci\u00f3n de delitos y en garantizar el orden y la seguridad ciudadana debe conllevar una intervenci\u00f3n en\u00e9rgica y sostenida para luchar contra la delincuencia com\u00fan que atenta contra la vida y la propiedad de la sociedad civil y contra la vida de las fuerzas policiales y serenazgo, no s\u00f3lo en las zonas mineras, sino tambi\u00e9n en Puerto Maldonado y sus alrededores. <o:p><\/o:p><\/span><\/p>\n<p class=\"MsoNormal\" style=\"line-height: normal; background-image: initial; background-position: initial; background-size: initial; background-repeat: initial; background-attachment: initial; background-origin: initial; background-clip: initial;\"><span style=\"mso-fareast-font-family:\"Times New Roman\";mso-bidi-font-family:Calibri;\nmso-bidi-theme-font:minor-latin;color:#1D2129;mso-fareast-language:ES-PE\">Nos sentimos DESPROTEGIDOS y VULNERABLES. No podemos aguantar m\u00e1s el crecimiento de los asaltos, robos y asesinatos que sufre el pueblo en su vida cotidiana. \u201cNo robar\u00e1s\u201d, \u201cno matar\u00e1s\u201d, siguen siendo los mandamientos m\u00e1s b\u00e1sicos para una \u00e9tica, no s\u00f3lo cristiana, sino com\u00fan a todas las personas de buena voluntad. <o:p><\/o:p><\/span><\/p>\n<p class=\"MsoNormal\" style=\"line-height: normal; background-image: initial; background-position: initial; background-size: initial; background-repeat: initial; background-attachment: initial; background-origin: initial; background-clip: initial;\"><span style=\"mso-fareast-font-family:\"Times New Roman\";mso-bidi-font-family:Calibri;\nmso-bidi-theme-font:minor-latin;color:#1D2129;mso-fareast-language:ES-PE\">Es preciso dotar a la polic\u00eda de la infraestructura y medios necesarios para realizar su tarea, as\u00ed como enfrentar la corrupci\u00f3n a todos los niveles. Tambi\u00e9n es preciso que la poblaci\u00f3n civil y los movimientos vecinales se organicen para colaborar con las autoridades y vencer esta lacra. <o:p><\/o:p><\/span><\/p>\n<p class=\"MsoNormal\" style=\"line-height: normal; background-image: initial; background-position: initial; background-size: initial; background-repeat: initial; background-attachment: initial; background-origin: initial; background-clip: initial;\"><span style=\"mso-fareast-font-family:\"Times New Roman\";mso-bidi-font-family:Calibri;\nmso-bidi-theme-font:minor-latin;color:#1D2129;mso-fareast-language:ES-PE\">Hace un a\u00f1o, en nuestra propia tierra el Papa Francisco nos dec\u00eda: \u201cAmen esta tierra, si\u00e9ntanla suya. Hu\u00e9lanla, esc\u00fachenla, marav\u00edllense de ella. Enam\u00f3rense de esta tierra Madre de Dios, comprom\u00e9tanse y cu\u00eddenla, defi\u00e9ndanla. No la usen como un simple objeto descartable sino como un verdadero tesoro para disfrutar, hacer crecer y transmitirlo a sus hijos\u201d. <o:p><\/o:p><\/span><\/p>\n<p class=\"MsoNormal\" style=\"line-height: normal; background-image: initial; background-position: initial; background-size: initial; background-repeat: initial; background-attachment: initial; background-origin: initial; background-clip: initial;\"><span style=\"mso-fareast-font-family:\"Times New Roman\";mso-bidi-font-family:Calibri;\nmso-bidi-theme-font:minor-latin;color:#1D2129;mso-fareast-language:ES-PE\">Queremos vivir en paz y trabajar dignamente en actividades limpias, en armon\u00eda con la Creaci\u00f3n y aportando la rentabilidad necesaria para nuestra econom\u00eda regional. <o:p><\/o:p><\/span><\/p>\n<p class=\"MsoNormal\" style=\"line-height: normal; background-image: initial; background-position: initial; background-size: initial; background-repeat: initial; background-attachment: initial; background-origin: initial; background-clip: initial;\"><span style=\"mso-fareast-font-family:\"Times New Roman\";mso-bidi-font-family:Calibri;\nmso-bidi-theme-font:minor-latin;color:#1D2129;mso-fareast-language:ES-PE\">Creemos que la Buena Noticia de Cristo acogida en nuestros corazones, nos ayudar\u00e1 como pueblo a superar nuestras dificultades. De nuevo citando al Papa, \u201c\u00a1Esta no es una tierra hu\u00e9rfana, es la tierra de la Madre. Y si hay Madre, hay hijos, hay familia, y hay comunidad. Y donde hay Madre, familia y comunidad, no podr\u00e1n desaparecer los problemas, pero seguro que se encuentra la fuerza para enfrentarlos de una manera diferente.\u201d <o:p><\/o:p><\/span><\/p>\n<p class=\"MsoNormal\" style=\"line-height: normal; background-image: initial; background-position: initial; background-size: initial; background-repeat: initial; background-attachment: initial; background-origin: initial; background-clip: initial;\"><span style=\"mso-fareast-font-family:\"Times New Roman\";mso-bidi-font-family:Calibri;\nmso-bidi-theme-font:minor-latin;color:#1D2129;mso-fareast-language:ES-PE\">Puerto Maldonado, 21 de febrero de 2019 <o:p><\/o:p><\/span><\/p>\n<p class=\"MsoNormal\" style=\"line-height: normal; background-image: initial; background-position: initial; background-size: initial; background-repeat: initial; background-attachment: initial; background-origin: initial; background-clip: initial;\">\u00a0<\/p>\n<p class=\"MsoNormal\" style=\"line-height: normal; background-image: initial; background-position: initial; background-size: initial; background-repeat: initial; background-attachment: initial; background-origin: initial; background-clip: initial;\"><span style=\"mso-fareast-font-family:\"Times New Roman\";mso-bidi-font-family:Calibri;\nmso-bidi-theme-font:minor-latin;color:#1D2129;mso-fareast-language:ES-PE\">+David Mart\u00ednez de Aguirre Guinea, OP. <o:p><\/o:p><\/span><br \/>\n<span style=\"mso-fareast-font-family:\"Times New Roman\";mso-bidi-font-family:Calibri;\nmso-bidi-theme-font:minor-latin;color:#1D2129;mso-fareast-language:ES-PE\">Obispo Vicario Apost\u00f3lico de Puerto Maldonado <o:p><\/o:p><\/span><\/p>\n<p>\u00a0 \u00a0\u00a0<\/p>\n<p><a href=\"http:\/\/web.hilo.org.pe\/wp-content\/uploads\/MDD.jpg\" target=\"_blank\" rel=\"noopener\">Ver archivo adjunto<\/a><\/p>\n","protected":false},"excerpt":{"rendered":"<p>En vista de la declaratoria de Estado de Emergencia en los distritos de nuestra Provincia de Tambopata, la Iglesia Cat\u00f3lica emite este pronunciamiento como lo hizo cada vez que han surgido medidas de emergencia en relaci\u00f3n a la compleja problem\u00e1tica de nuestra regi\u00f3n.<\/p>\n","protected":false},"author":1,"featured_media":7950,"comment_status":"closed","ping_status":"closed","sticky":false,"template":"","format":"standard","meta":{"footnotes":""},"categories":[9],"tags":[],"class_list":["post-3207","post","type-post","status-publish","format-standard","has-post-thumbnail","hentry","category-noticias"],"_links":{"self":[{"href":"https:\/\/ceas.org.pe\/index.php\/wp-json\/wp\/v2\/posts\/3207","targetHints":{"allow":["GET"]}}],"collection":[{"href":"https:\/\/ceas.org.pe\/index.php\/wp-json\/wp\/v2\/posts"}],"about":[{"href":"https:\/\/ceas.org.pe\/index.php\/wp-json\/wp\/v2\/types\/post"}],"author":[{"embeddable":true,"href":"https:\/\/ceas.org.pe\/index.php\/wp-json\/wp\/v2\/users\/1"}],"replies":[{"embeddable":true,"href":"https:\/\/ceas.org.pe\/index.php\/wp-json\/wp\/v2\/comments?post=3207"}],"version-history":[{"count":1,"href":"https:\/\/ceas.org.pe\/index.php\/wp-json\/wp\/v2\/posts\/3207\/revisions"}],"predecessor-version":[{"id":6011,"href":"https:\/\/ceas.org.pe\/index.php\/wp-json\/wp\/v2\/posts\/3207\/revisions\/6011"}],"wp:featuredmedia":[{"embeddable":true,"href":"https:\/\/ceas.org.pe\/index.php\/wp-json\/wp\/v2\/media\/7950"}],"wp:attachment":[{"href":"https:\/\/ceas.org.pe\/index.php\/wp-json\/wp\/v2\/media?parent=3207"}],"wp:term":[{"taxonomy":"category","embeddable":true,"href":"https:\/\/ceas.org.pe\/index.php\/wp-json\/wp\/v2\/categories?post=3207"},{"taxonomy":"post_tag","embeddable":true,"href":"https:\/\/ceas.org.pe\/index.php\/wp-json\/wp\/v2\/tags?post=3207"}],"curies":[{"name":"wp","href":"https:\/\/api.w.org\/{rel}","templated":true}]}}