{"id":3206,"date":"2019-02-28T12:58:22","date_gmt":"2019-02-28T12:58:22","guid":{"rendered":""},"modified":"2026-03-11T09:11:55","modified_gmt":"2026-03-11T14:11:55","slug":"el-01-de-marzo-inicia-caminata-huellas-de-ternura-en-peru","status":"publish","type":"post","link":"https:\/\/ceas.org.pe\/index.php\/2019\/02\/28\/el-01-de-marzo-inicia-caminata-huellas-de-ternura-en-peru\/","title":{"rendered":"El 01 de marzo inicia Caminata Huellas de Ternura en Per\u00fa"},"content":{"rendered":"<p style=\"text-align:justify\"><b><span style=\"font-size: 11pt; font-family: Calibri, sans-serif;\">La Caminata Huellas de Ternura, <\/span><\/b><span style=\"font-size: 11pt; font-family: Calibri, sans-serif;\">es una<b> <\/b>acci\u00f3n<b> <\/b><\/span><span lang=\"ES-CO\" style=\"font-size: 11pt; font-family: Calibri, sans-serif;\">de movilizaci\u00f3n social de car\u00e1cter ecum\u00e9nico, que busca denunciar las diversas formas de violencia que se ejercen contra los ni\u00f1os y ni\u00f1as, proponiendo la <b>Ternura <\/b>como camino para promover la vida y la dignidad.<\/span><span style=\"font-size: 11pt; font-family: Calibri, sans-serif;\"><o:p><\/o:p><\/span><\/p>\n<p style=\"text-align:justify\"><span style=\"font-size: 11pt; font-family: Calibri, sans-serif;\">En el Per\u00fa esta iniciativa viene siendo organizada por la Conferencia Episcopal Peruana, C\u00e1ritas del Per\u00fa, World Vision y Fe y Alegr\u00eda, en donde las cifras de violencia son alarmantes, pues el\u00a043,9 % de los adultos cree que a veces es necesario gritar a los ni\u00f1os y ni\u00f1as para que entiendan lo que se les dice, mientras que el 44% de los ni\u00f1os y ni\u00f1as dijo que los padres tienen que pegar a sus hijos si estos se portan mal. (Fuente: ENDES y ENARES).<o:p><\/o:p><\/span><\/p>\n<p style=\"text-align:justify\"><span lang=\"ES-CO\" style=\"font-size: 11pt; font-family: Calibri, sans-serif;\">La <\/span><b><span lang=\"ES-CO\" style=\"font-size: 11pt; font-family: Calibri, sans-serif;\">Caminata Huellas de Ternura <\/span><\/b><span lang=\"ES-CO\" style=\"font-size: 11pt; font-family: Calibri, sans-serif;\">viene recorriendo toda Am\u00e9rica Latina y El Caribe, desde M\u00e9xico hasta la Patagonia, con una Cometa como s\u00edmbolo de la ni\u00f1ez <\/span><span lang=\"ES-CO\" style=\"font-size: 11pt; font-family: Calibri, sans-serif;\">llena de pactos de ternura.<\/span><span lang=\"ES-CO\" style=\"font-size: 11pt; font-family: Calibri, sans-serif;\"> \u00a0<\/span><span style=\"font-size: 11pt; font-family: Calibri, sans-serif;\"><o:p><\/o:p><\/span><\/p>\n<p style=\"text-align:justify\"><span lang=\"ES-CO\" style=\"font-size: 11pt; font-family: Calibri, sans-serif;\">En nuestro pa\u00eds, <b>la caminata iniciar\u00e1 su recorrido el 01 de marzo, en el Puente Internacional La Tina \u2013 Macar\u00e1, Di\u00f3cesis de Chulucanas, Piura, <\/b>con la presencia de Mons. Fortunato Pablo Urcey, Presidente de C\u00e1ritas del Per\u00fa y su Secretario General, Ing. Ramiro Mendoza. Por parte de Fe y Alegr\u00eda estar\u00e1 Hisela Culqui, Directora de Acci\u00f3n P\u00fablica y un MiluskaMayo, Analista de Relaciones Eclesiales de World Vision.<\/span><span style=\"font-size: 11pt; font-family: Calibri, sans-serif;\"><o:p><\/o:p><\/span><\/p>\n<p style=\"text-align:justify\"><b><span lang=\"ES-CO\" style=\"font-size: 11pt; font-family: Calibri, sans-serif;\">Luego la \u201cCometa de la Ternura\u201d se trasladar\u00e1 por las principales ciudades del Per\u00fa como: Piura, Chiclayo, Trujillo, Chimbote, Huacho, Lima, Callao, Mollendo, Chala, Moquegua y Juli, durante 15 d\u00edas, para luego llegar a Bolivia por Desaguaderos y continuar su recorrido por el sur de nuestro continente.<\/span><\/b><span style=\"font-size: 11pt; font-family: Calibri, sans-serif;\"><o:p><\/o:p><\/span><\/p>\n<p style=\"text-align:justify\"><span lang=\"ES-CO\" style=\"font-size: 11pt; font-family: Calibri, sans-serif;\">Cabe indicar que, Mons. Jorge Izaguirre, Miembro del Directorio de C\u00e1ritas del Per\u00fa y Presidente de la Comisi\u00f3n Episcopal de Acci\u00f3n Social \u2013 CEAS, ser\u00e1 nuestro embajador de la ternura en Bolivia.<\/span><span style=\"font-size: 11pt; font-family: Calibri, sans-serif;\"><o:p><\/o:p><\/span><\/p>\n<p style=\"text-align:justify\"><span lang=\"ES-CO\" style=\"font-size: 11pt; font-family: Calibri, sans-serif;\">Los Obispos Presidentes de cada C\u00e1ritas Diocesanas en donde pasar\u00e1 la cometa, ser\u00e1n los embajadores de la Ternura en Per\u00fa.<\/span><span lang=\"ES-CO\" style=\"font-size: 11pt; font-family: Calibri, sans-serif;\">\u00a0 <\/span><span style=\"font-size: 11pt; font-family: Calibri, sans-serif;\"><o:p><\/o:p><\/span><\/p>\n<p style=\"text-align:justify\"><span lang=\"ES-CO\" style=\"font-size: 11pt; font-family: Calibri, sans-serif;\">Esta Caminata busca generar diversas actividades formativas, de movilizaci\u00f3n social, as\u00ed como la firma de <b>Pactos de Ternura<\/b> por diversos representantes y autoridades para comprometerse a luchar contra la violencia infantil.<\/span><span style=\"font-size: 11pt; font-family: Calibri, sans-serif;\"><o:p><\/o:p><\/span><\/p>\n<p style=\"text-align:justify\"><span style=\"font-size: 11pt; font-family: Calibri, sans-serif;\">Desde inicios del mes de febrero, World Vision realiz\u00f3 el Taller \u00abConect\u00e1ndonos con Ternura\u00bb, en donde se brindaron las herramientas necesarias para concientizar a todos los participantes de la caminata sobre la importancia de la ternura en la educaci\u00f3n de los ni\u00f1os y ni\u00f1as, el mismo que viene siendo replicado en diversas partes de nuestro pa\u00eds.<o:p><\/o:p><\/span><\/p>\n<p style=\"text-align:justify\"><span style=\"font-size: 11pt; font-family: Calibri, sans-serif;\">La Caminata Huellas de Ternura est\u00e1 enmarcada <\/span><span lang=\"ES-CO\" style=\"font-size: 11pt; font-family: Calibri, sans-serif;\">en la Campa\u00f1a \u201cNecesitamos a Todo el Mundo: Cero Violencia, 100% Ternura\u201d que impulsan las organizaciones socias del Programa Centralidad de la Ni\u00f1ez que son el Consejo Episcopal Latinoamericano (CELAM), World Vision, SELACC y la Federaci\u00f3n Internacional Fe y Alegr\u00eda.<\/span><span style=\"font-size: 11pt; font-family: Calibri, sans-serif;\"><o:p><\/o:p><\/span><\/p>\n<p style=\"text-align:justify\"><span style=\"font-size: 11pt; font-family: Calibri, sans-serif;\">\u00a0<\/span><\/p>\n<p><i><span lang=\"ES\" style=\"font-size: 11pt; font-family: Calibri, sans-serif;\">Lima, 26 de febrero de 2019<br \/>\nUnidad de Imagen Institucional<\/span><\/i><i><span style=\"font-size: 11pt; font-family: Calibri, sans-serif;\"><o:p><\/o:p><\/span><\/i><\/p>\n<p><span style=\"font-family: Calibri, sans-serif; font-size: 11pt;\">\u00a0<\/span>\u00a0<\/p>\n<p><a href=\"http:\/\/web.hilo.org.pe\/wp-content\/uploads\/Flyer (1) web.png\" target=\"_blank\" rel=\"noopener\">Ver archivo adjunto<\/a><\/p>\n","protected":false},"excerpt":{"rendered":"<p>De acuerdo con UNICEF, cada d\u00eda 220 ni\u00f1os menores de 18 a\u00f1os mueren como resultado de la violencia familiar, ante esta situaci\u00f3n y conscientes de la soledad, abandono y violencia interpersonal y estructural que rodea y atenta contra los ni\u00f1os, ni\u00f1as y adolescentes a nivel de Am\u00e9rica Latina y El Caribe, es que el Consejo Episcopal Latinoamericano (CELAM), C\u00e1ritas Am\u00e9rica Latina y el Caribe-SELACC, World Vision y la Federaci\u00f3n Internacional Fe y Alegr\u00eda se unieron para llevar adelante la Caminata Huellas de Ternura.<\/p>\n","protected":false},"author":1,"featured_media":7864,"comment_status":"closed","ping_status":"closed","sticky":false,"template":"","format":"standard","meta":{"footnotes":""},"categories":[9],"tags":[],"class_list":["post-3206","post","type-post","status-publish","format-standard","has-post-thumbnail","hentry","category-noticias"],"_links":{"self":[{"href":"https:\/\/ceas.org.pe\/index.php\/wp-json\/wp\/v2\/posts\/3206","targetHints":{"allow":["GET"]}}],"collection":[{"href":"https:\/\/ceas.org.pe\/index.php\/wp-json\/wp\/v2\/posts"}],"about":[{"href":"https:\/\/ceas.org.pe\/index.php\/wp-json\/wp\/v2\/types\/post"}],"author":[{"embeddable":true,"href":"https:\/\/ceas.org.pe\/index.php\/wp-json\/wp\/v2\/users\/1"}],"replies":[{"embeddable":true,"href":"https:\/\/ceas.org.pe\/index.php\/wp-json\/wp\/v2\/comments?post=3206"}],"version-history":[{"count":1,"href":"https:\/\/ceas.org.pe\/index.php\/wp-json\/wp\/v2\/posts\/3206\/revisions"}],"predecessor-version":[{"id":6012,"href":"https:\/\/ceas.org.pe\/index.php\/wp-json\/wp\/v2\/posts\/3206\/revisions\/6012"}],"wp:featuredmedia":[{"embeddable":true,"href":"https:\/\/ceas.org.pe\/index.php\/wp-json\/wp\/v2\/media\/7864"}],"wp:attachment":[{"href":"https:\/\/ceas.org.pe\/index.php\/wp-json\/wp\/v2\/media?parent=3206"}],"wp:term":[{"taxonomy":"category","embeddable":true,"href":"https:\/\/ceas.org.pe\/index.php\/wp-json\/wp\/v2\/categories?post=3206"},{"taxonomy":"post_tag","embeddable":true,"href":"https:\/\/ceas.org.pe\/index.php\/wp-json\/wp\/v2\/tags?post=3206"}],"curies":[{"name":"wp","href":"https:\/\/api.w.org\/{rel}","templated":true}]}}