{"id":3205,"date":"2019-01-25T22:47:11","date_gmt":"2019-01-25T22:47:11","guid":{"rendered":""},"modified":"2026-03-11T09:11:55","modified_gmt":"2026-03-11T14:11:55","slug":"estamos-felices-por-el-nombramiento-del-padre-carlos-castillo-como-nuevo-arzobispo-de-lima","status":"publish","type":"post","link":"https:\/\/ceas.org.pe\/index.php\/2019\/01\/25\/estamos-felices-por-el-nombramiento-del-padre-carlos-castillo-como-nuevo-arzobispo-de-lima\/","title":{"rendered":"Estamos felices por el nombramiento del Padre Carlos Castillo, como nuevo Arzobispo de Lima"},"content":{"rendered":"<p class=\"MsoNormal\" style=\"text-align:justify\">El electo Arzobispo de Lima, Monse\u00f1or Carlos Castillo Mattasoglio brind\u00f3 una conferencia de prensa en el Seminario Santo Toribio, recibi\u00f3 el saludo de Monse\u00f1or Nicola Girasoli, Nuncio Apost\u00f3lico y del Cardenal Juan Luis Cipriani y de otros asistentes.<o:p><\/o:p><\/p>\n<p class=\"MsoNormal\" style=\"text-align:justify\">Monse\u00f1or Luis Bambar\u00e9n, Obispo Em\u00e9rito de Chimbote, le hizo entrega del b\u00e1culo que el Cardenal Juan Land\u00e1zuri le dej\u00f3 como herencia.<o:p><\/o:p><\/p>\n<p class=\"MsoNormal\" style=\"text-align:justify\">\u201cHay que construir una nueva Iglesia, tarea de imaginaci\u00f3n para ir tejiendo juntos un camino diversificado, complejo y necesario de abrir nuevas pistas. Una Iglesia en misi\u00f3n para aprender con el sujeto al cual se evangeliza para que nazcan nuevas formas de Iglesia\u201d nos dijo el nuevo Arzobispo de Lima.<o:p><\/o:p><\/p>\n<p class=\"MsoNormal\" style=\"text-align:justify\">Monse\u00f1or Carlos Castillo tomar\u00e1 como lema: \u201cA ti te digo, \u00a1lev\u00e1ntate!\u201d. Su Ordenaci\u00f3n Episcopal se celebrar\u00e1 el s\u00e1bado 2 de marzo.<o:p><\/o:p><\/p>\n<p class=\"MsoNormal\" style=\"margin-bottom: 0.0001pt; text-align: justify; background-image: initial; background-position: initial; background-size: initial; background-repeat: initial; background-attachment: initial; background-origin: initial; background-clip: initial;\"><i><span style=\"mso-fareast-font-family:\"Times New Roman\";mso-bidi-font-family:Calibri;\nmso-bidi-theme-font:minor-latin;color:#222222;mso-fareast-language:ES-PE\"><br \/>\nSobre Monse\u00f1or Castillo Mattasoglio<o:p><\/o:p><\/span><\/i><\/p>\n<p class=\"MsoNormal\" style=\"margin-bottom: 0.0001pt; text-align: justify; background-image: initial; background-position: initial; background-size: initial; background-repeat: initial; background-attachment: initial; background-origin: initial; background-clip: initial;\"><span style=\"mso-fareast-font-family:\"Times New Roman\";\nmso-bidi-font-family:Calibri;mso-bidi-theme-font:minor-latin;color:#222222;\nmso-fareast-language:ES-PE\">\u00a0<\/span><\/p>\n<p class=\"MsoNormal\" style=\"margin-bottom: 0.0001pt; text-align: justify; background-image: initial; background-position: initial; background-size: initial; background-repeat: initial; background-attachment: initial; background-origin: initial; background-clip: initial;\"><span style=\"mso-fareast-font-family:\"Times New Roman\";\nmso-bidi-font-family:Calibri;mso-bidi-theme-font:minor-latin;color:#222222;\nmso-fareast-language:ES-PE\">Naci\u00f3 en Lima el 28 de febrero de 1950. Complet\u00f3 sus estudios primarios en el Colegio \u00abDalton de Lince\u00bb y los secundarios en el Colegio \u00abSan Agust\u00edn\u00bb en Lima. De 1968 a 1973 asisti\u00f3 a la Facultad de Humanidades y Ciencias Sociales de la Universidad Nacional \u00abSan Marcos\u00bb de Lima, obteniendo el Bachillerato en Ciencias Sociales. Fue enviado a Roma para sus estudios eclesi\u00e1sticos donde, en 1979, obtuvo el Bachillerato en Filosof\u00eda y, en 1983, en Teolog\u00eda en la Pontificia Universidad Gregoriana. Fue ordenado sacerdote por el Cardenal Juan Land\u00e1zuri Ricketts., en la Arquidi\u00f3cesis de Lima el 15 de julio de 1984. En 1985 obtuvo la Licencia y, en 1987. Se doctor\u00f3 en teolog\u00eda dogm\u00e1tica en la Pontificia Universidad Gregoriana de Roma (1987). Public\u00f3 su tesis bajo el t\u00edtulo \u201cLibres para creer. La conversi\u00f3n seg\u00fan Bartolom\u00e9 de Las Casas en la Historia de las Indias\u201d (Lima, PUCP, 1993). <o:p><\/o:p><\/span><\/p>\n<p class=\"MsoNormal\" style=\"margin-bottom: 0.0001pt; text-align: justify; background-image: initial; background-position: initial; background-size: initial; background-repeat: initial; background-attachment: initial; background-origin: initial; background-clip: initial;\"><span style=\"mso-fareast-font-family:\"Times New Roman\";\nmso-bidi-font-family:Calibri;mso-bidi-theme-font:minor-latin;color:#222222;\nmso-fareast-language:ES-PE\">\u00a0<\/span><\/p>\n<p class=\"MsoNormal\" style=\"margin-bottom: 0.0001pt; text-align: justify; background-image: initial; background-position: initial; background-size: initial; background-repeat: initial; background-attachment: initial; background-origin: initial; background-clip: initial;\"><span style=\"mso-fareast-font-family:\"Times New Roman\";\nmso-bidi-font-family:Calibri;mso-bidi-theme-font:minor-latin;color:#222222;\nmso-fareast-language:ES-PE\">Ha ocupado los siguientes cargos: profesor de Teolog\u00eda en la Pontificia Universidad Cat\u00f3lica de Per\u00fa (desde 1987 hasta hoy); consejero de la Uni\u00f3n Nacional de Estudiantes Cat\u00f3licos (1987-1998); vicario parroquial de \u00abSan Francisco de As\u00eds\u00bb (1987-1990); vicario parroquial de \u00abLa Encarnaci\u00f3n\u00bb (1990-1991); responsable arquidiocesano de la pastoral universitaria de Lima y colaborador en la parroquia de \u00abSan Juan Ap\u00f3stol\u00bb (1991-1999); vicario para la pastoral juvenil de Lima, organizador de la vicar\u00eda para la juventud y responsable de la pastoral vocacional (1996-1999); consejero nacional de la Comisi\u00f3n Episcopal para la juventud de la Conferencia Episcopal del Per\u00fa (1990-2001); Vicario parroquial de \u00abSan Juan Ap\u00f3stol\u00bb (1999-2001); consejero nacional de pastoral para la juventud (2000); p\u00e1rroco de la \u00abVirgen Medianera\u00bb (2002-2009); director de relaciones con la Iglesia y miembro del Consejo Universitario de la Pontificia Universidad Cat\u00f3lica del Per\u00fa (2003-2006); p\u00e1rroco de \u00abSan L\u00e1zaro\u00bb (2010-2015).<o:p><\/o:p><\/span><\/p>\n<p class=\"MsoNormal\" style=\"margin-bottom: 0.0001pt; text-align: justify; background-image: initial; background-position: initial; background-size: initial; background-repeat: initial; background-attachment: initial; background-origin: initial; background-clip: initial;\"><span style=\"mso-fareast-font-family:\"Times New Roman\";\nmso-bidi-font-family:Calibri;mso-bidi-theme-font:minor-latin;color:#222222;\nmso-fareast-language:ES-PE\">\u00a0<\/span><\/p>\n<p class=\"MsoNormal\" style=\"margin-bottom: 0.0001pt; text-align: justify; background-image: initial; background-position: initial; background-size: initial; background-repeat: initial; background-attachment: initial; background-origin: initial; background-clip: initial;\"><span style=\"mso-fareast-font-family:\"Times New Roman\";\nmso-bidi-font-family:Calibri;mso-bidi-theme-font:minor-latin;color:#222222;\nmso-fareast-language:ES-PE\">Es autor de varios libros y art\u00edculos de car\u00e1cter teol\u00f3gico. Adem\u00e1s de espa\u00f1ol, habla italiano y franc\u00e9s. <o:p><\/o:p><\/span><\/p>\n<p class=\"MsoNormal\" style=\"text-align:justify\"><o:p>\u00a0<\/o:p><\/p>\n<p><i style=\"text-align: justify;\">CEAS, 25 de enero de 2018. Foto: CEP.<\/i>\u00a0<\/p>\n<p><a href=\"http:\/\/web.hilo.org.pe\/wp-content\/uploads\/arzobispo web.jpg\" target=\"_blank\" rel=\"noopener\">Ver archivo adjunto<\/a><\/p>\n","protected":false},"excerpt":{"rendered":"<p>Desde CEAS, expresamos nuestra profunda alegr\u00eda y esperanza por la designaci\u00f3n del Padre Carlos Castillo Mattasoglio como Arzobispo de Lima.<\/p>\n","protected":false},"author":1,"featured_media":0,"comment_status":"closed","ping_status":"closed","sticky":false,"template":"","format":"standard","meta":{"footnotes":""},"categories":[9],"tags":[],"class_list":["post-3205","post","type-post","status-publish","format-standard","hentry","category-noticias"],"_links":{"self":[{"href":"https:\/\/ceas.org.pe\/index.php\/wp-json\/wp\/v2\/posts\/3205","targetHints":{"allow":["GET"]}}],"collection":[{"href":"https:\/\/ceas.org.pe\/index.php\/wp-json\/wp\/v2\/posts"}],"about":[{"href":"https:\/\/ceas.org.pe\/index.php\/wp-json\/wp\/v2\/types\/post"}],"author":[{"embeddable":true,"href":"https:\/\/ceas.org.pe\/index.php\/wp-json\/wp\/v2\/users\/1"}],"replies":[{"embeddable":true,"href":"https:\/\/ceas.org.pe\/index.php\/wp-json\/wp\/v2\/comments?post=3205"}],"version-history":[{"count":1,"href":"https:\/\/ceas.org.pe\/index.php\/wp-json\/wp\/v2\/posts\/3205\/revisions"}],"predecessor-version":[{"id":6013,"href":"https:\/\/ceas.org.pe\/index.php\/wp-json\/wp\/v2\/posts\/3205\/revisions\/6013"}],"wp:attachment":[{"href":"https:\/\/ceas.org.pe\/index.php\/wp-json\/wp\/v2\/media?parent=3205"}],"wp:term":[{"taxonomy":"category","embeddable":true,"href":"https:\/\/ceas.org.pe\/index.php\/wp-json\/wp\/v2\/categories?post=3205"},{"taxonomy":"post_tag","embeddable":true,"href":"https:\/\/ceas.org.pe\/index.php\/wp-json\/wp\/v2\/tags?post=3205"}],"curies":[{"name":"wp","href":"https:\/\/api.w.org\/{rel}","templated":true}]}}