{"id":3204,"date":"2019-01-08T11:59:13","date_gmt":"2019-01-08T11:59:13","guid":{"rendered":""},"modified":"2026-03-11T09:11:55","modified_gmt":"2026-03-11T14:11:55","slug":"video-del-papa-inspirados-en-maria-los-jovenes-comuniquen-con-alegria-el-evangelio","status":"publish","type":"post","link":"https:\/\/ceas.org.pe\/index.php\/2019\/01\/08\/video-del-papa-inspirados-en-maria-los-jovenes-comuniquen-con-alegria-el-evangelio\/","title":{"rendered":"Video del Papa: inspirados en Mar\u00eda, los j\u00f3venes comuniquen con alegr\u00eda el Evangelio"},"content":{"rendered":"<p class=\"MsoNormal\" style=\"margin-bottom:0cm;margin-bottom:.0001pt;text-align:\njustify;line-height:normal\">\u201cUstedes j\u00f3venes tienen en la Virgen Mar\u00eda, un motivo de alegr\u00eda y una fuente de inspiraci\u00f3n: comienza as\u00ed el Papa Francisco en su video sobre la intenci\u00f3n de oraci\u00f3n para el mes de enero. Es a los j\u00f3venes, que ir\u00e1n de diversos pa\u00edses del mundo a Panam\u00e1 con ocasi\u00f3n de la 34\u00b0 Jornada Mundial de la Juventud, superando diferencias culturales, econ\u00f3micas o sociales, a quienes el Papa se dirige inst\u00e1ndoles a aprovechar esta Jornada Mundial en Panam\u00e1 para contemplar a Cristo con Mar\u00eda\u201d y a rezar, \u201ccada uno en su idioma, el Rosario por la paz\u201d.<o:p><\/o:p><\/p>\n<p class=\"MsoNormal\" style=\"margin-bottom:0cm;margin-bottom:.0001pt;text-align:\njustify;line-height:normal;mso-outline-level:2\"><o:p>\u00a0<\/o:p><\/p>\n<p class=\"MsoNormal\" style=\"margin-bottom:0cm;margin-bottom:.0001pt;text-align:\njustify;line-height:normal;mso-outline-level:2\"><b>La paz siempre<o:p><\/o:p><\/b><\/p>\n<p class=\"MsoNormal\" style=\"margin-bottom:0cm;margin-bottom:.0001pt;text-align:\njustify;line-height:normal\">Es la paz otra vez el centro de los pensamientos de Francisco y por ello, en el video, les pide a los j\u00f3venes que en la JMJ de Panam\u00e1, recen \u00abel Rosario por la paz\u00bb, y pidan \u201cfuerzas para so\u00f1ar y trabajar por la paz\u201d.<o:p><\/o:p><\/p>\n<p class=\"MsoNormal\" style=\"margin-bottom:0cm;margin-bottom:.0001pt;text-align:\njustify;line-height:normal;mso-outline-level:2\"><b>\u00a0<\/b><\/p>\n<p class=\"MsoNormal\" style=\"margin-bottom:0cm;margin-bottom:.0001pt;text-align:\njustify;line-height:normal;mso-outline-level:2\"><b>J\u00f3venes en la escuela de Mar\u00eda<\/b><o:p><\/o:p><\/p>\n<p class=\"MsoNormal\" style=\"margin-bottom:0cm;margin-bottom:.0001pt;text-align:\njustify;line-height:normal\">\u201cRecemos por los j\u00f3venes, especialmente los de Am\u00e9rica Latina, para que, siguiendo el ejemplo de Mar\u00eda, respondan al llamado del Se\u00f1or para comunicar la alegr\u00eda del Evangelio al mundo\u201d, es la intenci\u00f3n de oraci\u00f3n por la evangelizaci\u00f3n del Papa para el primer mes del a\u00f1o.<o:p><\/o:p><\/p>\n<p class=\"MsoNormal\" style=\"margin-bottom:0cm;margin-bottom:.0001pt;text-align:\njustify;line-height:normal;mso-outline-level:2\"><b>\u00a0<\/b><\/p>\n<p class=\"MsoNormal\" style=\"margin-bottom:0cm;margin-bottom:.0001pt;text-align:\njustify;line-height:normal;mso-outline-level:2\"><b>La Red Mundial de Oraci\u00f3n del Papa<\/b><o:p><\/o:p><\/p>\n<p class=\"MsoNormal\" style=\"margin-bottom:0cm;margin-bottom:.0001pt;text-align:\njustify;line-height:normal\"><a href=\"https:\/\/www.thepopevideo.org\/?lang=es\"><span style=\"color: black; text-decoration-line: none;\">El Video del Papa<\/span><\/a>\u00a0es una iniciativa oficial de alcance global de la Red Mundial de Oraci\u00f3n del Papa, que tiene como objetivo difundir las intenciones de oraci\u00f3n mensuales del Santo Padre.<o:p><\/o:p><\/p>\n<p class=\"MsoNormal\" style=\"margin-bottom:0cm;margin-bottom:.0001pt;text-align:\njustify;line-height:normal\"><a href=\"https:\/\/www.popesprayer.va\/es\/\"><span style=\"color: black; text-decoration-line: none;\">La Red Mundial de Oraci\u00f3n del Papa<\/span><\/a>\u00a0es una obra pontificia, cuya \u00a0misi\u00f3n es \u00a0orar y vivir los desaf\u00edos de la humanidad que preocupan al Santo Padre, expresados en sus intenciones mensuales. Fundada en 1844, est\u00e1 presente en 98 pa\u00edses y la integran m\u00e1s de 35 millones de personas, incluyendo su\u00a0rama de j\u00f3venes, el Movimiento Eucar\u00edstico Juvenil. En marzo de 2018 el Papa aprob\u00f3 sus estatutos.\u00a0 \u00a0<o:p><\/o:p><\/p>\n<p class=\"MsoNormal\" style=\"margin-bottom:0cm;margin-bottom:.0001pt;text-align:\njustify;line-height:normal\"><o:p>\u00a0<\/o:p><\/p>\n<p class=\"MsoNormal\" style=\"margin-bottom:0cm;margin-bottom:.0001pt;text-align:\njustify;line-height:normal\">El Director Internacional de la Red Mundial de Oraci\u00f3n del Papa es el padre jesuita Fr\u00e9d\u00e9ric Fornos.<o:p><\/o:p><\/p>\n<p class=\"MsoNormal\" style=\"margin-bottom:0cm;margin-bottom:.0001pt;text-align:\njustify;line-height:normal\"><o:p>\u00a0<\/o:p><\/p>\n<p><i style=\"text-align: justify;\"><span style=\"font-size: 10pt;\">Tomado de: VATICAN NEWS. Por <\/span><\/i><i style=\"text-align: justify;\"><span style=\"font-size: 10pt;\">Mar\u00eda Cecilia Mutual. Ciudad del Vaticano.<b> <\/b><\/span><\/i><i style=\"text-align: justify;\"><span style=\"font-size: 10pt; background-image: initial; background-position: initial; background-size: initial; background-repeat: initial; background-attachment: initial; background-origin: initial; background-clip: initial;\">08 de enero de 2019<\/span>.<\/i>\u00a0<\/p>\n<p><a href=\"http:\/\/web.hilo.org.pe\/wp-content\/uploads\/video del Papa.jpg\" target=\"_blank\" rel=\"noopener\">Ver archivo adjunto<\/a><\/p>\n","protected":false},"excerpt":{"rendered":"<p>En la edici\u00f3n de enero 2019 de \u201cEl Video del Papa\u201d, Francisco invita a los j\u00f3venes a aprovechar la JMJ en Panam\u00e1 para contemplar a Cristo con Mar\u00eda y a so\u00f1ar y trabajar por la paz.<\/p>\n","protected":false},"author":1,"featured_media":7864,"comment_status":"closed","ping_status":"closed","sticky":false,"template":"","format":"standard","meta":{"footnotes":""},"categories":[9],"tags":[],"class_list":["post-3204","post","type-post","status-publish","format-standard","has-post-thumbnail","hentry","category-noticias"],"_links":{"self":[{"href":"https:\/\/ceas.org.pe\/index.php\/wp-json\/wp\/v2\/posts\/3204","targetHints":{"allow":["GET"]}}],"collection":[{"href":"https:\/\/ceas.org.pe\/index.php\/wp-json\/wp\/v2\/posts"}],"about":[{"href":"https:\/\/ceas.org.pe\/index.php\/wp-json\/wp\/v2\/types\/post"}],"author":[{"embeddable":true,"href":"https:\/\/ceas.org.pe\/index.php\/wp-json\/wp\/v2\/users\/1"}],"replies":[{"embeddable":true,"href":"https:\/\/ceas.org.pe\/index.php\/wp-json\/wp\/v2\/comments?post=3204"}],"version-history":[{"count":1,"href":"https:\/\/ceas.org.pe\/index.php\/wp-json\/wp\/v2\/posts\/3204\/revisions"}],"predecessor-version":[{"id":6014,"href":"https:\/\/ceas.org.pe\/index.php\/wp-json\/wp\/v2\/posts\/3204\/revisions\/6014"}],"wp:featuredmedia":[{"embeddable":true,"href":"https:\/\/ceas.org.pe\/index.php\/wp-json\/wp\/v2\/media\/7864"}],"wp:attachment":[{"href":"https:\/\/ceas.org.pe\/index.php\/wp-json\/wp\/v2\/media?parent=3204"}],"wp:term":[{"taxonomy":"category","embeddable":true,"href":"https:\/\/ceas.org.pe\/index.php\/wp-json\/wp\/v2\/categories?post=3204"},{"taxonomy":"post_tag","embeddable":true,"href":"https:\/\/ceas.org.pe\/index.php\/wp-json\/wp\/v2\/tags?post=3204"}],"curies":[{"name":"wp","href":"https:\/\/api.w.org\/{rel}","templated":true}]}}