{"id":3203,"date":"2018-12-20T17:46:16","date_gmt":"2018-12-20T17:46:16","guid":{"rendered":""},"modified":"2026-03-11T09:11:55","modified_gmt":"2026-03-11T14:11:55","slug":"pronunciamiento-conjunto-de-las-organizaciones-de-pueblos-indigenas","status":"publish","type":"post","link":"https:\/\/ceas.org.pe\/index.php\/2018\/12\/20\/pronunciamiento-conjunto-de-las-organizaciones-de-pueblos-indigenas\/","title":{"rendered":"PRONUNCIAMIENTO CONJUNTO DE LAS ORGANIZACIONES DE PUEBLOS IND\u00cdGENAS"},"content":{"rendered":"<p class=\"MsoNormal\" align=\"center\" style=\"margin-right:-22.95pt;text-align:center\"><span style=\"mso-bidi-font-family:Calibri;mso-bidi-theme-font:minor-latin;color:#1A181C;\nmso-ansi-language:ES-PE\">PRONUNCIAMIENTO CONJUNTO DE LAS ORGANIZACIONES DE PUEBLOS IND\u00cdGENAS A FAVOR DE LA \u00abPERSONALIDAD JUR\u00cdDICA DE PUEBLOS ORIGINARIOS\u00bb Y EN CONTRA DE LA POL\u00cdTICA REGRESIVA DEL ESTADO PERUANO<o:p><\/o:p><\/span><\/p>\n<p class=\"MsoNormal\" style=\"margin-right:-22.95pt\"><span style=\"mso-bidi-font-family:\nCalibri;mso-bidi-theme-font:minor-latin;color:#1A181C;mso-ansi-language:ES-PE\">\u00a0<\/span><\/p>\n<p class=\"MsoBodyText\" style=\"margin-top:0cm;margin-right:-22.95pt;margin-bottom:\n0cm;margin-left:21.3pt;margin-bottom:.0001pt;text-align:justify;text-indent:\n-21.3pt;mso-list:l0 level1 lfo1\"><!--[if !supportLists]--><span style=\"font-size:\n11.0pt;font-family:\"Calibri\",sans-serif;mso-ascii-theme-font:minor-latin;\nmso-fareast-font-family:Calibri;mso-fareast-theme-font:minor-latin;mso-hansi-theme-font:\nminor-latin;mso-bidi-theme-font:minor-latin;color:#1A181C;mso-ansi-language:\nES-PE\">1.<span style=\"font-variant-numeric: normal; font-variant-east-asian: normal; font-stretch: normal; font-size: 7pt; line-height: normal; font-family: \"Times New Roman\";\">\u00a0\u00a0\u00a0<\/span><\/span><span style=\"font-size:11.0pt;font-family:\"Calibri\",sans-serif;\nmso-ascii-theme-font:minor-latin;mso-fareast-font-family:Calibri;mso-fareast-theme-font:\nminor-latin;mso-hansi-theme-font:minor-latin;mso-bidi-theme-font:minor-latin;\ncolor:#1A181C;mso-ansi-language:ES-PE\">AFIRMAMOS que los Pueblos Originarios existimos desde antes del Estado y tenemos el derecho intr\u00ednseco a la existencia legal, autoidentificaci\u00f3n, autonom\u00eda organizativa, territorio y PERSONALIDAD JUR\u00cdDICA COMO PUEBLOS (conformados por varias comunidades), sin discriminaci\u00f3n. As\u00ed lo reconocen la Constituci\u00f3n (89, 191) y el Derecho internacional: Convenio 169 de la OIT (1), Declaraci\u00f3n de Naciones Unidas sobre los derechos de los Pueblos Ind\u00edgenas (art.9) y Declaraci\u00f3n Americana de los derechos de Pueblos Ind\u00edgenas (art. IX):<o:p><\/o:p><\/span><\/p>\n<p class=\"MsoNormal\" style=\"margin-top:0cm;margin-right:-22.95pt;margin-bottom:\n0cm;margin-left:21.3pt;margin-bottom:.0001pt;text-indent:-21.3pt\"><span style=\"mso-bidi-font-family:Calibri;mso-bidi-theme-font:minor-latin;color:#1A181C;\nmso-ansi-language:ES-PE\">\u00a0<\/span><\/p>\n<p class=\"MsoBodyText\" style=\"margin-top:0cm;margin-right:-22.95pt;margin-bottom:\n0cm;margin-left:21.3pt;margin-bottom:.0001pt;text-align:justify\"><span style=\"font-size:11.0pt;font-family:\"Calibri\",sans-serif;mso-ascii-theme-font:\nminor-latin;mso-fareast-font-family:Calibri;mso-fareast-theme-font:minor-latin;\nmso-hansi-theme-font:minor-latin;mso-bidi-theme-font:minor-latin;color:#1A181C;\nmso-ansi-language:ES-PE\">\u00abLos Estados reconocer\u00e1n plenamente la personalidad jur\u00eddica de los pueblos ind\u00edgenas respetando las formas de organizaci\u00f3n ind\u00edgenas y promoviendo el ejercicio pleno de los derechos reconocidos en esta Declaraci\u00f3n\u00bb.<o:p><\/o:p><\/span><\/p>\n<p class=\"MsoNormal\" style=\"margin-top:0cm;margin-right:-22.95pt;margin-bottom:\n0cm;margin-left:21.3pt;margin-bottom:.0001pt;text-indent:-21.3pt\"><span style=\"mso-bidi-font-family:Calibri;mso-bidi-theme-font:minor-latin;color:#1A181C;\nmso-ansi-language:ES-PE\">\u00a0<\/span><\/p>\n<p class=\"MsoBodyText\" style=\"margin-top:0cm;margin-right:-22.95pt;margin-bottom:\n0cm;margin-left:21.3pt;margin-bottom:.0001pt;text-align:justify;text-indent:\n-21.3pt;mso-list:l0 level1 lfo1;tab-stops:89.75pt\"><!--[if !supportLists]--><span style=\"font-size:11.0pt;font-family:\"Calibri\",sans-serif;mso-ascii-theme-font:\nminor-latin;mso-fareast-font-family:Calibri;mso-fareast-theme-font:minor-latin;\nmso-hansi-theme-font:minor-latin;mso-bidi-theme-font:minor-latin;color:#1A181C;\nmso-ansi-language:ES-PE\">2.<span style=\"font-variant-numeric: normal; font-variant-east-asian: normal; font-stretch: normal; font-size: 7pt; line-height: normal; font-family: \"Times New Roman\";\">\u00a0 \u00a0 \u00a0\u00a0<\/span><\/span><!--[endif]--><span style=\"font-size:11.0pt;font-family:\"Calibri\",sans-serif;\nmso-ascii-theme-font:minor-latin;mso-fareast-font-family:Calibri;mso-fareast-theme-font:\nminor-latin;mso-hansi-theme-font:minor-latin;mso-bidi-theme-font:minor-latin;\ncolor:#1A181C;mso-ansi-language:ES-PE\">RESPALDAMOS LAS ORDENANZAS del Gobierno Regional de Loreto- GOREL (N\u00ba 014- 2017 -GRL-CR del 15\/ 12\/2017) y de Cajamarca (N\u00ba 010-2016 -GR .CAJ-CR del 25\/11\/2016) que, cumpliendo con las obligaciones internacionales, posibilitan el RECONOCIMIENTO administrativo de la \u00abPERSONALIDAD JUR\u00cdDICA DE PUEBLOS ORIGINARIOS O IND\u00cdGENAS\u00bb.<o:p><\/o:p><\/span><\/p>\n<p class=\"MsoNormal\" style=\"margin-top:0cm;margin-right:-22.95pt;margin-bottom:\n0cm;margin-left:21.3pt;margin-bottom:.0001pt;text-indent:-21.3pt\"><span style=\"mso-bidi-font-family:Calibri;mso-bidi-theme-font:minor-latin;color:#1A181C;\nmso-ansi-language:ES-PE\">\u00a0<\/span><\/p>\n<p class=\"MsoBodyText\" style=\"margin-top:0cm;margin-right:-22.95pt;margin-bottom:\n0cm;margin-left:21.3pt;margin-bottom:.0001pt;text-align:justify;text-indent:\n-21.3pt;mso-list:l0 level1 lfo1;tab-stops:90.15pt\"><!--[if !supportLists]--><span style=\"font-size:11.0pt;font-family:\"Calibri\",sans-serif;mso-ascii-theme-font:\nminor-latin;mso-fareast-font-family:Calibri;mso-fareast-theme-font:minor-latin;\nmso-hansi-theme-font:minor-latin;mso-bidi-theme-font:minor-latin;color:#1A181C;\nmso-ansi-language:ES-PE\">3.<span style=\"font-variant-numeric: normal; font-variant-east-asian: normal; font-stretch: normal; font-size: 7pt; line-height: normal; font-family: \"Times New Roman\";\">\u00a0 \u00a0 \u00a0\u00a0<\/span><\/span><!--[endif]--><span style=\"font-size:11.0pt;font-family:\"Calibri\",sans-serif;\nmso-ascii-theme-font:minor-latin;mso-fareast-font-family:Calibri;mso-fareast-theme-font:\nminor-latin;mso-hansi-theme-font:minor-latin;mso-bidi-theme-font:minor-latin;\ncolor:#1A181C;mso-ansi-language:ES-PE\">RESPALDAMOS la RESOLUCI\u00d3N E.R. N\u00b0\u00a0 253-2018-GRL-P\u00a0 de\u00a0 GOREL\u00a0\u00a0 (25\/6\/18)\u00a0\u00a0\u00a0\u00a0 que reconoce administrativamente la PERSONALIDAD JUR\u00cdDICA DEL PUEBLO ACHUAR DEL PASTAZA\u00ad FENAP, el \u00fanico pueblo reconocido a la fecha, a 23 a\u00f1os de vigencia del Convenio 169 de la OIT.<o:p><\/o:p><\/span><\/p>\n<p class=\"MsoNormal\" style=\"margin-top:0cm;margin-right:-22.95pt;margin-bottom:\n0cm;margin-left:21.3pt;margin-bottom:.0001pt;text-indent:-21.3pt\"><span style=\"mso-bidi-font-family:Calibri;mso-bidi-theme-font:minor-latin;color:#1A181C;\nmso-ansi-language:ES-PE\">\u00a0<\/span><\/p>\n<p class=\"MsoBodyText\" style=\"margin-top:0cm;margin-right:-22.95pt;margin-bottom:\n0cm;margin-left:21.3pt;margin-bottom:.0001pt;text-align:justify;text-indent:\n-21.3pt;mso-list:l0 level1 lfo1;tab-stops:90.15pt\"><!--[if !supportLists]--><span style=\"font-size:11.0pt;font-family:\"Calibri\",sans-serif;mso-ascii-theme-font:\nminor-latin;mso-fareast-font-family:Calibri;mso-fareast-theme-font:minor-latin;\nmso-hansi-theme-font:minor-latin;mso-bidi-theme-font:minor-latin;color:#1A181C;\nmso-ansi-language:ES-PE\">4.<span style=\"font-variant-numeric: normal; font-variant-east-asian: normal; font-stretch: normal; font-size: 7pt; line-height: normal; font-family: \"Times New Roman\";\">\u00a0 \u00a0\u00a0<\/span><\/span><span style=\"font-size:11.0pt;font-family:\"Calibri\",sans-serif;\nmso-ascii-theme-font:minor-latin;mso-fareast-font-family:Calibri;mso-fareast-theme-font:\nminor-latin;mso-hansi-theme-font:minor-latin;mso-bidi-theme-font:minor-latin;\ncolor:#1A181C;mso-ansi-language:ES-PE\">RECHAZAMOS LA POL\u00cdTICA REGRESIVA del ESTADO, liderada por las EMPRESAS PETROLERAS y MINCUL, que busca negar el reconocimiento administrativo de nuestra \u00abPERSONALIDAD JUR\u00cdDICA COMO PUEBLOS\u00bb, y nos impide ejercer otros derechos como Pueblos.<o:p><\/o:p><\/span><\/p>\n<p class=\"MsoNormal\" style=\"margin-top:0cm;margin-right:-22.95pt;margin-bottom:\n0cm;margin-left:21.3pt;margin-bottom:.0001pt;text-indent:-21.3pt\"><span style=\"mso-bidi-font-family:Calibri;mso-bidi-theme-font:minor-latin;color:#1A181C;\nmso-ansi-language:ES-PE\">\u00a0<\/span><\/p>\n<p class=\"MsoBodyText\" style=\"margin-top:0cm;margin-right:-22.95pt;margin-bottom:\n0cm;margin-left:21.3pt;margin-bottom:.0001pt;text-align:justify;text-indent:\n-21.3pt;mso-list:l0 level1 lfo1\"><!--[if !supportLists]--><span style=\"font-size:\n11.0pt;font-family:\"Calibri\",sans-serif;mso-ascii-theme-font:minor-latin;\nmso-fareast-font-family:Calibri;mso-fareast-theme-font:minor-latin;mso-hansi-theme-font:\nminor-latin;mso-bidi-theme-font:minor-latin;color:#1A181C;mso-ansi-language:\nES-PE\">5.<span style=\"font-variant-numeric: normal; font-variant-east-asian: normal; font-stretch: normal; font-size: 7pt; line-height: normal; font-family: \"Times New Roman\";\">\u00a0 \u00a0\u00a0<\/span><\/span><!--[endif]--><span style=\"font-size:11.0pt;font-family:\"Calibri\",sans-serif;\nmso-ascii-theme-font:minor-latin;mso-fareast-font-family:Calibri;mso-fareast-theme-font:\nminor-latin;mso-hansi-theme-font:minor-latin;mso-bidi-theme-font:minor-latin;\ncolor:#1A181C;mso-ansi-language:ES-PE\">RECHAZAMOS que MINCUL haya presentado ACCIONES DE INCONSTITUCIONALIDAD contra las Ordenanzas de Cajamarca y Loreto, para dejar sin efecto las mismas y la Resoluci\u00f3n que reconoce nuestra personalidad jur\u00eddica como Pueblo Achuar del Pastaza- FENAP.<o:p><\/o:p><\/span><\/p>\n<p class=\"MsoNormal\" style=\"margin-top:0cm;margin-right:-22.95pt;margin-bottom:\n0cm;margin-left:21.3pt;margin-bottom:.0001pt;text-indent:-21.3pt\"><span style=\"mso-bidi-font-family:Calibri;mso-bidi-theme-font:minor-latin;color:#1A181C;\nmso-ansi-language:ES-PE\">\u00a0<\/span><\/p>\n<p class=\"MsoBodyText\" style=\"margin-top:0cm;margin-right:-22.95pt;margin-bottom:\n0cm;margin-left:21.3pt;margin-bottom:.0001pt;text-align:justify;text-indent:\n-21.3pt;mso-list:l0 level1 lfo1;tab-stops:90.5pt\"><!--[if !supportLists]--><span style=\"font-size:11.0pt;font-family:\"Calibri\",sans-serif;mso-ascii-theme-font:\nminor-latin;mso-fareast-font-family:Calibri;mso-fareast-theme-font:minor-latin;\nmso-hansi-theme-font:minor-latin;mso-bidi-theme-font:minor-latin;color:#1A181C;\nmso-ansi-language:ES-PE\">6.<span style=\"font-variant-numeric: normal; font-variant-east-asian: normal; font-stretch: normal; font-size: 7pt; line-height: normal; font-family: \"Times New Roman\";\">\u00a0 \u00a0 \u00a0 \u00a0<\/span><\/span><!--[endif]--><span style=\"font-size:11.0pt;font-family:\"Calibri\",sans-serif;\nmso-ascii-theme-font:minor-latin;mso-fareast-font-family:Calibri;mso-fareast-theme-font:\nminor-latin;mso-hansi-theme-font:minor-latin;mso-bidi-theme-font:minor-latin;\ncolor:#1A181C;mso-ansi-language:ES-PE\">RECHAZAMOS el INCONSULTO DECRETO LEGISLATIVO N\u00ba 1360 (del 22\/7\/2018) que da a MINCUL funciones exclusivas para la identificaci\u00f3n y reconocimiento de pueblos ind\u00edgenas a trav\u00e9s de Decretos Supremos, y SIN \u00abPERSONALIDAD JUR\u00cdDICA\u00bb. Y EXIGIMOS QUE EL CONGRESO LO DEROGUE por violar el derecho de consulta y a la autoidentificaci\u00f3n.<o:p><\/o:p><\/span><\/p>\n<p class=\"MsoNormal\" style=\"margin-top:0cm;margin-right:-22.95pt;margin-bottom:\n0cm;margin-left:21.3pt;margin-bottom:.0001pt;text-align:justify;text-indent:\n-21.3pt\"><span style=\"mso-bidi-font-family:Calibri;mso-bidi-theme-font:minor-latin;\ncolor:#1A181C;mso-ansi-language:ES-PE\">\u00a0<\/span><\/p>\n<p class=\"MsoBodyText\" style=\"margin-top:0cm;margin-right:-22.95pt;margin-bottom:\n0cm;margin-left:21.3pt;margin-bottom:.0001pt;text-align:justify;text-indent:\n-21.3pt;mso-list:l0 level1 lfo1;tab-stops:90.5pt\"><!--[if !supportLists]--><span style=\"font-size:11.0pt;font-family:\"Calibri\",sans-serif;mso-ascii-theme-font:\nminor-latin;mso-fareast-font-family:Calibri;mso-fareast-theme-font:minor-latin;\nmso-hansi-theme-font:minor-latin;mso-bidi-theme-font:minor-latin;color:#1A181C;\nmso-ansi-language:ES-PE\">7.<span style=\"font-variant-numeric: normal; font-variant-east-asian: normal; font-stretch: normal; font-size: 7pt; line-height: normal; font-family: \"Times New Roman\";\">\u00a0 \u00a0 \u00a0 \u00a0<\/span><\/span><!--[endif]--><span style=\"font-size:11.0pt;font-family:\"Calibri\",sans-serif;\nmso-ascii-theme-font:minor-latin;mso-fareast-font-family:Calibri;mso-fareast-theme-font:\nminor-latin;mso-hansi-theme-font:minor-latin;mso-bidi-theme-font:minor-latin;\ncolor:#1A181C;mso-ansi-language:ES-PE\">RECHAZAMOS que la Oficina Registral de Yurimaguas de la SUNARP se haya negado a registrar la Personalidad Jur\u00eddica del Pueblo Achuar del Pastaza-FENAP. Y EXIGIMOS que el TRIBUNAL REGISTRAL de Trujillo ORDENE NUESTRO REGISTRO, en cumplimiento del derecho.<o:p><\/o:p><\/span><\/p>\n<p class=\"MsoNormal\" style=\"margin-top:0cm;margin-right:-22.95pt;margin-bottom:\n0cm;margin-left:21.3pt;margin-bottom:.0001pt;text-indent:-21.3pt\"><span style=\"mso-bidi-font-family:Calibri;mso-bidi-theme-font:minor-latin;color:#1A181C;\nmso-ansi-language:ES-PE\">\u00a0<\/span><\/p>\n<p class=\"MsoBodyText\" style=\"margin-top:0cm;margin-right:-22.95pt;margin-bottom:\n0cm;margin-left:21.3pt;margin-bottom:.0001pt;text-align:justify;text-indent:\n-21.3pt;mso-list:l0 level1 lfo1;tab-stops:90.5pt\"><!--[if !supportLists]--><span style=\"font-size:11.0pt;font-family:\"Calibri\",sans-serif;mso-ascii-theme-font:\nminor-latin;mso-fareast-font-family:Calibri;mso-fareast-theme-font:minor-latin;\nmso-hansi-theme-font:minor-latin;mso-bidi-theme-font:minor-latin;color:#1A181C;\nmso-ansi-language:ES-PE\">8.<span style=\"font-variant-numeric: normal; font-variant-east-asian: normal; font-stretch: normal; font-size: 7pt; line-height: normal; font-family: \"Times New Roman\";\">\u00a0 \u00a0\u00a0<\/span><\/span><!--[endif]--><span style=\"font-size:11.0pt;font-family:\"Calibri\",sans-serif;\nmso-ascii-theme-font:minor-latin;mso-fareast-font-family:Calibri;mso-fareast-theme-font:\nminor-latin;mso-hansi-theme-font:minor-latin;mso-bidi-theme-font:minor-latin;\ncolor:#1A181C;mso-ansi-language:ES-PE\">RECHAZAMOS QUE MINCUL Y 10 ENTIDADES DEL ESTADO, en vez de promover nuestros derechos, est\u00e9n litigando para impedirlos, y EXIGIMOS QUE EL CONGRESO las FISCALICE.<o:p><\/o:p><\/span><\/p>\n<p class=\"MsoNormal\" style=\"margin-top:0cm;margin-right:-22.95pt;margin-bottom:\n0cm;margin-left:21.3pt;margin-bottom:.0001pt;text-indent:-21.3pt\"><span style=\"mso-bidi-font-family:Calibri;mso-bidi-theme-font:minor-latin;color:#1A181C;\nmso-ansi-language:ES-PE\">\u00a0<\/span><\/p>\n<p class=\"MsoBodyText\" style=\"margin-top:0cm;margin-right:-22.95pt;margin-bottom:\n0cm;margin-left:21.3pt;margin-bottom:.0001pt;text-align:justify;text-indent:\n-21.3pt;mso-list:l0 level1 lfo1;tab-stops:90.5pt\"><!--[if !supportLists]--><span style=\"font-size:11.0pt;font-family:\"Calibri\",sans-serif;mso-ascii-theme-font:\nminor-latin;mso-fareast-font-family:Calibri;mso-fareast-theme-font:minor-latin;\nmso-hansi-theme-font:minor-latin;mso-bidi-theme-font:minor-latin;color:#1A181C;\nmso-ansi-language:ES-PE\">9.<span style=\"font-variant-numeric: normal; font-variant-east-asian: normal; font-stretch: normal; font-size: 7pt; line-height: normal; font-family: \"Times New Roman\";\">\u00a0 \u00a0 \u00a0<\/span><\/span><!--[endif]--><span style=\"font-size:11.0pt;font-family:\"Calibri\",sans-serif;\nmso-ascii-theme-font:minor-latin;mso-fareast-font-family:Calibri;mso-fareast-theme-font:\nminor-latin;mso-hansi-theme-font:minor-latin;mso-bidi-theme-font:minor-latin;\ncolor:#1A181C;mso-ansi-language:ES-PE\">RECHAZAMOS LA SENTENCIA DE LA CORTE SUPERIOR DE IQUITOS QUE DENIEGA NUESTROS DERECHOS a la personalidad jur\u00eddica como pueblos, propiedad del territorio integral y nulidad de lotes inconsultos, desconociendo el derecho internacional, y EXIGIMOS que el TRIBUNAL CONSTITUCIONAL los GARANTICE, caso contrario, nos iremos a la CIDH.<o:p><\/o:p><\/span><\/p>\n<p class=\"MsoNormal\" style=\"margin-top:0cm;margin-right:-22.95pt;margin-bottom:\n0cm;margin-left:21.3pt;margin-bottom:.0001pt;text-indent:-21.3pt\"><span style=\"mso-bidi-font-family:Calibri;mso-bidi-theme-font:minor-latin;color:#1A181C;\nmso-ansi-language:ES-PE\">\u00a0<\/span><\/p>\n<p><span style=\"text-align: justify; text-indent: -21.3pt; font-size: 11pt; font-family: Calibri, sans-serif; color: rgb(26, 24, 28);\">10.<span style=\"font-variant-numeric: normal; font-variant-east-asian: normal; font-stretch: normal; font-size: 7pt; line-height: normal; font-family: \"Times New Roman\";\">\u00a0 \u00a0\u00a0<\/span><\/span><span style=\"text-align: justify; text-indent: -21.3pt; font-size: 11pt; font-family: Calibri, sans-serif; color: rgb(26, 24, 28);\">SOLICITAMOS a los organismos internacionales (CIDH,ONU) que insten al Estado Peruano a RESPETAR NUESTROS DERECHOS y REVERTIR ESTA POL\u00cdTICA REGRESIVA. Y PEDIMOS LA SOLIDARIDAD de los pueblos, la REPAM, iglesias y sociedad civil.<\/span>\u00a0<\/p>\n<p><a href=\"http:\/\/web.hilo.org.pe\/wp-content\/uploads\/PRONUNCIAMIENTO PUEBLO ACHUAR web.jpg\" target=\"_blank\" rel=\"noopener\">Ver archivo adjunto<\/a><\/p>\n","protected":false},"excerpt":{"rendered":"<p>Compartimos el Pronunciamiento conjunto de las organizaciones de pueblos ind\u00edgenas a favor de la \u201cPersonalidad jur\u00eddica de pueblos originarios\u201d y en contra de la pol\u00edtica regresiva del Estado peruano en solidaridad del Pueblo Achuar del Pastaza-FENAP.<\/p>\n","protected":false},"author":1,"featured_media":7904,"comment_status":"closed","ping_status":"closed","sticky":false,"template":"","format":"standard","meta":{"footnotes":""},"categories":[9],"tags":[],"class_list":["post-3203","post","type-post","status-publish","format-standard","has-post-thumbnail","hentry","category-noticias"],"_links":{"self":[{"href":"https:\/\/ceas.org.pe\/index.php\/wp-json\/wp\/v2\/posts\/3203","targetHints":{"allow":["GET"]}}],"collection":[{"href":"https:\/\/ceas.org.pe\/index.php\/wp-json\/wp\/v2\/posts"}],"about":[{"href":"https:\/\/ceas.org.pe\/index.php\/wp-json\/wp\/v2\/types\/post"}],"author":[{"embeddable":true,"href":"https:\/\/ceas.org.pe\/index.php\/wp-json\/wp\/v2\/users\/1"}],"replies":[{"embeddable":true,"href":"https:\/\/ceas.org.pe\/index.php\/wp-json\/wp\/v2\/comments?post=3203"}],"version-history":[{"count":1,"href":"https:\/\/ceas.org.pe\/index.php\/wp-json\/wp\/v2\/posts\/3203\/revisions"}],"predecessor-version":[{"id":6015,"href":"https:\/\/ceas.org.pe\/index.php\/wp-json\/wp\/v2\/posts\/3203\/revisions\/6015"}],"wp:featuredmedia":[{"embeddable":true,"href":"https:\/\/ceas.org.pe\/index.php\/wp-json\/wp\/v2\/media\/7904"}],"wp:attachment":[{"href":"https:\/\/ceas.org.pe\/index.php\/wp-json\/wp\/v2\/media?parent=3203"}],"wp:term":[{"taxonomy":"category","embeddable":true,"href":"https:\/\/ceas.org.pe\/index.php\/wp-json\/wp\/v2\/categories?post=3203"},{"taxonomy":"post_tag","embeddable":true,"href":"https:\/\/ceas.org.pe\/index.php\/wp-json\/wp\/v2\/tags?post=3203"}],"curies":[{"name":"wp","href":"https:\/\/api.w.org\/{rel}","templated":true}]}}