{"id":3202,"date":"2018-12-20T17:30:27","date_gmt":"2018-12-20T17:30:27","guid":{"rendered":""},"modified":"2026-03-11T09:11:55","modified_gmt":"2026-03-11T14:11:55","slug":"declaracion-de-cordoba","status":"publish","type":"post","link":"https:\/\/ceas.org.pe\/index.php\/2018\/12\/20\/declaracion-de-cordoba\/","title":{"rendered":"DECLARACI\u00d3N DE C\u00d3RDOBA"},"content":{"rendered":"<div class=\"WordSection1\">\n<p class=\"MsoNormal\" align=\"center\" style=\"text-align:center\"><span style=\"font-size:14.0pt;mso-fareast-font-family:Arial;mso-bidi-font-family:\nCalibri;mso-bidi-theme-font:minor-latin;color:#1A111C;mso-font-width:105%;\nmso-ansi-language:ES-PE\">DECLARACI\u00d3N DE C\u00d3RDOBA<o:p><\/o:p><\/span><\/p>\n<p class=\"MsoNormal\" align=\"center\" style=\"text-align:center\"><span style=\"font-size:11.0pt;font-family:\"Calibri\",sans-serif;mso-ascii-theme-font:\nminor-latin;mso-fareast-font-family:Arial;mso-hansi-theme-font:minor-latin;\nmso-bidi-theme-font:minor-latin;color:#1A111C;mso-font-width:105%;mso-ansi-language:\nES-PE\">AM\u00c9RICA LATINA Y EL CARIBE: ZONA DE CONVIVENCIA INTERRELIGIOSA<o:p><\/o:p><\/span><\/p>\n<p class=\"MsoNormal\" style=\"text-align:justify\"><span style=\"color: rgb(26, 17, 28); font-family: Calibri, sans-serif; font-size: 11pt;\">Como l\u00edderes de distintas tradiciones religiosas en Am\u00e9rica Latina y el Caribe, conscientes de que han habido \u00e9pocas y zonas con distintos grados de incomprensi\u00f3n entre nuestras comunidades, pero a la vez seguros de que nuestra regi\u00f3n es un \u00e1mbito bendecido con una enorme pluralidad de culturas, ideas, razas e idiosincrasias, nos sentimos obligados a aportar a nuestras sociedades un modo de vincularnos desde una mayor fraternidad como criaturas que portamos lo sagrado y puro de la vida.<\/span><\/p>\n<\/div>\n<div class=\"WordSection2\">\n<p class=\"MsoBodyText\" style=\"margin-left:0cm;text-align:justify\"><span style=\"font-size:11.0pt;font-family:\"Calibri\",sans-serif;mso-ascii-theme-font:\nminor-latin;mso-fareast-font-family:Arial;mso-hansi-theme-font:minor-latin;\nmso-bidi-theme-font:minor-latin;color:#1A111C;mso-font-width:105%;mso-ansi-language:\nES-PE\">En este esp\u00edritu, y con el objetivo de fortalecer la convivencia y proteger el pluralismo de nuestra regi\u00f3n declaramos a Am\u00e9rica Latina y el Caribe \u00abZONA DE CONVIVENCIA INTERRELIGIOSA\u00bb.<o:p><\/o:p><\/span><\/p>\n<p class=\"MsoNormal\" style=\"text-align:justify\"><span style=\"font-size:11.0pt;font-family:\"Calibri\",sans-serif;\nmso-ascii-theme-font:minor-latin;mso-fareast-font-family:Arial;mso-hansi-theme-font:\nminor-latin;mso-bidi-theme-font:minor-latin;color:#1A111C;mso-font-width:105%;\nmso-ansi-language:ES-PE\">Esta declaraci\u00f3n es el punto de partida para la creaci\u00f3n y profundizaci\u00f3n de programas y proyectos que promuevan esta convivencia interreligiosa latinoamericana y caribe\u00f1a, que es un signo de bendici\u00f3n.<o:p><\/o:p><\/span><\/p>\n<p class=\"MsoNormal\" style=\"text-align:justify\"><span style=\"mso-fareast-font-family:\nArial;mso-bidi-font-family:Calibri;mso-bidi-theme-font:minor-latin;color:#1A111C;\nmso-font-width:105%;mso-ansi-language:ES-PE\">\u00a0<\/span><\/p>\n<p class=\"MsoBodyText\" style=\"margin-left:0cm;text-align:justify\"><span style=\"font-size:11.0pt;font-family:\"Calibri\",sans-serif;mso-ascii-theme-font:\nminor-latin;mso-fareast-font-family:Arial;mso-hansi-theme-font:minor-latin;\nmso-bidi-theme-font:minor-latin;color:#1A111C;mso-font-width:105%;mso-ansi-language:\nES-PE\">Ciudad de C\u00f3rdoba, 30 de octubre de 2017.<\/span><span style=\"color: rgb(26, 17, 28); font-family: Calibri, sans-serif; font-size: 11pt;\">\u00a0<\/span><\/p>\n<\/div>\n<p class=\"MsoNormal\" style=\"text-align:justify\">\u00a0<\/p>\n<p class=\"MsoNormal\" align=\"center\" style=\"text-align:center\"><span style=\"mso-fareast-font-family:Arial;mso-bidi-font-family:Calibri;mso-bidi-theme-font:\nminor-latin;color:#1A111C;mso-font-width:105%;mso-ansi-language:ES-PE\">El d\u00eda 16 de Diciembre de 2018, en la ciudad de Lima, Per\u00fa se<br \/>\nsuscribe esta Declaraci\u00f3n por el Consejo lnterreligioso del Per\u00fa.<o:p><\/o:p><\/span><\/p>\n<p>\u00a0<\/p>\n<p><a href=\"http:\/\/web.hilo.org.pe\/wp-content\/uploads\/DECLARACI\u00d3N DE C\u00d3RDOVA web.jpg\" target=\"_blank\" rel=\"noopener\">Ver archivo adjunto<\/a><\/p>\n","protected":false},"excerpt":{"rendered":"<p>Compartimos la Declaraci\u00f3n de C\u00f3rdova suscrita por el Consejo lnterreligioso del Per\u00fa, l\u00edderes de distintas tradiciones religiosas en Am\u00e9rica Latina y el Caribe, firmada en nuestro pa\u00eds el 16 de diciembre de 2018.<\/p>\n","protected":false},"author":1,"featured_media":0,"comment_status":"closed","ping_status":"closed","sticky":false,"template":"","format":"standard","meta":{"footnotes":""},"categories":[9],"tags":[],"class_list":["post-3202","post","type-post","status-publish","format-standard","hentry","category-noticias"],"_links":{"self":[{"href":"https:\/\/ceas.org.pe\/index.php\/wp-json\/wp\/v2\/posts\/3202","targetHints":{"allow":["GET"]}}],"collection":[{"href":"https:\/\/ceas.org.pe\/index.php\/wp-json\/wp\/v2\/posts"}],"about":[{"href":"https:\/\/ceas.org.pe\/index.php\/wp-json\/wp\/v2\/types\/post"}],"author":[{"embeddable":true,"href":"https:\/\/ceas.org.pe\/index.php\/wp-json\/wp\/v2\/users\/1"}],"replies":[{"embeddable":true,"href":"https:\/\/ceas.org.pe\/index.php\/wp-json\/wp\/v2\/comments?post=3202"}],"version-history":[{"count":1,"href":"https:\/\/ceas.org.pe\/index.php\/wp-json\/wp\/v2\/posts\/3202\/revisions"}],"predecessor-version":[{"id":6016,"href":"https:\/\/ceas.org.pe\/index.php\/wp-json\/wp\/v2\/posts\/3202\/revisions\/6016"}],"wp:attachment":[{"href":"https:\/\/ceas.org.pe\/index.php\/wp-json\/wp\/v2\/media?parent=3202"}],"wp:term":[{"taxonomy":"category","embeddable":true,"href":"https:\/\/ceas.org.pe\/index.php\/wp-json\/wp\/v2\/categories?post=3202"},{"taxonomy":"post_tag","embeddable":true,"href":"https:\/\/ceas.org.pe\/index.php\/wp-json\/wp\/v2\/tags?post=3202"}],"curies":[{"name":"wp","href":"https:\/\/api.w.org\/{rel}","templated":true}]}}