{"id":3201,"date":"2018-12-18T11:19:20","date_gmt":"2018-12-18T11:19:20","guid":{"rendered":""},"modified":"2026-03-11T09:11:55","modified_gmt":"2026-03-11T14:11:55","slug":"dia-internacional-del-migrante-la-dignidad-por-encima-de-todo","status":"publish","type":"post","link":"https:\/\/ceas.org.pe\/index.php\/2018\/12\/18\/dia-internacional-del-migrante-la-dignidad-por-encima-de-todo\/","title":{"rendered":"D\u00eda Internacional del Migrante: la dignidad por encima de todo"},"content":{"rendered":"<p style=\"margin: 0cm 0cm 0.0001pt; text-align: justify; background-image: initial; background-position: initial; background-size: initial; background-repeat: initial; background-attachment: initial; background-origin: initial; background-clip: initial;\"><span style=\"font-size: 11pt; font-family: Calibri, sans-serif;\">En el D\u00eda Internacional del Migrante, proclamado por las Naciones Unidas oficialmente en el a\u00f1o 2000 para ser celebrado cada 18 de diciembre, el Papa Francisco escribe, a trav\u00e9s de Twitter, que \u201cJes\u00fas conoce bien el dolor de no ser acogido\u201d y pide que nuestros corazones \u201cno est\u00e9n cerrados como las casas de Bel\u00e9n\u201d.<o:p><\/o:p><\/span><\/p>\n<h2 style=\"margin-top: 0cm; line-height: normal; background-image: initial; background-position: initial; background-size: initial; background-repeat: initial; background-attachment: initial; background-origin: initial; background-clip: initial; box-sizing: border-box; -webkit-tap-highlight-color: rgba(0, 0, 0, 0);\"><b><span style=\"font-size: 11pt; font-family: Calibri, sans-serif;\">\u00a0<\/span><\/b><\/h2>\n<h2 style=\"margin-top: 0cm; text-align: justify; line-height: normal; background-image: initial; background-position: initial; background-size: initial; background-repeat: initial; background-attachment: initial; background-origin: initial; background-clip: initial;\"><b><span style=\"font-size: 11pt; font-family: Calibri, sans-serif;\">Apoyemos la migraci\u00f3n #ConDignidad<\/span><\/b><span style=\"font-size: 11pt; font-family: Calibri, sans-serif;\"><o:p><\/o:p><\/span><\/h2>\n<p style=\"margin: 0cm 0cm 0.0001pt; background-image: initial; background-position: initial; background-size: initial; background-repeat: initial; background-attachment: initial; background-origin: initial; background-clip: initial; box-sizing: border-box; -webkit-tap-highlight-color: rgba(0, 0, 0, 0);\"><span style=\"font-size: 11pt; font-family: Calibri, sans-serif;\">Adem\u00e1s, la red social Twitter hoy estar\u00e1 marcada por el hashtag #ConDignidad, lanzado por la ONU como parte de su campa\u00f1a para dignificar a los migrantes en este d\u00eda y que hace eco de la migraci\u00f3n \u201cSegura, Ordenada y Regular\u201d acordada en el Pacto Mundial de Migraci\u00f3n aprobado el pasado 10 de diciembre en Marrakech, Marruecos, y adoptado por 184 pa\u00edses miembros de la ONU.<o:p><\/o:p><\/span><\/p>\n<p style=\"margin: 0cm 0cm 0.0001pt; text-align: justify; background-image: initial; background-position: initial; background-size: initial; background-repeat: initial; background-attachment: initial; background-origin: initial; background-clip: initial;\"><span style=\"font-size: 11pt; font-family: Calibri, sans-serif;\">\u00a0<\/span><\/p>\n<p style=\"margin: 0cm 0cm 0.0001pt; background-image: initial; background-position: initial; background-size: initial; background-repeat: initial; background-attachment: initial; background-origin: initial; background-clip: initial; box-sizing: border-box; -webkit-tap-highlight-color: rgba(0, 0, 0, 0);\"><span style=\"font-size: 11pt; font-family: Calibri, sans-serif;\">Actualmente hay 68 millones de personas desplazadas por la fuerza, entre los que se incluyen 25 millones de refugiados, 3 millones de solicitantes de asilo y m\u00e1s de 40 millones de desplazados internos. Ante este panorama, la ONU pide como requisito indispensable tratar a los migrantes con dignidad: \u201cdebemos dignificar esas elecciones mostrando respeto y la manera de hacerlo es tratarles con dignidad por haber tomado las decisiones que han tomado\u201d dice las Naciones Unidas en su p\u00e1gina web.<o:p><\/o:p><\/span><\/p>\n<p style=\"margin: 0cm 0cm 0.0001pt; text-align: justify; background-image: initial; background-position: initial; background-size: initial; background-repeat: initial; background-attachment: initial; background-origin: initial; background-clip: initial;\"><span style=\"font-size: 11pt; font-family: Calibri, sans-serif;\">\u00a0<\/span><\/p>\n<h2 style=\"margin-top: 0cm; line-height: normal; background-image: initial; background-position: initial; background-size: initial; background-repeat: initial; background-attachment: initial; background-origin: initial; background-clip: initial; box-sizing: border-box; -webkit-tap-highlight-color: rgba(0, 0, 0, 0);\"><b><span style=\"font-size: 11pt; font-family: Calibri, sans-serif;\">Frontera M\u00e9xico \u2013 EEUU: Migrantes marcados con n\u00fameros en la piel<\/span><\/b><span style=\"font-size: 11pt; font-family: Calibri, sans-serif;\"><o:p><\/o:p><\/span><\/h2>\n<p style=\"margin: 0cm 0cm 0.0001pt; background-image: initial; background-position: initial; background-size: initial; background-repeat: initial; background-attachment: initial; background-origin: initial; background-clip: initial; box-sizing: border-box; -webkit-tap-highlight-color: rgba(0, 0, 0, 0);\"><span style=\"font-size: 11pt; font-family: Calibri, sans-serif;\">Sin embargo, frente a esta solicitud de dignidad, ha sido chocante una noticia en la que se relata que en los \u00faltimos d\u00edas, migrantes mexicanos, en su mayor\u00eda ni\u00f1os y beb\u00e9s, han sido marcados con n\u00fameros, pintados en la piel de los brazos con rotulador, en la Frontera de Ju\u00e1rez con Texas. Seg\u00fan diferentes fuentes, los n\u00fameros han sido escritos por agentes de la Polic\u00eda fronteriza mexicana para indicar el orden en que los menores deben ir acompa\u00f1ados al pase para presentar su solicitud de asilo, pero la pr\u00e1ctica ha generado controversia porque recuerda los odiosos registros realizados por los nazis en los campos de exterminio, donde a los jud\u00edos se les tatuaba el n\u00famero de detenci\u00f3n en sus brazos.<o:p><\/o:p><\/span><\/p>\n<h2 style=\"margin-top: 0cm; line-height: normal; background-image: initial; background-position: initial; background-size: initial; background-repeat: initial; background-attachment: initial; background-origin: initial; background-clip: initial; box-sizing: border-box; -webkit-tap-highlight-color: rgba(0, 0, 0, 0);\"><b><span style=\"font-size: 11pt; font-family: Calibri, sans-serif;\">\u00a0<\/span><\/b><\/h2>\n<h2 style=\"margin-top: 0cm; text-align: justify; line-height: normal; background-image: initial; background-position: initial; background-size: initial; background-repeat: initial; background-attachment: initial; background-origin: initial; background-clip: initial;\"><b><span style=\"font-size: 11pt; font-family: Calibri, sans-serif;\">El drama de los refugiados y el aumento de v\u00edctimas infantiles<\/span><\/b><span style=\"font-size: 11pt; font-family: Calibri, sans-serif;\"><o:p><\/o:p><\/span><\/h2>\n<p style=\"margin: 0cm 0cm 0.0001pt; background-image: initial; background-position: initial; background-size: initial; background-repeat: initial; background-attachment: initial; background-origin: initial; background-clip: initial; box-sizing: border-box; -webkit-tap-highlight-color: rgba(0, 0, 0, 0);\"><span style=\"font-size: 11pt; font-family: Calibri, sans-serif;\">Tras las cifras que ha dejado este a\u00f1o 2018, en el que alrededor de 3.400 migrantes y refugiados han perdido la vida en todo el mundo, y\u00a0seg\u00fan un informe de Save the Children, las principales v\u00edctimas son ni\u00f1os y ni\u00f1as, destaca el caso de Jakelin, la ni\u00f1a migrante Guatemalteca de 7 a\u00f1os que perdi\u00f3 la vida el pasado 8 de diciembre tras un largo viaje atravesando el desierto. Aunque nunca se nos borrar\u00e1 de la memoria la impactante imagen del peque\u00f1o Aylan Kurdi, el ni\u00f1o refugiado sirio de tres a\u00f1os cuyo cuerpo fue hallado sin vida en 2015 en las costas de Turqu\u00eda donde la embarcaci\u00f3n en la que viajaba junto a sus padres y su hermano naufrag\u00f3.<o:p><\/o:p><\/span><\/p>\n<p class=\"MsoNormal\" style=\"margin-bottom:0cm;margin-bottom:.0001pt;text-align:\njustify;line-height:normal\"><o:p>\u00a0<\/o:p><\/p>\n<p class=\"MsoNormal\" style=\"margin-bottom:0cm;margin-bottom:.0001pt;text-align:\njustify;line-height:normal\"><i>Tomado de: VATICAN NEWS. Por <span style=\"background-image: initial; background-position: initial; background-size: initial; background-repeat: initial; background-attachment: initial; background-origin: initial; background-clip: initial;\">Mireia Bonilla. Ciudad del Vaticano. 18 de diciembre de 2018.<\/span><o:p><\/o:p><\/i><\/p>\n<p><a href=\"http:\/\/web.hilo.org.pe\/wp-content\/uploads\/migrantes.jpeg\" target=\"_blank\" rel=\"noopener\">Ver archivo adjunto<\/a><\/p>\n","protected":false},"excerpt":{"rendered":"<p>Bajo el tema de este a\u00f1o \u201cMigraci\u00f3n Con Dignidad\u201d, la ONU lanza un llamamiento para una migraci\u00f3n \u201cSegura, Ordenada y Regular\u201d.<\/p>\n","protected":false},"author":1,"featured_media":0,"comment_status":"closed","ping_status":"closed","sticky":false,"template":"","format":"standard","meta":{"footnotes":""},"categories":[9],"tags":[],"class_list":["post-3201","post","type-post","status-publish","format-standard","hentry","category-noticias"],"_links":{"self":[{"href":"https:\/\/ceas.org.pe\/index.php\/wp-json\/wp\/v2\/posts\/3201","targetHints":{"allow":["GET"]}}],"collection":[{"href":"https:\/\/ceas.org.pe\/index.php\/wp-json\/wp\/v2\/posts"}],"about":[{"href":"https:\/\/ceas.org.pe\/index.php\/wp-json\/wp\/v2\/types\/post"}],"author":[{"embeddable":true,"href":"https:\/\/ceas.org.pe\/index.php\/wp-json\/wp\/v2\/users\/1"}],"replies":[{"embeddable":true,"href":"https:\/\/ceas.org.pe\/index.php\/wp-json\/wp\/v2\/comments?post=3201"}],"version-history":[{"count":1,"href":"https:\/\/ceas.org.pe\/index.php\/wp-json\/wp\/v2\/posts\/3201\/revisions"}],"predecessor-version":[{"id":6017,"href":"https:\/\/ceas.org.pe\/index.php\/wp-json\/wp\/v2\/posts\/3201\/revisions\/6017"}],"wp:attachment":[{"href":"https:\/\/ceas.org.pe\/index.php\/wp-json\/wp\/v2\/media?parent=3201"}],"wp:term":[{"taxonomy":"category","embeddable":true,"href":"https:\/\/ceas.org.pe\/index.php\/wp-json\/wp\/v2\/categories?post=3201"},{"taxonomy":"post_tag","embeddable":true,"href":"https:\/\/ceas.org.pe\/index.php\/wp-json\/wp\/v2\/tags?post=3201"}],"curies":[{"name":"wp","href":"https:\/\/api.w.org\/{rel}","templated":true}]}}