{"id":3200,"date":"2018-12-18T10:53:27","date_gmt":"2018-12-18T10:53:27","guid":{"rendered":""},"modified":"2026-03-11T09:11:55","modified_gmt":"2026-03-11T14:11:55","slug":"mensaje-del-papa-la-buena-politica-esta-al-servicio-de-la-paz","status":"publish","type":"post","link":"https:\/\/ceas.org.pe\/index.php\/2018\/12\/18\/mensaje-del-papa-la-buena-politica-esta-al-servicio-de-la-paz\/","title":{"rendered":"Mensaje del Papa: La buena pol\u00edtica est\u00e1 al servicio de la paz"},"content":{"rendered":"<h2 style=\"margin-top: 0cm; line-height: normal; background-image: initial; background-position: initial; background-size: initial; background-repeat: initial; background-attachment: initial; background-origin: initial; background-clip: initial;\"><b><span style=\"font-size: 11pt; font-family: Calibri, sans-serif;\">\u201cPaz a esta casa\u201d<o:p><\/o:p><\/span><\/b><\/h2>\n<p style=\"margin: 0cm 0cm 0.0001pt; background-image: initial; background-position: initial; background-size: initial; background-repeat: initial; background-attachment: initial; background-origin: initial; background-clip: initial; box-sizing: border-box; -webkit-tap-highlight-color: rgba(0, 0, 0, 0);\"><span style=\"font-size: 11pt; font-family: Calibri, sans-serif;\">Con las palabras que Jes\u00fas sugiri\u00f3 que usaran sus disc\u00edpulos en misi\u00f3n comienza el\u00a0<b style=\"box-sizing: border-box;-webkit-tap-highlight-color: rgba(0, 0, 0, 0)\"><a href=\"https:\/\/press.vatican.va\/content\/salastampa\/it\/bollettino\/pubblico\/2018\/12\/18\/0947\/02049.html#es\" target=\"_blank\" style=\"box-sizing: border-box;-webkit-tap-highlight-color: rgba(0, 0, 0, 0)\"><span style=\"color: black; text-decoration-line: none;\">Mensaje del Santo Padre para la 52\u00aa Jornada Mundial de la Paz<\/span><\/a><\/b>\u00a0que se celebrar\u00e1 el pr\u00f3ximo 1\u00b0 de enero, y que ha sido firmado en la Ciudad del Vaticano el pasado 8 de diciembre. \u201cDar la paz \u2013 escribe el Pont\u00edfice \u2013 est\u00e1 en el centro de la misi\u00f3n de los disc\u00edpulos de Cristo. Y este ofrecimiento est\u00e1 dirigido a todos los hombres y mujeres que esperan la paz en medio de las tragedias y la violencia de la historia humana\u201d.<o:p><\/o:p><\/span><\/p>\n<p style=\"margin: 0cm 0cm 0.0001pt; text-align: justify; background-image: initial; background-position: initial; background-size: initial; background-repeat: initial; background-attachment: initial; background-origin: initial; background-clip: initial;\"><span style=\"font-size: 11pt; font-family: Calibri, sans-serif;\">\u00a0<\/span><\/p>\n<p style=\"margin: 0cm 0cm 0.0001pt; background-image: initial; background-position: initial; background-size: initial; background-repeat: initial; background-attachment: initial; background-origin: initial; background-clip: initial; box-sizing: border-box; -webkit-tap-highlight-color: rgba(0, 0, 0, 0);\"><span style=\"font-size: 11pt; font-family: Calibri, sans-serif;\">Francisco explica que la \u201ccasa\u201d mencionada por Jes\u00fas es cada familia, cada comunidad, cada pa\u00eds y cada continente, con sus caracter\u00edsticas propias y con su historia\u201d. De modo que se puede decir que casa es sobre todo \u201ccada persona, sin distinci\u00f3n ni discriminaci\u00f3n\u201d. Naturalmente, tambi\u00e9n es nuestra \u201ccasa com\u00fan\u201d: el planeta en el que Dios nos ha colocado para vivir y al que estamos llamados a cuidar con inter\u00e9s\u201d.<o:p><\/o:p><\/span><\/p>\n<h2 style=\"margin-top: 0cm; line-height: normal; background-image: initial; background-position: initial; background-size: initial; background-repeat: initial; background-attachment: initial; background-origin: initial; background-clip: initial; box-sizing: border-box; -webkit-tap-highlight-color: rgba(0, 0, 0, 0);\"><span style=\"font-size: 11pt; font-family: Calibri, sans-serif;\">\u00a0<\/span><\/h2>\n<h2 style=\"margin-top: 0cm; line-height: normal; background-image: initial; background-position: initial; background-size: initial; background-repeat: initial; background-attachment: initial; background-origin: initial; background-clip: initial;\"><b><span style=\"font-size: 11pt; font-family: Calibri, sans-serif;\">El desaf\u00edo de una buena pol\u00edtica<o:p><\/o:p><\/span><\/b><\/h2>\n<p style=\"margin: 0cm 0cm 0.0001pt; background-image: initial; background-position: initial; background-size: initial; background-repeat: initial; background-attachment: initial; background-origin: initial; background-clip: initial; box-sizing: border-box; -webkit-tap-highlight-color: rgba(0, 0, 0, 0);\"><span style=\"font-size: 11pt; font-family: Calibri, sans-serif;\">El Papa Bergoglio escribe que \u201cla paz es como la esperanza de la que habla el poeta Charles P\u00e9guy; es como una flor fr\u00e1gil que trata de florecer entre las piedras de la violencia\u201d. S\u00ed, porque como escribe, \u201csabemos bien que la b\u00fasqueda de poder a cualquier precio lleva al abuso y a la injusticia\u201d. De ah\u00ed que la pol\u00edtica sea \u201cun veh\u00edculo fundamental para edificar la ciudadan\u00eda y la actividad del hombre\u201d, si bien cuando quienes los que se dedican a ella \u201cno la viven como un servicio a la comunidad humana, puede convertirse en un instrumento de opresi\u00f3n, marginaci\u00f3n e incluso de destrucci\u00f3n\u201d.<o:p><\/o:p><\/span><\/p>\n<p style=\"margin: 0cm 0cm 0.0001pt; text-align: justify; background-image: initial; background-position: initial; background-size: initial; background-repeat: initial; background-attachment: initial; background-origin: initial; background-clip: initial;\"><span style=\"font-size: 11pt; font-family: Calibri, sans-serif;\">\u00a0<\/span><\/p>\n<p style=\"margin: 0cm 0cm 0.0001pt; background-image: initial; background-position: initial; background-size: initial; background-repeat: initial; background-attachment: initial; background-origin: initial; background-clip: initial; box-sizing: border-box; -webkit-tap-highlight-color: rgba(0, 0, 0, 0);\"><span style=\"font-size: 11pt; font-family: Calibri, sans-serif;\">Asimismo recuerda que el Papa San Pablo VI subrayaba: \u201cTomar en serio la pol\u00edtica en sus diversos niveles \u2013 local, regional, nacional y mundial \u2013 es afirmar el deber de cada persona, de toda persona, de conocer cu\u00e1l es el contenido y el valor de la opci\u00f3n que se le presenta y seg\u00fan la cual se busca realizar colectivamente el bien de la ciudad, de la naci\u00f3n, de la humanidad\u201d.<o:p><\/o:p><\/span><\/p>\n<p style=\"margin: 0cm 0cm 0.0001pt; background-image: initial; background-position: initial; background-size: initial; background-repeat: initial; background-attachment: initial; background-origin: initial; background-clip: initial; box-sizing: border-box; -webkit-tap-highlight-color: rgba(0, 0, 0, 0);\"><span style=\"font-size: 11pt; font-family: Calibri, sans-serif;\">\u00a0<\/span><\/p>\n<p style=\"margin: 0cm 0cm 0.0001pt; text-align: justify; background-image: initial; background-position: initial; background-size: initial; background-repeat: initial; background-attachment: initial; background-origin: initial; background-clip: initial;\"><span style=\"font-size: 11pt; font-family: Calibri, sans-serif;\">En cuanto a la funci\u00f3n y la responsabilidad pol\u00edtica, el Pont\u00edfice recuerda que \u201cconstituyen un desaf\u00edo permanente para todos los que reciben el mandato de servir a su pa\u00eds, de proteger a cuantos viven en \u00e9l y de trabajar a fin de crear las condiciones para un futuro digno y justo\u201d. De manera que su la pol\u00edtica se ejerce en el respeto fundamental de la vida, la libertad y la dignidad de las personas, \u201cpuede convertirse verdaderamente en una forma eminente de la caridad\u201d.<o:p><\/o:p><\/span><\/p>\n<h2 style=\"margin-top: 0cm; line-height: normal; background-image: initial; background-position: initial; background-size: initial; background-repeat: initial; background-attachment: initial; background-origin: initial; background-clip: initial; box-sizing: border-box; -webkit-tap-highlight-color: rgba(0, 0, 0, 0);\"><span style=\"font-size: 11pt; font-family: Calibri, sans-serif;\">\u00a0<\/span><\/h2>\n<h2 style=\"margin-top: 0cm; line-height: normal; background-image: initial; background-position: initial; background-size: initial; background-repeat: initial; background-attachment: initial; background-origin: initial; background-clip: initial;\"><b><span style=\"font-size: 11pt; font-family: Calibri, sans-serif;\">Caridad y virtudes para una pol\u00edtica al servicio de la paz<o:p><\/o:p><\/span><\/b><\/h2>\n<p style=\"margin: 0cm 0cm 0.0001pt; background-image: initial; background-position: initial; background-size: initial; background-repeat: initial; background-attachment: initial; background-origin: initial; background-clip: initial; box-sizing: border-box; -webkit-tap-highlight-color: rgba(0, 0, 0, 0);\"><span style=\"font-size: 11pt; font-family: Calibri, sans-serif;\">Francisco recuerda adem\u00e1s las palabras del Papa Benedicto XVI, cuando afirm\u00f3 que \u201ctodo cristiano est\u00e1 llamado a esta caridad, seg\u00fan su vocaci\u00f3n y sus posibilidades de incidir en la polis\u201d. <o:p><\/o:p><\/span><\/p>\n<p style=\"margin: 0cm 0cm 0.0001pt; text-align: justify; background-image: initial; background-position: initial; background-size: initial; background-repeat: initial; background-attachment: initial; background-origin: initial; background-clip: initial;\"><span style=\"font-size: 11pt; font-family: Calibri, sans-serif;\">\u00a0<\/span><\/p>\n<p style=\"margin: 0cm 0cm 0.0001pt; text-align: justify; background-image: initial; background-position: initial; background-size: initial; background-repeat: initial; background-attachment: initial; background-origin: initial; background-clip: initial;\"><span style=\"font-size: 11pt; font-family: Calibri, sans-serif;\">A lo que a\u00f1ad\u00eda que \u201cel compromiso por el bien com\u00fan, cuando est\u00e1 inspirado por la caridad, tiene una valencia superior al compromiso meramente secular y pol\u00edtico\u201d. Y que \u201cla acci\u00f3n del hombre sobre la tierra, cuando est\u00e1 inspirada y sustentada por la caridad, contribuye a la edificaci\u00f3n de esa ciudad de Dios universal hacia la cual avanza la historia de la familia humana\u201d.<o:p><\/o:p><\/span><\/p>\n<p style=\"margin: 0cm 0cm 0.0001pt; background-image: initial; background-position: initial; background-size: initial; background-repeat: initial; background-attachment: initial; background-origin: initial; background-clip: initial; box-sizing: border-box; -webkit-tap-highlight-color: rgba(0, 0, 0, 0);\"><span style=\"font-size: 11pt; font-family: Calibri, sans-serif;\">Se trata de \u201cun programa con el que pueden estar de acuerdo todos los pol\u00edticos, de cualquier procedencia cultural o religiosa que deseen trabajar juntos por el bien de la familia humana, practicando aquellas virtudes humanas que son la base de una buena acci\u00f3n pol\u00edtica: la justicia, la equidad, el respeto mutuo, la sinceridad, la honestidad, la fidelidad\u201d. Adem\u00e1s, el Santo Padre recuerda las \u201cbienaventuranzas del pol\u00edtico\u201d, propuestas por el Cardenal vietnamita Fran\u00e7ois-Xavier Nguy\u1ec5n V\u00e3n Thu\u1eadn, fallecido en el a\u00f1o 2002, quien fue un testigo fiel del Evangelio:<o:p><\/o:p><\/span><\/p>\n<p style=\"margin: 0cm 0cm 0.0001pt; background-image: initial; background-position: initial; background-size: initial; background-repeat: initial; background-attachment: initial; background-origin: initial; background-clip: initial; box-sizing: border-box; -webkit-tap-highlight-color: rgba(0, 0, 0, 0);\"><span style=\"font-size: 11pt; font-family: Calibri, sans-serif;\">\u00a0<\/span><\/p>\n<p style=\"margin: 0cm 0cm 0.0001pt; text-align: justify; background-image: initial; background-position: initial; background-size: initial; background-repeat: initial; background-attachment: initial; background-origin: initial; background-clip: initial;\"><span style=\"font-size: 11pt; font-family: Calibri, sans-serif;\">\u201cBienaventurado el pol\u00edtico que tiene una alta consideraci\u00f3n y una profunda conciencia de su papel.<o:p><\/o:p><\/span><\/p>\n<p style=\"margin: 0cm 0cm 0.0001pt; background-image: initial; background-position: initial; background-size: initial; background-repeat: initial; background-attachment: initial; background-origin: initial; background-clip: initial;\"><span style=\"font-size: 11pt; font-family: Calibri, sans-serif;\">Bienaventurado el pol\u00edtico cuya persona refleja credibilidad.<o:p><\/o:p><\/span><\/p>\n<p style=\"margin: 0cm 0cm 0.0001pt; background-image: initial; background-position: initial; background-size: initial; background-repeat: initial; background-attachment: initial; background-origin: initial; background-clip: initial; box-sizing: border-box; -webkit-tap-highlight-color: rgba(0, 0, 0, 0);\"><span style=\"font-size: 11pt; font-family: Calibri, sans-serif;\">Bienaventurado el pol\u00edtico que trabaja por el bien com\u00fan y no por su propio inter\u00e9s.<o:p><\/o:p><\/span><\/p>\n<p style=\"margin: 0cm 0cm 0.0001pt; background-image: initial; background-position: initial; background-size: initial; background-repeat: initial; background-attachment: initial; background-origin: initial; background-clip: initial; box-sizing: border-box; -webkit-tap-highlight-color: rgba(0, 0, 0, 0);\"><span style=\"font-size: 11pt; font-family: Calibri, sans-serif;\">Bienaventurado el pol\u00edtico que permanece fielmente coherente.<o:p><\/o:p><\/span><\/p>\n<p style=\"margin: 0cm 0cm 0.0001pt; background-image: initial; background-position: initial; background-size: initial; background-repeat: initial; background-attachment: initial; background-origin: initial; background-clip: initial; box-sizing: border-box; -webkit-tap-highlight-color: rgba(0, 0, 0, 0);\"><span style=\"font-size: 11pt; font-family: Calibri, sans-serif;\">Bienaventurado el pol\u00edtico que realiza la unidad.<o:p><\/o:p><\/span><\/p>\n<p style=\"margin: 0cm 0cm 0.0001pt; background-image: initial; background-position: initial; background-size: initial; background-repeat: initial; background-attachment: initial; background-origin: initial; background-clip: initial; box-sizing: border-box; -webkit-tap-highlight-color: rgba(0, 0, 0, 0);\"><span style=\"font-size: 11pt; font-family: Calibri, sans-serif;\">Bienaventurado el pol\u00edtico que est\u00e1 comprometido en llevar a cabo un cambio radical.<o:p><\/o:p><\/span><\/p>\n<p style=\"margin: 0cm 0cm 0.0001pt; background-image: initial; background-position: initial; background-size: initial; background-repeat: initial; background-attachment: initial; background-origin: initial; background-clip: initial; box-sizing: border-box; -webkit-tap-highlight-color: rgba(0, 0, 0, 0);\"><span style=\"font-size: 11pt; font-family: Calibri, sans-serif;\">Bienaventurado el pol\u00edtico que sabe escuchar.<o:p><\/o:p><\/span><\/p>\n<p style=\"margin: 0cm 0cm 0.0001pt; background-image: initial; background-position: initial; background-size: initial; background-repeat: initial; background-attachment: initial; background-origin: initial; background-clip: initial; box-sizing: border-box; -webkit-tap-highlight-color: rgba(0, 0, 0, 0);\"><span style=\"font-size: 11pt; font-family: Calibri, sans-serif;\">Bienaventurado el pol\u00edtico que no tiene miedo\u201d.<o:p><\/o:p><\/span><\/p>\n<h2 style=\"margin-top: 0cm; line-height: normal; background-image: initial; background-position: initial; background-size: initial; background-repeat: initial; background-attachment: initial; background-origin: initial; background-clip: initial; box-sizing: border-box; -webkit-tap-highlight-color: rgba(0, 0, 0, 0);\"><span style=\"font-size: 11pt; font-family: Calibri, sans-serif;\">\u00a0<\/span><\/h2>\n<h2 style=\"margin-top: 0cm; line-height: normal; background-image: initial; background-position: initial; background-size: initial; background-repeat: initial; background-attachment: initial; background-origin: initial; background-clip: initial;\"><b><span style=\"font-size: 11pt; font-family: Calibri, sans-serif;\">Los vicios de la pol\u00edtica<o:p><\/o:p><\/span><\/b><\/h2>\n<p style=\"margin: 0cm 0cm 0.0001pt; background-image: initial; background-position: initial; background-size: initial; background-repeat: initial; background-attachment: initial; background-origin: initial; background-clip: initial; box-sizing: border-box; -webkit-tap-highlight-color: rgba(0, 0, 0, 0);\"><span style=\"font-size: 11pt; font-family: Calibri, sans-serif;\">El Papa Bergoglio afronta asimismo los vicios que tampoco falta en el \u00e1mbito pol\u00edtico y que se deben tanto \u201ca la ineptitud personal como a distorsiones en el ambiente y en las instituciones\u201d.<o:p><\/o:p><\/span><\/p>\n<p style=\"margin: 0cm 0cm 0.0001pt; background-image: initial; background-position: initial; background-size: initial; background-repeat: initial; background-attachment: initial; background-origin: initial; background-clip: initial; box-sizing: border-box; -webkit-tap-highlight-color: rgba(0, 0, 0, 0);\"><span style=\"font-size: 11pt; font-family: Calibri, sans-serif;\">\u00a0<\/span><\/p>\n<p style=\"margin: 0cm 0cm 0.0001pt; text-align: justify; background-image: initial; background-position: initial; background-size: initial; background-repeat: initial; background-attachment: initial; background-origin: initial; background-clip: initial;\"><span style=\"font-size: 11pt; font-family: Calibri, sans-serif;\">Por eso afirma que \u201cestos vicios, que socavan el ideal de una democracia aut\u00e9ntica, son la verg\u00fcenza de la vida p\u00fablica y ponen en peligro la paz social: la corrupci\u00f3n \u2013 en sus m\u00faltiples formas de apropiaci\u00f3n indebida de bienes p\u00fablicos o de aprovechamiento de las personas\u00a0 \u2013 la negaci\u00f3n del derecho, el incumplimiento de las normas comunitarias, el enriquecimiento ilegal, la justificaci\u00f3n del poder mediante la fuerza o con el pretexto arbitrario de la \u2018raz\u00f3n de Estado\u2019, la tendencia a perpetuarse en el poder, la xenofobia y el racismo, el rechazo al cuidado de la Tierra, la explotaci\u00f3n ilimitada de los recursos naturales por un beneficio inmediato, el desprecio de los que se han visto obligados a ir al exilio\u201d.<o:p><\/o:p><\/span><\/p>\n<p style=\"margin: 0cm 0cm 0.0001pt; background-image: initial; background-position: initial; background-size: initial; background-repeat: initial; background-attachment: initial; background-origin: initial; background-clip: initial;\"><span style=\"font-size: 11pt; font-family: Calibri, sans-serif;\">\u00a0<\/span><\/p>\n<h2 style=\"margin-top: 0cm; line-height: normal; background-image: initial; background-position: initial; background-size: initial; background-repeat: initial; background-attachment: initial; background-origin: initial; background-clip: initial; box-sizing: border-box; -webkit-tap-highlight-color: rgba(0, 0, 0, 0);\"><b style=\"mso-bidi-font-weight:normal;box-sizing: border-box;-webkit-tap-highlight-color: rgba(0, 0, 0, 0)\"><span style=\"font-size: 11pt; font-family: Calibri, sans-serif;\">La buena pol\u00edtica promueve la participaci\u00f3n de los j\u00f3venes<o:p><\/o:p><\/span><\/b><\/h2>\n<p style=\"margin: 0cm 0cm 0.0001pt; background-image: initial; background-position: initial; background-size: initial; background-repeat: initial; background-attachment: initial; background-origin: initial; background-clip: initial; box-sizing: border-box; -webkit-tap-highlight-color: rgba(0, 0, 0, 0);\"><span style=\"font-size: 11pt; font-family: Calibri, sans-serif;\">El Pont\u00edfice destaca que \u201ccuando el ejercicio del poder pol\u00edtico apunta \u00fanicamente a proteger los intereses de ciertos individuos privilegiados, el futuro est\u00e1 en peligro y los j\u00f3venes pueden sentirse tentados por la desconfianza, porque se ven condenados a quedar al margen de la sociedad, sin la posibilidad de participar en un proyecto para el futuro\u201d. Mientras cuando la pol\u00edtica \u201cse traduce, concretamente, en un est\u00edmulo de los j\u00f3venes talentos y de las vocaciones que quieren realizarse, la paz se propaga en las conciencias y sobre los rostros\u201d. Adem\u00e1s de que \u2013 como escribe \u2013 \u201cla pol\u00edtica favorece la paz si se realiza, por lo tanto, reconociendo los carismas y las capacidades de cada persona\u201d.<o:p><\/o:p><\/span><\/p>\n<h2 style=\"margin-top: 0cm; line-height: normal; background-image: initial; background-position: initial; background-size: initial; background-repeat: initial; background-attachment: initial; background-origin: initial; background-clip: initial; box-sizing: border-box; -webkit-tap-highlight-color: rgba(0, 0, 0, 0);\"><span style=\"font-size: 11pt; font-family: Calibri, sans-serif;\">\u00a0<\/span><\/h2>\n<h2 style=\"margin-top: 0cm; line-height: normal; background-image: initial; background-position: initial; background-size: initial; background-repeat: initial; background-attachment: initial; background-origin: initial; background-clip: initial;\"><b><span style=\"font-size: 11pt; font-family: Calibri, sans-serif;\">No a la guerra ni a la estrategia del miedo<o:p><\/o:p><\/span><\/b><\/h2>\n<p style=\"margin: 0cm 0cm 0.0001pt; background-image: initial; background-position: initial; background-size: initial; background-repeat: initial; background-attachment: initial; background-origin: initial; background-clip: initial; box-sizing: border-box; -webkit-tap-highlight-color: rgba(0, 0, 0, 0);\"><span style=\"font-size: 11pt; font-family: Calibri, sans-serif;\">Tras un siglo del fin de la Primera Guerra Mundial, \u201cy con el recuerdo de los j\u00f3venes ca\u00eddos durante aquellos combates y las poblaciones civiles devastadas\u201d el Santo Padre afirma que \u201cconocemos mejor que nunca la terrible ense\u00f1anza de las guerras fratricidas\u201d, de modo que \u201cla paz jam\u00e1s puede reducirse al simple equilibrio de la fuerza y el miedo\u201d. Y tambi\u00e9n porque \u201cmantener al otro bajo amenaza significa reducirlo al estado de objeto y negarle la dignidad\u201d.<o:p><\/o:p><\/span><\/p>\n<h2 style=\"margin-top: 0cm; line-height: normal; background-image: initial; background-position: initial; background-size: initial; background-repeat: initial; background-attachment: initial; background-origin: initial; background-clip: initial; box-sizing: border-box; -webkit-tap-highlight-color: rgba(0, 0, 0, 0);\"><span style=\"font-size: 11pt; font-family: Calibri, sans-serif;\">\u00a0<\/span><\/h2>\n<h2 style=\"margin-top: 0cm; text-align: justify; line-height: normal; background-image: initial; background-position: initial; background-size: initial; background-repeat: initial; background-attachment: initial; background-origin: initial; background-clip: initial;\"><b><span style=\"font-size: 11pt; font-family: Calibri, sans-serif;\">La paz se basa en el respeto de cada persona<o:p><\/o:p><\/span><\/b><\/h2>\n<p style=\"margin: 0cm 0cm 0.0001pt; background-image: initial; background-position: initial; background-size: initial; background-repeat: initial; background-attachment: initial; background-origin: initial; background-clip: initial; box-sizing: border-box; -webkit-tap-highlight-color: rgba(0, 0, 0, 0);\"><span style=\"font-size: 11pt; font-family: Calibri, sans-serif;\">\u00c9sta es la raz\u00f3n \u2013 a\u00f1ade Francisco \u2013 por la que reafirmamos que el incremento de la intimidaci\u00f3n, as\u00ed como la proliferaci\u00f3n incontrolada de las armas son contrarios a la moral y a la b\u00fasqueda de una verdadera concordia\u201d. Por eso no duda en afirmar que \u201cno son aceptables los discursos pol\u00edticos que tienden a culpabilizar a los migrantes de todos los males y a privar a los pobres de la esperanza\u201d.<o:p><\/o:p><\/span><\/p>\n<p style=\"margin: 0cm 0cm 0.0001pt; background-image: initial; background-position: initial; background-size: initial; background-repeat: initial; background-attachment: initial; background-origin: initial; background-clip: initial; box-sizing: border-box; -webkit-tap-highlight-color: rgba(0, 0, 0, 0);\"><span style=\"font-size: 11pt; font-family: Calibri, sans-serif;\">El pensamiento del Pont\u00edfice tambi\u00e9n se dirige \u201ca los ni\u00f1os que viven en las zonas de conflicto, y a todos los que se esfuerzan para que sus vidas y sus derechos sean protegidos\u201d. Por eso recuerda que en nuestro mundo, \u201cuno de cada seis ni\u00f1os sufre a causa de la violencia de la guerra y de sus consecuencias, e incluso es reclutado para convertirse en soldado o reh\u00e9n de grupos armados\u201d. De ah\u00ed que el \u201ctestimonio de cuantos se comprometen en la defensa de la dignidad y el respeto de los ni\u00f1os\u201d sea sumamente precioso para el futuro de la humanidad.<o:p><\/o:p><\/span><\/p>\n<h2 style=\"margin-top: 0cm; line-height: normal; background-image: initial; background-position: initial; background-size: initial; background-repeat: initial; background-attachment: initial; background-origin: initial; background-clip: initial; box-sizing: border-box; -webkit-tap-highlight-color: rgba(0, 0, 0, 0);\"><span style=\"font-size: 11pt; font-family: Calibri, sans-serif;\">\u00a0<\/span><\/h2>\n<h2 style=\"margin-top: 0cm; line-height: normal; background-image: initial; background-position: initial; background-size: initial; background-repeat: initial; background-attachment: initial; background-origin: initial; background-clip: initial;\"><b><span style=\"font-size: 11pt; font-family: Calibri, sans-serif;\">Un gran proyecto de paz<o:p><\/o:p><\/span><\/b><\/h2>\n<p style=\"margin: 0cm 0cm 0.0001pt; background-image: initial; background-position: initial; background-size: initial; background-repeat: initial; background-attachment: initial; background-origin: initial; background-clip: initial; box-sizing: border-box; -webkit-tap-highlight-color: rgba(0, 0, 0, 0);\"><span style=\"font-size: 11pt; font-family: Calibri, sans-serif;\">El Obispo de Roma recuerda que en estos d\u00edas celebramos los setenta a\u00f1os de la Declaraci\u00f3n Universal de los Derechos Humanos, que fue adoptada despu\u00e9s del segundo conflicto mundial. Por eso trae a la memoria una observaci\u00f3n del Papa San Juan XXIII: \u201cCuando en un hombre surge la conciencia de los propios derechos, es necesario que aflore tambi\u00e9n la de las propias obligaciones; de forma que aquel que posee determinados derechos tiene asimismo, como expresi\u00f3n de su dignidad, la obligaci\u00f3n de exigirlos, mientras los dem\u00e1s tienen el deber de reconocerlos y respetarlos\u201d.<o:p><\/o:p><\/span><\/p>\n<p style=\"margin: 0cm 0cm 0.0001pt; background-image: initial; background-position: initial; background-size: initial; background-repeat: initial; background-attachment: initial; background-origin: initial; background-clip: initial;\"><span style=\"font-size: 11pt; font-family: Calibri, sans-serif;\">\u00a0<\/span><\/p>\n<p style=\"margin: 0cm 0cm 0.0001pt; background-image: initial; background-position: initial; background-size: initial; background-repeat: initial; background-attachment: initial; background-origin: initial; background-clip: initial; box-sizing: border-box; -webkit-tap-highlight-color: rgba(0, 0, 0, 0);\"><span style=\"font-size: 11pt; font-family: Calibri, sans-serif;\">La paz \u2013 escribe el Santo Padre \u2013 \u201ces fruto de un gran proyecto pol\u00edtico que se funda en la responsabilidad rec\u00edproca y la interdependencia de los seres humanos, pero es tambi\u00e9n un desaf\u00edo que exige ser acogido d\u00eda tras d\u00eda. La paz es una conversi\u00f3n del coraz\u00f3n y del alma, y es f\u00e1cil reconocer tres dimensiones inseparables de esta paz interior y comunitaria:<o:p><\/o:p><\/span><\/p>\n<p style=\"margin: 0cm 0cm 0.0001pt 36pt; text-indent: -18pt; background-image: initial; background-position: initial; background-size: initial; background-repeat: initial; background-attachment: initial; background-origin: initial; background-clip: initial; box-sizing: border-box; -webkit-tap-highlight-color: rgba(0, 0, 0, 0);\"><!--[if !supportLists]--><span style=\"font-size: 11pt; font-family: Calibri, sans-serif;\">&#8211;<span style=\"font-variant-numeric: normal; font-variant-east-asian: normal; font-stretch: normal; font-size: 7pt; line-height: normal; font-family: \"Times New Roman\";\">\u00a0\u00a0\u00a0\u00a0\u00a0\u00a0\u00a0\u00a0\u00a0 <\/span><\/span><!--[endif]--><span style=\"font-size: 11pt; font-family: Calibri, sans-serif;\">la paz con nosotros mismos, rechazando la intransigencia, la ira, la impaciencia y \u2013 como aconsejaba san Francisco de Sales \u2013 <i>teniendo un poco de dulzura consigo mismo<\/i>, para ofrecer <i>un poco de dulzura a los dem\u00e1s<\/i>;<o:p><\/o:p><\/span><\/p>\n<p style=\"margin: 0cm 0cm 0.0001pt 36pt; text-indent: -18pt; background-image: initial; background-position: initial; background-size: initial; background-repeat: initial; background-attachment: initial; background-origin: initial; background-clip: initial; box-sizing: border-box; -webkit-tap-highlight-color: rgba(0, 0, 0, 0);\"><!--[if !supportLists]--><span style=\"font-size: 11pt; font-family: Calibri, sans-serif;\">&#8211;<span style=\"font-variant-numeric: normal; font-variant-east-asian: normal; font-stretch: normal; font-size: 7pt; line-height: normal; font-family: \"Times New Roman\";\">\u00a0\u00a0\u00a0\u00a0\u00a0\u00a0\u00a0\u00a0\u00a0 <\/span><\/span><!--[endif]--><span style=\"font-size: 11pt; font-family: Calibri, sans-serif;\">la paz con el otro: el familiar, el amigo, el extranjero, el pobre, el que sufre&#8230;; atrevi\u00e9ndose al encuentro y escuchando el mensaje que lleva consigo;<o:p><\/o:p><\/span><\/p>\n<p style=\"margin: 0cm 0cm 0.0001pt 36pt; text-indent: -18pt; background-image: initial; background-position: initial; background-size: initial; background-repeat: initial; background-attachment: initial; background-origin: initial; background-clip: initial; box-sizing: border-box; -webkit-tap-highlight-color: rgba(0, 0, 0, 0);\"><!--[if !supportLists]--><span style=\"font-size: 11pt; font-family: Calibri, sans-serif;\">&#8211;<span style=\"font-variant-numeric: normal; font-variant-east-asian: normal; font-stretch: normal; font-size: 7pt; line-height: normal; font-family: \"Times New Roman\";\">\u00a0\u00a0\u00a0\u00a0\u00a0\u00a0\u00a0\u00a0\u00a0 <\/span><\/span><!--[endif]--><span style=\"font-size: 11pt; font-family: Calibri, sans-serif;\">la paz con la creaci\u00f3n, redescubriendo la grandeza del don de Dios y la parte de responsabilidad que corresponde a cada uno de nosotros, como habitantes del mundo, ciudadanos y art\u00edfices del futuro\u201d.<o:p><\/o:p><\/span><\/p>\n<h2 style=\"margin-top: 0cm; line-height: normal; background-image: initial; background-position: initial; background-size: initial; background-repeat: initial; background-attachment: initial; background-origin: initial; background-clip: initial; box-sizing: border-box; -webkit-tap-highlight-color: rgba(0, 0, 0, 0);\"><span style=\"font-size: 11pt; font-family: Calibri, sans-serif;\">\u00a0<\/span><\/h2>\n<h2 style=\"margin-top: 0cm; line-height: normal; background-image: initial; background-position: initial; background-size: initial; background-repeat: initial; background-attachment: initial; background-origin: initial; background-clip: initial;\"><b><span style=\"font-size: 11pt; font-family: Calibri, sans-serif;\">La pol\u00edtica de la paz puede recurrir al esp\u00edritu del Magn\u00edficat<o:p><\/o:p><\/span><\/b><\/h2>\n<p style=\"margin: 0cm 0cm 0.0001pt; background-image: initial; background-position: initial; background-size: initial; background-repeat: initial; background-attachment: initial; background-origin: initial; background-clip: initial; box-sizing: border-box; -webkit-tap-highlight-color: rgba(0, 0, 0, 0);\"><span style=\"font-size: 11pt; font-family: Calibri, sans-serif;\">S\u00ed, porque \u201cMar\u00eda, Madre de Cristo salvador y Reina de la paz \u2013 afirma Francisco \u2013 canta en nombre de todos los hombres: \u2018Su misericordia llega a sus fieles de generaci\u00f3n en generaci\u00f3n. \u00c9l hace proezas con su brazo: dispersa a los soberbios de coraz\u00f3n, derriba del trono a los poderosos y enaltece a los humildes; [\u2026] acord\u00e1ndose de la misericordia como lo hab\u00eda prometido a nuestros padres en favor de Abrah\u00e1n y su descendencia por siempre\u2019\u201d.<o:p><\/o:p><\/span><\/p>\n<p class=\"MsoNormal\" style=\"margin-bottom:0cm;margin-bottom:.0001pt;line-height:\nnormal\"><o:p>\u00a0<\/o:p><\/p>\n<p><i>Tomado de: VATICAN NEWS. Por <span style=\"background-image: initial; background-position: initial; background-size: initial; background-repeat: initial; background-attachment: initial; background-origin: initial; background-clip: initial;\">Mar\u00eda Fernanda Bernasconi. Ciudad del Vaticano. 18 de diciembre de 2018.<\/span><\/i>\u00a0<\/p>\n<p><a href=\"http:\/\/web.hilo.org.pe\/wp-content\/uploads\/paz.jpeg\" target=\"_blank\" rel=\"noopener\">Ver archivo adjunto<\/a><\/p>\n","protected":false},"excerpt":{"rendered":"<p>\u201cLa pol\u00edtica, si se lleva a cabo en el respeto fundamental de la vida, la libertad y la dignidad de las personas, puede convertirse verdaderamente en una forma eminente de la caridad\u201d. Lo escribe el Santo Padre en su Mensaje para la 52\u00aa Jornada Mundial de la Paz que se celebrar\u00e1 el pr\u00f3ximo 1\u00b0 de enero.<\/p>\n","protected":false},"author":1,"featured_media":7973,"comment_status":"closed","ping_status":"closed","sticky":false,"template":"","format":"standard","meta":{"footnotes":""},"categories":[9],"tags":[],"class_list":["post-3200","post","type-post","status-publish","format-standard","has-post-thumbnail","hentry","category-noticias"],"_links":{"self":[{"href":"https:\/\/ceas.org.pe\/index.php\/wp-json\/wp\/v2\/posts\/3200","targetHints":{"allow":["GET"]}}],"collection":[{"href":"https:\/\/ceas.org.pe\/index.php\/wp-json\/wp\/v2\/posts"}],"about":[{"href":"https:\/\/ceas.org.pe\/index.php\/wp-json\/wp\/v2\/types\/post"}],"author":[{"embeddable":true,"href":"https:\/\/ceas.org.pe\/index.php\/wp-json\/wp\/v2\/users\/1"}],"replies":[{"embeddable":true,"href":"https:\/\/ceas.org.pe\/index.php\/wp-json\/wp\/v2\/comments?post=3200"}],"version-history":[{"count":1,"href":"https:\/\/ceas.org.pe\/index.php\/wp-json\/wp\/v2\/posts\/3200\/revisions"}],"predecessor-version":[{"id":6018,"href":"https:\/\/ceas.org.pe\/index.php\/wp-json\/wp\/v2\/posts\/3200\/revisions\/6018"}],"wp:featuredmedia":[{"embeddable":true,"href":"https:\/\/ceas.org.pe\/index.php\/wp-json\/wp\/v2\/media\/7973"}],"wp:attachment":[{"href":"https:\/\/ceas.org.pe\/index.php\/wp-json\/wp\/v2\/media?parent=3200"}],"wp:term":[{"taxonomy":"category","embeddable":true,"href":"https:\/\/ceas.org.pe\/index.php\/wp-json\/wp\/v2\/categories?post=3200"},{"taxonomy":"post_tag","embeddable":true,"href":"https:\/\/ceas.org.pe\/index.php\/wp-json\/wp\/v2\/tags?post=3200"}],"curies":[{"name":"wp","href":"https:\/\/api.w.org\/{rel}","templated":true}]}}